
{"id":94660,"date":"2021-02-13T02:54:45","date_gmt":"2021-02-13T02:54:45","guid":{"rendered":"https:\/\/ujkafe.website\/?p=94660"},"modified":"2021-02-13T05:18:38","modified_gmt":"2021-02-13T05:18:38","slug":"szekedi-ferenc-arcok-szavak-emlekek-132","status":"publish","type":"post","link":"https:\/\/ujkafe.website\/?p=94660","title":{"rendered":"Sz\u00e9kedi Ferenc: Arcok, szavak, eml\u00e9kek (132.)"},"content":{"rendered":"<h2><em><strong>Bajk\u00f3 Tibor: Sz\u00e9kelyf\u00f6ldi Lovas \u00dcnnep.<\/strong><\/em><\/h2>\n<p><em><strong>(Kiadja a Kriegel Sportklub, Mark House Kiad\u00f3, Gyergy\u00f3szentmikl\u00f3s, 2019)<\/strong><\/em><\/p>\n<p>Roppant k\u00edv\u00e1ncsi vagyok, a cs\u00edkszeredai polg\u00e1rmesteri hivatal 2020-ben beiktatott \u00faj vezet\u0151s\u00e9ge mik\u00e9nt tud majd megbirk\u00f3zni a parlagon hever\u0151, rom- \u00e9s rozsdahalmaz szeredai borv\u00edzf\u00fcrd\u0151 \u00fajraind\u00edt\u00e1s\u00e1val.<!--more--><br \/>\nAlap\u00edt\u00e1s\u00e1t\u00f3l kezdve, t\u00f6rt\u00e9nelm\u00e9nek minden szakasz\u00e1t nem \u00e9ltem \u00e1t, de kisgyermekk\u00e9nt j\u00f3l eml\u00e9kszem, amikor egy f\u00fclk\u00e9kt\u0151l elker\u00edtett medenc\u00e9be zuhogott al\u00e1 a v\u00edz. Ez volt a n\u0151i. \u00c9s arra is, hogy kint volt a vegyes, egy magasra \u00e9p\u00edtett fa napoz\u00f3val elv\u00e1lasztva. Majd lett t\u00f6bb medence, \u00e9s az akkor m\u00e9g tiszta v\u00edz\u0171, szab\u00e1lyozatlan Olt jelentette a f\u00fcrd\u0151 term\u00e9szetes hat\u00e1r\u00e1t. Zs\u00f6g\u00f6db\u0151l, a r\u00e9ten \u00e1t, a r\u00e9gi v\u00e1g\u00f3h\u00edd mellett, gyalog lehetett felj\u00e1rni \u00e9s ak\u00e1r az Oltban \u00faszva hazat\u00e9rni.<br \/>\n\u00c9s micsoda \u00f6r\u00f6m volt, amikor az olimpiai m\u00e9ret\u0171 medenc\u00e9t is meg\u00e9p\u00edtett\u00e9k. S\u0151t, meleg f\u00fcrd\u0151t, vend\u00e9gl\u0151t \u00e9s minden m\u00e1st, amelyeket a medenc\u00e9kkel egy\u00fctt, mai sz\u00f3haszn\u00e1lattal, nyugodtan nevezhetn\u00e9nk ak\u00e1r az egyetlen erd\u00e9lyi borvizes Aquaparknak.<br \/>\nAzut\u00e1n elkezdtek f\u00farogatni. Megcsappant az \u00f6nmag\u00e1t\u00f3l a medenc\u00e9kbe \u00f6ml\u0151 borv\u00edz. \u00dagy j\u00e1rtak, mint az Olt szab\u00e1lyoz\u00e1s\u00e1val. Lev\u00e1gt\u00e1k a kanyarokat, a gyorsabb foly\u00e1s miatt lecs\u00f6kkent a talajv\u00edz szintje, elt\u0171ntek a foly\u00f3 menti borv\u00edzforr\u00e1sok \u00e9s kisz\u00e1radt a t\u0151zeg, hogy a t\u0171zkasz\u00e1l\u00e1sok eredm\u00e9nyek\u00e9nt majd \u00e9veken \u00e1t f\u00fcst\u00f6l\u00f6gj\u00f6n.<br \/>\n\u00cdgy f\u00fcst\u00f6lg\u00f6tt el a f\u00fcrd\u0151 m\u00faltja is. S\u0151t, a mellette lev\u0151 ter\u00fcletek\u00e9vel egy\u00fctt. A rom\u00e1niai fordulat ut\u00e1n Adorj\u00e1n K\u00e1roly m\u00e9rn\u00f6k megpr\u00f3b\u00e1lta egy r\u00e9sz\u00fcket d\u00edjugrat\u00f3 lovasversenyek sz\u00ednhely\u00e9v\u00e9 tenni, de hal\u00e1l\u00e1val, majd egy kis arab k\u00f6zvet\u00edt\u00e9ssel, a lovakat is, a p\u00e1ly\u00e1kat is elvitte a piacgazdas\u00e1g.<br \/>\nCsup\u00e1n n\u00e9h\u00e1ny szenved\u00e9lyes versenyz\u0151 nem hagyta mag\u00e1t \u00e9s pr\u00f3b\u00e1lt tov\u00e1bbra is nem csak l\u00f3ra \u00fclni, hanem saj\u00e1t l\u00e1b\u00e1ra \u00e1llni. \u0150k jelentett\u00e9k a cs\u00edr\u00e1it egy olyan \u00faj mozgalomnak, amely oda vezetett, hogy mik\u00f6zben a lovasszekerek j\u00f3r\u00e9szt elt\u0171ntek a f\u0151- majd a mell\u00e9kutakr\u00f3l is, a lovak visszat\u00e9rtek. Mag\u00e1nist\u00e1ll\u00f3kba, klubokba, lovard\u00e1kba. Husz\u00e1ros hagyom\u00e1ny\u0151rz\u00e9sek t\u00e1rsaik\u00e9nt. Term\u00e9szetj\u00e1r\u00f3 turizmus kell\u00e9keik\u00e9nt. Falu- \u00e9s v\u00e1rosnapok vagy m\u00e1s nagyobb rendezv\u00e9nyek f\u0151- \u00e9s mell\u00e9kszerepl\u0151ik\u00e9nt. N\u00e9ha nagyon is amat\u0151rk\u00f6dve, m\u00e1skor azonban a bemutat\u00f3k \u00e9s a versenyek m\u00f6g\u00f6tti kem\u00e9ny szak\u00e9rtelemmel \u00e9s t\u00f6retlen szervez\u0151k\u00e9szs\u00e9ggel.<br \/>\nAmikor 2019 \u0151sz\u00e9n, az egyik cs\u00edkszeredai \u00fatmenti \u00e9tteremben, a gyergy\u00f3i szerz\u0151 \u00e1tadta nekem a k\u00f6nyv\u00e9t, t\u00f6bb sz\u00e1zan gy\u0171ltek \u00f6ssze. Gyermekek, fiatalok \u00e9s id\u0151sebbek. \u00c9s valamennyien olyan tisztelettel tekintettek \u00e9s \u00fagy hallgattak a k\u00f6z\u00e9pen \u00e1ll\u00f3 Bajk\u00f3 Tiborra (1967), fogathajt\u00f3ra \u00e9s sportmesterre, amint azt valamikor a cselg\u00e1ncsosokn\u00e1l l\u00e1ttam, amikor meg\u00e9rkezett k\u00f6z\u00e9j\u00fck a nem tudom milyen sz\u00edn\u0171 \u00f6ves jap\u00e1n vagy koreai Mester.<br \/>\nEbb\u0151l a t\u00f6bb mint k\u00e9tsz\u00e1z oldalas, f\u00e9nyk\u00e9pekkel gazdagon illusztr\u00e1lt k\u00f6tetb\u0151l kider\u00fcl, hogy mi \u00e1ll egy \u00e9let, egy szenved\u00e9ly \u00e9s a gyergy\u00f3i, valamint sz\u00e9lesebb hat\u00f3sug\u00e1rban, a sz\u00e9kelyf\u00f6ldi lovas foglalatoss\u00e1gok \u00fajj\u00e1sz\u00fclet\u00e9s\u00e9nek a h\u00e1tter\u00e9ben. \u00c9s mit kell m\u00e9g tenni a j\u00f6v\u0151ben, ha j\u00e1rv\u00e1ny m\u00falt\u00e1n \u00fajra visszat\u00e9r a teljesebb \u00e9let.<br \/>\nA szerz\u0151 \u0151szint\u00e9n, olvasm\u00e1nyosan fogalmazza meg mondanival\u00f3j\u00e1t, egyetlen szav\u00e1val sem akarja az olvas\u00f3t l\u00f3v\u00e1 tenni. De hogy a k\u00f6nyv let\u00e9tele ut\u00e1n l\u00f3szeret\u0151 \u00e9s \u00e1llatbar\u00e1t v\u00e1lik bel\u0151le, az szinte bizonyos.<\/p>\n<p><a href=\"https:\/\/ujkafe.website\/wp-content\/uploads\/2021\/02\/132.jpg\"><img loading=\"lazy\" decoding=\"async\" class=\"alignnone  wp-image-94663\" src=\"https:\/\/ujkafe.website\/wp-content\/uploads\/2021\/02\/132-273x300.jpg\" alt=\"\" width=\"438\" height=\"481\" srcset=\"https:\/\/ujkafe.website\/wp-content\/uploads\/2021\/02\/132-273x300.jpg 273w, https:\/\/ujkafe.website\/wp-content\/uploads\/2021\/02\/132-768x844.jpg 768w, https:\/\/ujkafe.website\/wp-content\/uploads\/2021\/02\/132-931x1024.jpg 931w, https:\/\/ujkafe.website\/wp-content\/uploads\/2021\/02\/132.jpg 1509w\" sizes=\"auto, (max-width: 438px) 100vw, 438px\" \/><\/a><\/p>\n","protected":false},"excerpt":{"rendered":"<p>Bajk\u00f3 Tibor: Sz\u00e9kelyf\u00f6ldi Lovas \u00dcnnep. (Kiadja a Kriegel Sportklub, Mark House Kiad\u00f3, Gyergy\u00f3szentmikl\u00f3s, 2019) Roppant k\u00edv\u00e1ncsi vagyok, a cs\u00edkszeredai polg\u00e1rmesteri hivatal 2020-ben beiktatott \u00faj vezet\u0151s\u00e9ge mik\u00e9nt tud majd megbirk\u00f3zni a parlagon hever\u0151, rom- \u00e9s rozsdahalmaz szeredai borv\u00edzf\u00fcrd\u0151 \u00fajraind\u00edt\u00e1s\u00e1val.<\/p>\n","protected":false},"author":3,"featured_media":0,"comment_status":"open","ping_status":"open","sticky":false,"template":"","format":"standard","meta":{"_monsterinsights_skip_tracking":false,"_monsterinsights_sitenote_active":false,"_monsterinsights_sitenote_note":"","_monsterinsights_sitenote_category":0,"ngg_post_thumbnail":0,"footnotes":""},"categories":[120],"tags":[],"class_list":["post-94660","post","type-post","status-publish","format-standard","hentry","category-essze"],"_links":{"self":[{"href":"https:\/\/ujkafe.website\/index.php?rest_route=\/wp\/v2\/posts\/94660","targetHints":{"allow":["GET"]}}],"collection":[{"href":"https:\/\/ujkafe.website\/index.php?rest_route=\/wp\/v2\/posts"}],"about":[{"href":"https:\/\/ujkafe.website\/index.php?rest_route=\/wp\/v2\/types\/post"}],"author":[{"embeddable":true,"href":"https:\/\/ujkafe.website\/index.php?rest_route=\/wp\/v2\/users\/3"}],"replies":[{"embeddable":true,"href":"https:\/\/ujkafe.website\/index.php?rest_route=%2Fwp%2Fv2%2Fcomments&post=94660"}],"version-history":[{"count":0,"href":"https:\/\/ujkafe.website\/index.php?rest_route=\/wp\/v2\/posts\/94660\/revisions"}],"wp:attachment":[{"href":"https:\/\/ujkafe.website\/index.php?rest_route=%2Fwp%2Fv2%2Fmedia&parent=94660"}],"wp:term":[{"taxonomy":"category","embeddable":true,"href":"https:\/\/ujkafe.website\/index.php?rest_route=%2Fwp%2Fv2%2Fcategories&post=94660"},{"taxonomy":"post_tag","embeddable":true,"href":"https:\/\/ujkafe.website\/index.php?rest_route=%2Fwp%2Fv2%2Ftags&post=94660"}],"curies":[{"name":"wp","href":"https:\/\/api.w.org\/{rel}","templated":true}]}}