
{"id":94672,"date":"2021-02-14T02:54:49","date_gmt":"2021-02-14T02:54:49","guid":{"rendered":"https:\/\/ujkafe.website\/?p=94672"},"modified":"2021-02-12T19:25:16","modified_gmt":"2021-02-12T19:25:16","slug":"szekedi-ferenc-arcok-szavak-emlekek-133","status":"publish","type":"post","link":"https:\/\/ujkafe.website\/?p=94672","title":{"rendered":"Sz\u00e9kedi Ferenc: Arcok, szavak, eml\u00e9kek (133.)"},"content":{"rendered":"<h2><em><strong>M\u00f3ser Zolt\u00e1n: Mint erd\u0151ben a vadnyom. J\u00f3zsef Attil\u00e1hoz vezet\u0151 k\u00e9pek.<\/strong><\/em><\/h2>\n<p><em><strong>(P\u00e1zm\u00e1ny P\u00e9ter Katolikus Egyetem, Piliscsaba, 2005)<\/strong><\/em><\/p>\n<p>\u00c9vnyi pontoss\u00e1ggal m\u00e1r nem eml\u00e9kszem, hogy mikor j\u00e1rtam el\u0151sz\u00f6r a piliscsabai P\u00e1zm\u00e1ny P\u00e9ter Katolikus Egyetemen. Voltak\u00e9ppen Piliscsab\u00e1n, ott mondt\u00e1k, hogy ugorjak \u00e1t a Klotild-telepr\u0151l, mert \u00e9rdekes \u00e9p\u00fcleteket l\u00e1tok. Egy magamfajta sz\u00e9kelyf\u00f6ldinek val\u00f3ban azok voltak.<!--more--> Akkoriban nem volt m\u00e9g sem mobiltelefonom, sem f\u00e9nyk\u00e9pez\u0151g\u00e9pem, \u00edgy csup\u00e1n eml\u00e9kezetem \u0151rizte meg az els\u0151 benyom\u00e1sokat: a furcsa kupol\u00e1kat \u00e9s tornyokat, k\u00fcl\u00f6nb\u00f6z\u0151 sz\u0171k \u00e9s z\u00e1rt folyos\u00f3kat, amelyek mondjuk egy h\u00e1romsz\u00f6g alak\u00fa teremb\u0151l egy k\u00f6r alap\u00faba vittek, valamif\u00e9le k\u0151be \u00e9s f\u00e1ba z\u00e1rt mot\u00edvumok k\u00f6z\u00f6tt, amelyeket Coca Cola \u00e9s k\u00e1v\u00e9automat\u00e1k szeg\u00e9lyeztek. \u00c9s eml\u00e9kszem m\u00e9g n\u00e9h\u00e1ny latin feliratra: Augustineum, Iustineum, Abrosianum. A refekt\u00f3riummal nem volt k\u00fcl\u00f6n\u00f6sebb gondom, mert tudtam, hogy \u00edgy h\u00edvt\u00e1k a cs\u00edksomly\u00f3i ferences kolostorban is azt az eb\u00e9dl\u0151t, ahonnan egykor befalazott k\u00f6nyvek ker\u00fcltek el\u0151.<br \/>\nAz igazs\u00e1g, hogy ut\u00e1na kezdtem t\u00f6bbet olvasni Makovecz organikus \u00e9p\u00edt\u00e9szet\u00e9r\u0151l, a h\u00e1tt\u00e9rben \u00e1ll\u00f3 ideol\u00f3gi\u00e1r\u00f3l \u00e9s szeml\u00e9letm\u00f3dr\u00f3l. Eml\u00e9kszem, n\u00e9h\u00e1ny egyetemist\u00e1t akkor meg is k\u00e9rdeztem: hogy \u00e9rzik magukat ezekben a furcsa termekben? Kiss\u00e9 szorongok \u2013 mondta az egyik\u00fck \u00e9s nem csod\u00e1lkoztam, hisz az ember nemzed\u00e9kek \u00f3ta n\u00e9gysz\u00f6glet\u0171 termekben \u00e9li \u00e1t az iskola\u00e9veit. Node h\u00e1t minden v\u00e1ltozik \u2013 ezt mondogattam magamban akkor is, amikor Cs\u00edkszered\u00e1ban az \u00e9p\u00edt\u00e9szeti-gy\u00f6ngyszem Makovecz-templomban r\u00e1j\u00f6ttem, hogy itt k\u00f6rk\u00f6r\u00f6sen mindent l\u00e1tok \u00e9s minden m\u00e1s, ahogyan \u00e1ltal\u00e1ban megszoktuk: a hagyom\u00e1nyos templomok ugyanis mindeddig ny\u00edlegyenesen az olt\u00e1rhoz \u00e9s nem a szemben \u00fcl\u0151kh\u00f6z vonzott\u00e1k a h\u00edvek tekintet\u00e9t.<br \/>\nM\u00f3ser Zolt\u00e1n (1946) az ezredfordul\u00f3 ut\u00e1n tan\u00edtott ezen az egyetemen, amelyet most \u00e1ll\u00edt\u00f3lag elk\u00f6lt\u00f6ztetnek. Bud\u00e1n, majd Piliscsab\u00e1n lak\u00f3 bar\u00e1taimt\u00f3l aj\u00e1nd\u00e9kk\u00e9nt rengeteg k\u00f6nyv\u00e9t megkaptam a n\u00e9prajzos fot\u00f3m\u0171v\u00e9sznek, de a dedik\u00e1ltat m\u00e1r Cs\u00edkszered\u00e1ban, a Pedag\u00f3gus H\u00e1zban adta \u00e1t nekem. Val\u00f3sz\u00edn\u0171, el\u0151ad\u00e1st tarthatott a pedag\u00f3gusoknak a Bolyai Ny\u00e1ri Egyetemen. Nem hiszem, hogy a fot\u00f3r\u00f3l besz\u00e9lt volna. Ink\u00e1bb a n\u00e9pm\u0171v\u00e9szetr\u0151l. Vagy a k\u00f6lt\u00e9szetr\u0151l. Vagy a zen\u00e9r\u0151l. Vagy a falusi \u00e9p\u00edt\u00e9szetr\u0151l. Vagy ki tudja m\u00e9g mir\u0151l, mert t\u00f6bb tucatnyi fot\u00f3s k\u00f6nyv\u00e9nek olvas\u00f3j\u00e1t felv\u00e9telekkel k\u00edv\u00e1nja r\u00e1hangolni egy-egy r\u00e9gi\u00f3 n\u00e9pm\u0171v\u00e9szet\u00e9re, \u00e9p\u00edt\u00e9szeti jellegzetess\u00e9geire. \u00c9s Bart\u00f3kra, Kod\u00e1lyra. Pet\u0151fire, V\u00f6r\u00f6smartyra, Illy\u00e9sre, Nagy L\u00e1szl\u00f3ra \u00e9s term\u00e9szetesen J\u00f3zsef Attil\u00e1ra.<br \/>\nEgyik oldalon egy vers, m\u00e1sik oldalon egy fot\u00f3. <em>Tal\u00e1n elt\u0171n\u00f6k hirtelen \/ ak\u00e1r erd\u0151ben a vadnyom, \/ elpazaroltam mindenem, \/ amir\u0151l sz\u00e1mot k\u00e9ne adnom<\/em> \u2013 hangzanak J\u00f3zsef Attila 1937-ben le\u00edrt l\u00e1tnoki szavai, a t\u00faloldalon lev\u0151 fot\u00f3 pedig egy m\u00e9ly \u00e1rkokat beh\u00e1l\u00f3z\u00f3 gy\u00f6kereket \u00e1br\u00e1zol valamif\u00e9le \u0151szi lev\u00e9l\u00e1gyon. Fekete-feh\u00e9ren. Mert \u00e9n M\u00f3sernek csak ilyen fot\u00f3it l\u00e1ttam.<\/p>\n<p><a href=\"https:\/\/ujkafe.website\/wp-content\/uploads\/2021\/02\/133-mosre.jpg\"><img loading=\"lazy\" decoding=\"async\" class=\"alignnone  wp-image-94674\" src=\"https:\/\/ujkafe.website\/wp-content\/uploads\/2021\/02\/133-mosre-300x175.jpg\" alt=\"\" width=\"543\" height=\"317\" srcset=\"https:\/\/ujkafe.website\/wp-content\/uploads\/2021\/02\/133-mosre-300x175.jpg 300w, https:\/\/ujkafe.website\/wp-content\/uploads\/2021\/02\/133-mosre-768x448.jpg 768w, https:\/\/ujkafe.website\/wp-content\/uploads\/2021\/02\/133-mosre-1024x597.jpg 1024w, https:\/\/ujkafe.website\/wp-content\/uploads\/2021\/02\/133-mosre.jpg 1769w\" sizes=\"auto, (max-width: 543px) 100vw, 543px\" \/><\/a><\/p>\n","protected":false},"excerpt":{"rendered":"<p>M\u00f3ser Zolt\u00e1n: Mint erd\u0151ben a vadnyom. J\u00f3zsef Attil\u00e1hoz vezet\u0151 k\u00e9pek. (P\u00e1zm\u00e1ny P\u00e9ter Katolikus Egyetem, Piliscsaba, 2005) \u00c9vnyi pontoss\u00e1ggal m\u00e1r nem eml\u00e9kszem, hogy mikor j\u00e1rtam el\u0151sz\u00f6r a piliscsabai P\u00e1zm\u00e1ny P\u00e9ter Katolikus Egyetemen. Voltak\u00e9ppen Piliscsab\u00e1n, ott mondt\u00e1k, hogy ugorjak \u00e1t a Klotild-telepr\u0151l, mert \u00e9rdekes \u00e9p\u00fcleteket l\u00e1tok. Egy magamfajta sz\u00e9kelyf\u00f6ldinek val\u00f3ban azok voltak.<\/p>\n","protected":false},"author":3,"featured_media":0,"comment_status":"open","ping_status":"open","sticky":false,"template":"","format":"standard","meta":{"_monsterinsights_skip_tracking":false,"_monsterinsights_sitenote_active":false,"_monsterinsights_sitenote_note":"","_monsterinsights_sitenote_category":0,"ngg_post_thumbnail":0,"footnotes":""},"categories":[120],"tags":[],"class_list":["post-94672","post","type-post","status-publish","format-standard","hentry","category-essze"],"_links":{"self":[{"href":"https:\/\/ujkafe.website\/index.php?rest_route=\/wp\/v2\/posts\/94672","targetHints":{"allow":["GET"]}}],"collection":[{"href":"https:\/\/ujkafe.website\/index.php?rest_route=\/wp\/v2\/posts"}],"about":[{"href":"https:\/\/ujkafe.website\/index.php?rest_route=\/wp\/v2\/types\/post"}],"author":[{"embeddable":true,"href":"https:\/\/ujkafe.website\/index.php?rest_route=\/wp\/v2\/users\/3"}],"replies":[{"embeddable":true,"href":"https:\/\/ujkafe.website\/index.php?rest_route=%2Fwp%2Fv2%2Fcomments&post=94672"}],"version-history":[{"count":0,"href":"https:\/\/ujkafe.website\/index.php?rest_route=\/wp\/v2\/posts\/94672\/revisions"}],"wp:attachment":[{"href":"https:\/\/ujkafe.website\/index.php?rest_route=%2Fwp%2Fv2%2Fmedia&parent=94672"}],"wp:term":[{"taxonomy":"category","embeddable":true,"href":"https:\/\/ujkafe.website\/index.php?rest_route=%2Fwp%2Fv2%2Fcategories&post=94672"},{"taxonomy":"post_tag","embeddable":true,"href":"https:\/\/ujkafe.website\/index.php?rest_route=%2Fwp%2Fv2%2Ftags&post=94672"}],"curies":[{"name":"wp","href":"https:\/\/api.w.org\/{rel}","templated":true}]}}