
{"id":94695,"date":"2021-02-15T02:56:59","date_gmt":"2021-02-15T02:56:59","guid":{"rendered":"https:\/\/ujkafe.website\/?p=94695"},"modified":"2021-02-14T07:40:31","modified_gmt":"2021-02-14T07:40:31","slug":"szekedi-ferenc-arcok-szavak-emlekek-134","status":"publish","type":"post","link":"https:\/\/ujkafe.website\/?p=94695","title":{"rendered":"Sz\u00e9kedi Ferenc: Arcok, szavak, eml\u00e9kek (134.)"},"content":{"rendered":"<h2><strong>P\u00e9ter I. Zolt\u00e1n: Ady. Az \u00c9rt\u0151l az oce\u00e1nig.<\/strong><\/h2>\n<p><em><strong>\u00c9letrajz. Els\u0151 k\u00f6tet (1877-1907). M\u00e1sodik k\u00f6tet (1907-1912). Harmadik k\u00f6tet (1912-1919). (V\u00e1rad Kiad\u00f3, Nagyv\u00e1rad, 2019, szakmai partnerek: Noran Libro kiad\u00f3 Budapest, Holnap Kultur\u00e1lis Egyes\u00fclet, Nagyv\u00e1rad, szerkesztette Sz\u0171cs L\u00e1szl\u00f3, bor\u00edt\u00f3terv, tipogr\u00e1fia \u00e9s nyomdai el\u0151k\u00e9sz\u00edt\u00e9s: Benk\u0151 J. Zolt\u00e1n)<\/strong><\/em><\/p>\n<p>A h\u00e1rom k\u00f6tet t\u00f6bb mint ezerk\u00e9tsz\u00e1z oldal. Nagy form\u00e1tumban. Hogy jobban elk\u00e9pzelhet\u0151 legyen: az oldalak m\u00e9retei 24&#215;22 cm. \u00d6t centivel r\u00f6videbb, de egy centivel sz\u00e9lesebb, mint \u00e1ltal\u00e1ban a k\u00f6zforgalomban lev\u0151 A4-es pap\u00edrlap.<!--more--><br \/>\nA tanulm\u00e1nyok, k\u00f6nyvek el\u0151szavaiban gyakran szokt\u00e1k \u00fagy befejezni a sz\u00f6vegeket: a teljess\u00e9g ig\u00e9nye n\u00e9lk\u00fcl.<br \/>\nNos, ez esetben az ellenkez\u0151je az igaz. A teljess\u00e9g ig\u00e9ny\u00e9vel k\u00e9sz\u00fclt ez a rendhagy\u00f3 munka, a m\u00e1r l\u00e9tez\u0151 k\u00f6nyvt\u00e1rnyi Ady-irodalomb\u00f3l \u00e9ppen ez az alapvet\u0151 szempont emeli ki.<br \/>\nM\u00e9ghozz\u00e1 \u00fagy, hogy mind a h\u00e1rom k\u00f6tet mag\u00e1ra az \u00e9let\u00fatra, ha \u00fagy tetszik, a vele \u00f6sszef\u00fcgg\u0151 b\u00e1rmif\u00e9le t\u00f6rt\u00e9n\u00e9sre-esem\u00e9nyre \u00e9s teljes kapcsolatrendszer\u00fckre \u00f6sszpontos\u00edt.<br \/>\nNem a versekre, nem a publicisztik\u00e1ra, nem a levelekre, nem a szerelmekre, nem az \u00e9rtelmez\u00e9sekre, nem az id\u0151k sor\u00e1n a k\u00f6lt\u0151 \u00e9letm\u0171v\u00e9t t\u00fckr\u00f6z\u0151 \u00e9s mindegyre \u00e1talakul\u00f3 vagy \u00f6nk\u00e9nyesen \u00e1talak\u00edtott t\u00e1rsadalmi visszhangokra, \u00e9s semmik\u00e9ppen nem a v\u00e1ltoz\u00f3 kult\u00farpolitika \u00e1ltal a magyar iskol\u00e1sk\u00f6nyvekbe k\u00fcl\u00f6nb\u00f6z\u0151 szempontok alapj\u00e1n \u00e1tsz\u0171rt s\u0171r\u00edtm\u00e9nyekbe.<br \/>\nHanem val\u00f3ban mindarra, ami Ady Endr\u00e9vel t\u00f6rt\u00e9nt az 1877. november 22.-i \u00e9rdmindszenti sz\u00fclet\u00e9s\u00e9t\u0151l eg\u00e9szen az 1919. janu\u00e1r 29.-i budapesti temet\u00e9sig. Helysz\u00edneket, f\u00f6ldrajzi \u00e9s szellemi k\u00f6rnyezetet, szem\u00e9lyeket, t\u00f6rt\u00e9n\u00e9seket, szerkeszt\u0151s\u00e9geket, kocsm\u00e1kat, k\u00e1v\u00e9h\u00e1zakat, b\u00f6rt\u00f6n\u00f6ket, templomokat, kast\u00e9lyokat, bar\u00e1tokat, sorst\u00e1rsakat, szerelmeket, utaz\u00e1sokat, betegs\u00e9geket, leveleket, korabeli \u00fajs\u00e1gt\u00f6red\u00e9keket sorakoztat fel mindh\u00e1rom k\u00f6tet, b\u00e1rmif\u00e9le vonatkoz\u00e1st a lehet\u0151 legr\u00e9szletesebben dokument\u00e1lva \u00e9s m\u00e9gis olyan olvasm\u00e1nyos \u00f6sszef\u0171z\u00e9sben, hogy m\u00e9g akkor is nehezen lehet letenni a kez\u00fcnkb\u0151l, ha roppant s\u00falyosak.<br \/>\nA nemr\u00e9g elhunyt P\u00e9ter I. Zolt\u00e1nt (1949-2020), sz\u00e1mos rom\u00e1niai \u00e9s magyarorsz\u00e1gi d\u00edjjal kit\u00fcntetett \u00edr\u00f3t, \u00fajs\u00e1g\u00edr\u00f3t, helyt\u00f6rt\u00e9n\u00e9szt eg\u00e9sz \u00e9lete sz\u00fcl\u0151v\u00e1ros\u00e1hoz, Nagyv\u00e1radhoz k\u00f6t\u00f6tte. A rom\u00e1niai rendszerv\u00e1lt\u00e1s ut\u00e1n t\u00f6bb mint k\u00e9t tucatnyi k\u00f6nyvet jelentetett meg \u00e1ltal\u00e1ban a nagyv\u00e1radi \u00e9p\u00edtett \u00f6r\u00f6ks\u00e9gr\u0151l \u00e9s k\u00fcl\u00f6n-k\u00fcl\u00f6n majd minden egyes m\u0171eml\u00e9k \u00e9p\u00fcletr\u0151l, a vend\u00e9gl\u0151kr\u0151l, a korabeli k\u00e1v\u00e9h\u00e1zi \u00e9letr\u0151l, a h\u00e1bor\u00fas r\u00e9szv\u00e9telr\u0151l. \u00c9s k\u00f6zel tucatnyit, k\u00fcl\u00f6nb\u00f6z\u0151 szempontok alapj\u00e1n, Adyr\u00f3l. De egy\u00e9rtelm\u0171, hogy \u00e9let\u00e9nek ez a h\u00e1rom \u00f6sszegez\u0151 k\u00f6tet a f\u0151m\u0171ve.<br \/>\n\u00c9s ez is bizony\u00edtja, hogy a V\u00e1rad kultur\u00e1lis foly\u00f3irat, amelynek szerkeszt\u00e9s\u00e9ben \u00e9lete utols\u00f3 \u00e9veiben f\u0151munkat\u00e1rsk\u00e9nt vett r\u00e9szt, a Holnap Kultur\u00e1lis Egyes\u00fclettel egy\u00fctt milyen \u00e9rt\u00e9keket hozott a felsz\u00ednre \u00e9s \u0151rz\u00f6tt meg a j\u00f6v\u0151nek.<br \/>\nA m\u0171vel\u0151d\u00e9si int\u00e9zm\u00e9nyk\u00e9nt tev\u00e9kenyked\u0151 foly\u00f3iratot az \u00faj Bihar megyei vezet\u00e9s megfosztotta \u00f6n\u00e1ll\u00f3 jogi szem\u00e9lyis\u00e9g\u00e9t\u0151l \u00e9s \u00e1thelyezte a megyei k\u00f6nyvt\u00e1r hat\u00e1sk\u00f6r\u00e9be, szerkeszt\u0151i munkak\u00f6z\u00f6ss\u00e9g\u00e9t a fel\u00e9re cs\u00f6kkentve \u00e9s m\u00e9g ebb\u0151l a kett\u00e9osztott \u00e1llom\u00e1nyb\u00f3l is bocs\u00e1tottak el. Ez az int\u00e9zked\u00e9s v\u00e9gre-valah\u00e1ra kiv\u00e1ltotta a Rom\u00e1niai Magyar \u00dajs\u00e1g\u00edr\u00f3k Egyes\u00fclet\u00e9nek int\u00e9zm\u00e9nyes tiltakoz\u00e1s\u00e1t. Nem tudni, mi k\u00f6vetkezik, munkajogi \u00e9s k\u00f6zigazgat\u00e1si perek vannak folyamatban, a szerkeszt\u0151k \u00daj V\u00e1rad n\u00e9ven \u00faj foly\u00f3iratban gondolkodnak.<br \/>\nAz \u00e9vtizedek sor\u00e1n a v\u00e1ros magyar \u00e9rtelmis\u00e9ge, szellemi alkot\u00f3i m\u00e1r sok megr\u00e1zk\u00f3dtat\u00e1son \u00e1tmentek \u00e9s biztos vagyok benne, hogy valamik\u00e9ppen ezen is t\u00faljutnak. \u00c9s a foly\u00f3irat, a sz\u00ednh\u00e1z, a szimfonikusok, a t\u00e1ncegy\u00fcttes, a b\u00e1bsz\u00ednh\u00e1z \u00e9s m\u00e1s m\u0171vel\u0151d\u00e9si int\u00e9zm\u00e9nyek, amelyeket \u00e9rintett az \u00e1tszervez\u00e9s, \u00fajra megtal\u00e1lj\u00e1k saj\u00e1t \u00fatjukat, hiszen Nagyv\u00e1rad a Holnap v\u00e1rosa. \u00c9s ezt a gazdagod\u00f3-gyarapod\u00f3 erd\u00e9lyi magyar holnapot \u00edg\u00e9rte a v\u00e1laszt\u00e1sok el\u0151tt az RMDSZ is. Ill\u0151 lenne, hogy imm\u00e1r korm\u00e1nytagk\u00e9nt, nagyv\u00e1radi illet\u0151s\u00e9g\u0171 miniszter\u00e9vel egy\u00fctt odategye a v\u00e1ll\u00e1t a helyzet megold\u00e1s\u00e1hoz, felold\u00e1s\u00e1hoz.<\/p>\n<p><a href=\"https:\/\/ujkafe.website\/wp-content\/uploads\/2021\/02\/ady-134.jpg\"><img loading=\"lazy\" decoding=\"async\" class=\"alignnone  wp-image-94697\" src=\"https:\/\/ujkafe.website\/wp-content\/uploads\/2021\/02\/ady-134-300x300.jpg\" alt=\"\" width=\"461\" height=\"461\" srcset=\"https:\/\/ujkafe.website\/wp-content\/uploads\/2021\/02\/ady-134-300x300.jpg 300w, https:\/\/ujkafe.website\/wp-content\/uploads\/2021\/02\/ady-134-150x150.jpg 150w\" sizes=\"auto, (max-width: 461px) 100vw, 461px\" \/><\/a><\/p>\n","protected":false},"excerpt":{"rendered":"<p>P\u00e9ter I. Zolt\u00e1n: Ady. Az \u00c9rt\u0151l az oce\u00e1nig. \u00c9letrajz. Els\u0151 k\u00f6tet (1877-1907). M\u00e1sodik k\u00f6tet (1907-1912). Harmadik k\u00f6tet (1912-1919). (V\u00e1rad Kiad\u00f3, Nagyv\u00e1rad, 2019, szakmai partnerek: Noran Libro kiad\u00f3 Budapest, Holnap Kultur\u00e1lis Egyes\u00fclet, Nagyv\u00e1rad, szerkesztette Sz\u0171cs L\u00e1szl\u00f3, bor\u00edt\u00f3terv, tipogr\u00e1fia \u00e9s nyomdai el\u0151k\u00e9sz\u00edt\u00e9s: Benk\u0151 J. Zolt\u00e1n) A h\u00e1rom k\u00f6tet t\u00f6bb mint ezerk\u00e9tsz\u00e1z oldal. Nagy form\u00e1tumban. Hogy jobban elk\u00e9pzelhet\u0151 [&hellip;]<\/p>\n","protected":false},"author":3,"featured_media":0,"comment_status":"open","ping_status":"open","sticky":false,"template":"","format":"standard","meta":{"_monsterinsights_skip_tracking":false,"_monsterinsights_sitenote_active":false,"_monsterinsights_sitenote_note":"","_monsterinsights_sitenote_category":0,"ngg_post_thumbnail":0,"footnotes":""},"categories":[120],"tags":[],"class_list":["post-94695","post","type-post","status-publish","format-standard","hentry","category-essze"],"_links":{"self":[{"href":"https:\/\/ujkafe.website\/index.php?rest_route=\/wp\/v2\/posts\/94695","targetHints":{"allow":["GET"]}}],"collection":[{"href":"https:\/\/ujkafe.website\/index.php?rest_route=\/wp\/v2\/posts"}],"about":[{"href":"https:\/\/ujkafe.website\/index.php?rest_route=\/wp\/v2\/types\/post"}],"author":[{"embeddable":true,"href":"https:\/\/ujkafe.website\/index.php?rest_route=\/wp\/v2\/users\/3"}],"replies":[{"embeddable":true,"href":"https:\/\/ujkafe.website\/index.php?rest_route=%2Fwp%2Fv2%2Fcomments&post=94695"}],"version-history":[{"count":0,"href":"https:\/\/ujkafe.website\/index.php?rest_route=\/wp\/v2\/posts\/94695\/revisions"}],"wp:attachment":[{"href":"https:\/\/ujkafe.website\/index.php?rest_route=%2Fwp%2Fv2%2Fmedia&parent=94695"}],"wp:term":[{"taxonomy":"category","embeddable":true,"href":"https:\/\/ujkafe.website\/index.php?rest_route=%2Fwp%2Fv2%2Fcategories&post=94695"},{"taxonomy":"post_tag","embeddable":true,"href":"https:\/\/ujkafe.website\/index.php?rest_route=%2Fwp%2Fv2%2Ftags&post=94695"}],"curies":[{"name":"wp","href":"https:\/\/api.w.org\/{rel}","templated":true}]}}