
{"id":94717,"date":"2021-02-17T02:52:13","date_gmt":"2021-02-17T02:52:13","guid":{"rendered":"https:\/\/ujkafe.website\/?p=94717"},"modified":"2021-02-17T05:05:30","modified_gmt":"2021-02-17T05:05:30","slug":"szekedi-ferenc-arcok-szavak-emlekek-136","status":"publish","type":"post","link":"https:\/\/ujkafe.website\/?p=94717","title":{"rendered":"Sz\u00e9kedi Ferenc: Arcok, szavak, eml\u00e9kek (136.)"},"content":{"rendered":"<h2><strong><em>K\u00f6vi S\u00e1ra: Balettka<\/em><\/strong><\/h2>\n<p><em><strong>(Bookart, Cs\u00edkszereda, 2008, szerkesztette L\u00e1ng Zsolt, tipogr\u00e1fia Hajd\u00fa \u00c1ron)<\/strong><\/em><\/p>\n<p>Ford\u00edtsuk csak a szerz\u0151 nev\u00e9t angolra: Sharon Stone. Vajon ez a m\u0171v\u00e9szi \u00e1ln\u00e9v ered\u0151je? A Basic Instinct szex-szimb\u00f3luma a vil\u00e1g sz\u00e1m\u00e1ra alighanem \u00e9ppen olyan maradt, mint 1992-ben a filmv\u00e1sznon, hi\u00e1ba t\u00f6lt\u00f6tte be az id\u00e9n a 62. \u00e9let\u00e9v\u00e9t.<br \/>\u00c9s Balettka vajon h\u00e1ny \u00e9ves? A k\u00f6nyv szerint most \u00e9ppen 13, de h\u00e1t ez a furcsa, t\u00e1ncos l\u00e1ny, vagy ink\u00e1bb fura t\u00e1ncos l\u00e9ny, aki \u00fagy v\u00e1ltoztatja alakj\u00e1t, ruh\u00e1zat\u00e1t \u00e9s mozdulatait, mint a sz\u00e1m\u00edt\u00f3g\u00e9pek zenelej\u00e1tsz\u00f3 programjai, ha \u00e9ppen bekapcsoljuk a v\u00e9letlenszer\u0171 sz\u00edn-, f\u00e9ny- \u00e9s formakavalk\u00e1dot el\u0151var\u00e1zsol\u00f3 gombokat, m\u00e1r j\u00f3val el\u0151bb megsz\u00fcletett. Alighanem m\u00e9g azokban az ezredfordul\u00f3s \u00e9vekben, amikor a disk jockey-\u00e9k vil\u00e1gszerte hol innen, hol onnan \u00f6tv\u00f6zt\u00e9k a f\u00e9nyj\u00e1t\u00e9k kis\u00e9rte zen\u00e9j\u00fcket \u00e9s nem k\u00e9ts\u00e9ges, hogy mindezekb\u0151l a t\u00f6red\u00e9kb\u0151l nem csup\u00e1n valamif\u00e9le \u00faj zen\u00e9t, hanem \u00faj m\u0171fajt is teremtettek.<!--more--><br \/>Olyan m\u0171fajt, amely k\u00e9pes volt sz\u00e1zakat \u00e9s ezreket ak\u00e1r hajnalokig, s\u0151t napokon \u00e1t egym\u00e1s \u00e9s a zene t\u00e1rsas\u00e1g\u00e1ban tartani. \u00c9s \u00edgy lenne ma is, ha nem lenne v\u00edrus.<br \/>Remix \u2013 ez az elj\u00e1r\u00e1s \u00e9s tal\u00e1n lehetne a m\u0171faj neve is, de m\u00e1sok ezt jobban tudj\u00e1k n\u00e1lam.<br \/>Valamif\u00e9le ilyen remix ez a k\u00f6nyv is, amely megjelen\u00e9sekor is hihetetlen tipogr\u00e1fiai k\u00eds\u00e9rletnek sz\u00e1m\u00edtott \u00e9s 2021-ben sem lenne m\u00e1sk\u00e9pp. Az ugyanis nap mint nap megt\u00f6rt\u00e9nik, hogy a pap\u00edrvil\u00e1gb\u00f3l valamit \u00e1ttesz\u00fcnk az internetre, vil\u00e1gszerte sok milli\u00f3nyi digitaliz\u00e1ci\u00f3 k\u00f6veti ezt az utat. De a ford\u00edtottja j\u00f3val ritk\u00e1bb. \u00c9s itt \u00e9ppen err\u0151l van sz\u00f3. Egy \u00e9veken \u00e1t vezetett internetes blog v\u00e1logat\u00e1sa ker\u00fclt k\u00f6nyvbe. T\u00e1blag\u00e9pen sz\u00fcletett meg \u00e9s egy blogba ker\u00fclt, t\u00e1ncolt, ugr\u00e1ndozott, r\u00f6pk\u00f6d\u00f6tt, fitneszezett \u00e9s a j\u00f3 \u00e9g tudja,\u00a0 m\u00e9g mit cselekedett Balettka a vil\u00e1gra figyel\u0151, ellentmond\u00e1sait olykor felold\u00f3, m\u00e1skor p\u00e1rhuzamba \u00e1ll\u00edt\u00f3 r\u00f6pversek t\u00e1rsas\u00e1g\u00e1ban. Ezek pedig vagy kapcsolatba ker\u00fcltek a mozdulataival, vagy nem.<br \/>Ugyan\u00edgy a k\u00f6nyvben is v\u00e9letlenszer\u0171en ker\u00fclt egym\u00e1s mell\u00e9 a sz\u00f6veges \u00e9s a k\u00e9pes megjelen\u00edt\u00e9s. Ezt az \u00e9rz\u00e9st pedig csak fokozza valamif\u00e9le olyan tipogr\u00e1fiai j\u00e1t\u00e9koss\u00e1g, amely ak\u00e1r egy, ak\u00e1r k\u00e9t oldalon szokatlanabb form\u00e1ban helyez el rajzokat, sz\u00f3j\u00e1t\u00e9k-szipork\u00e1kat \u00e9s az id\u0151k sz\u00f3beli, metaforikus t\u00f6m\u00f6r\u00edt\u00e9seit, olykor ism\u00e9telgetve vagy \u00e9ppen t\u00fckr\u00f6ztetve eg\u00e9sz\u00fcket vagy t\u00f6red\u00e9keiket.<br \/>Szokatlan k\u00eds\u00e9rlet ez. Internetes m\u0171faj \u2013 pap\u00edron. Aki ismeri Andy Warhol (1928-1987) pop-art munk\u00e1it, tal\u00e1n jobban meg\u00e9rzi, hogy milyenek lehetnek ezek a Balettka-kalandok. Hogy\u00a0 itt semmin nem kell meglep\u0151dni. Mint ahogyan azon sem, hogy az amerikai Andy Warhol lemk\u00f3. Igen, ez egy eur\u00f3pai n\u00e9pcsoport, azoknak a ruszinoknak a le\u00e1gaz\u00e1sa, akik olykor M\u00e1ramarosb\u00f3l megjelennek a cs\u00edkszeredai piacon \u00e9s felkapjuk a fej\u00fcnket, amikor halljuk, mik\u00e9nt besz\u00e9lnek egym\u00e1ssal. Mintha oroszul hangzana, de m\u00e9gsem. A Minority Safe Pack r\u00e1juk is vonatkozna, ha lenne. De m\u00e9g sincs..<br \/>Balettka azonban itt van k\u00f6zt\u00fcnk. T\u00f6bbsz\u00f6r is l\u00e1ttam, ahogyan K\u00f6vi S\u00e1ra rajzolgatta, ahogyan \u00edrogatta a verseket, de azt nem l\u00e1ttam, ahogyan h\u00e9tezerb\u0151l kiv\u00e1logattak n\u00e9h\u00e1ny sz\u00e1zat, hogy k\u00f6lt\u00f6zz\u00f6n \u00e1t a print-vil\u00e1gba.<br \/>\u00cdgy teh\u00e1t meg tudn\u00e1m mondani, hogy val\u00f3j\u00e1ban kicsoda K\u00f6vi S\u00e1ra. De maradjon ink\u00e1bb Sharon Stone. Id\u0151tlen\u00fcl. Ez\u00e9rt a dedik\u00e1ci\u00f3r\u00f3l is lev\u00e1gtam a nev\u00e9t. Persze, digit\u00e1lisan.<\/p>\n<p><a href=\"https:\/\/ujkafe.website\/wp-content\/uploads\/2021\/02\/136.jpg\"><img loading=\"lazy\" decoding=\"async\" class=\"alignnone  wp-image-94719\" src=\"https:\/\/ujkafe.website\/wp-content\/uploads\/2021\/02\/136-300x256.jpg\" alt=\"\" width=\"546\" height=\"466\" srcset=\"https:\/\/ujkafe.website\/wp-content\/uploads\/2021\/02\/136-300x256.jpg 300w, https:\/\/ujkafe.website\/wp-content\/uploads\/2021\/02\/136-768x654.jpg 768w, https:\/\/ujkafe.website\/wp-content\/uploads\/2021\/02\/136-1024x872.jpg 1024w, https:\/\/ujkafe.website\/wp-content\/uploads\/2021\/02\/136.jpg 1944w\" sizes=\"auto, (max-width: 546px) 100vw, 546px\" \/><\/a><\/p>\n\n\n<p><\/p>\n\n\n\n<p><\/p>\n","protected":false},"excerpt":{"rendered":"<p>K\u00f6vi S\u00e1ra: Balettka (Bookart, Cs\u00edkszereda, 2008, szerkesztette L\u00e1ng Zsolt, tipogr\u00e1fia Hajd\u00fa \u00c1ron) Ford\u00edtsuk csak a szerz\u0151 nev\u00e9t angolra: Sharon Stone. Vajon ez a m\u0171v\u00e9szi \u00e1ln\u00e9v ered\u0151je? A Basic Instinct szex-szimb\u00f3luma a vil\u00e1g sz\u00e1m\u00e1ra alighanem \u00e9ppen olyan maradt, mint 1992-ben a filmv\u00e1sznon, hi\u00e1ba t\u00f6lt\u00f6tte be az id\u00e9n a 62. \u00e9let\u00e9v\u00e9t.\u00c9s Balettka vajon h\u00e1ny \u00e9ves? A k\u00f6nyv [&hellip;]<\/p>\n","protected":false},"author":3,"featured_media":0,"comment_status":"open","ping_status":"open","sticky":false,"template":"","format":"standard","meta":{"_monsterinsights_skip_tracking":false,"_monsterinsights_sitenote_active":false,"_monsterinsights_sitenote_note":"","_monsterinsights_sitenote_category":0,"ngg_post_thumbnail":0,"footnotes":""},"categories":[120],"tags":[],"class_list":["post-94717","post","type-post","status-publish","format-standard","hentry","category-essze"],"_links":{"self":[{"href":"https:\/\/ujkafe.website\/index.php?rest_route=\/wp\/v2\/posts\/94717","targetHints":{"allow":["GET"]}}],"collection":[{"href":"https:\/\/ujkafe.website\/index.php?rest_route=\/wp\/v2\/posts"}],"about":[{"href":"https:\/\/ujkafe.website\/index.php?rest_route=\/wp\/v2\/types\/post"}],"author":[{"embeddable":true,"href":"https:\/\/ujkafe.website\/index.php?rest_route=\/wp\/v2\/users\/3"}],"replies":[{"embeddable":true,"href":"https:\/\/ujkafe.website\/index.php?rest_route=%2Fwp%2Fv2%2Fcomments&post=94717"}],"version-history":[{"count":0,"href":"https:\/\/ujkafe.website\/index.php?rest_route=\/wp\/v2\/posts\/94717\/revisions"}],"wp:attachment":[{"href":"https:\/\/ujkafe.website\/index.php?rest_route=%2Fwp%2Fv2%2Fmedia&parent=94717"}],"wp:term":[{"taxonomy":"category","embeddable":true,"href":"https:\/\/ujkafe.website\/index.php?rest_route=%2Fwp%2Fv2%2Fcategories&post=94717"},{"taxonomy":"post_tag","embeddable":true,"href":"https:\/\/ujkafe.website\/index.php?rest_route=%2Fwp%2Fv2%2Ftags&post=94717"}],"curies":[{"name":"wp","href":"https:\/\/api.w.org\/{rel}","templated":true}]}}