
{"id":94736,"date":"2021-02-18T02:54:31","date_gmt":"2021-02-18T02:54:31","guid":{"rendered":"https:\/\/ujkafe.website\/?p=94736"},"modified":"2021-02-16T07:55:07","modified_gmt":"2021-02-16T07:55:07","slug":"szekedi-ferenc-arcok-szavak-emlekek-137","status":"publish","type":"post","link":"https:\/\/ujkafe.website\/?p=94736","title":{"rendered":"Sz\u00e9kedi Ferenc: Arcok, szavak, eml\u00e9kek (137.)"},"content":{"rendered":"<h2><em><strong>Csat\u00f3 Ferenc: \u00c9nekf\u00fczet. N\u00e9pdalgy\u0171jtem\u00e9ny.<\/strong><\/em><\/h2>\n<p><em><strong>(Brass\u00f3i Lapok kiad\u00e1sa, 2014)<\/strong><\/em><\/p>\n<p>Hogyha a gyermekek most otthon d\u00fch\u00f6ngenek az online-al \u00e9s m\u00e9rgel\u0151dnek, hogy a fut\u00e1rszolg\u00e1lat m\u00e9g nem hozta el az ugyanilyen m\u00f3don megrendelt m\u00e1rk\u00e1s tornacip\u0151t, akkor a sz\u00fcleik mutass\u00e1k meg vagy olvass\u00e1k fel nekik az al\u00e1bbi n\u00e9h\u00e1ny passzust.<!--more--><\/p>\n<p>\u201eCs\u00edkdeln\u00e9r\u0151l gyalog tettem meg a hat kilom\u00e9teres \u00fatszakaszt a cs\u00edkszeredai iskol\u00e1ig. Ruh\u00e1zatom h\u00e1zi sz\u0151ttes poszt\u00f3 kab\u00e1t \u00e9s nadr\u00e1g, 2-3 sz\u00e1mmal nagyobb \u00faj cip\u0151 \u00e9s vastag h\u00e1zi k\u00f6t\u00f6tt zokni volt.\u201d<\/p>\n<p>Hogy mi\u00e9rt kellett a m\u00falt sz\u00e1zad \u00f6tvenes \u00e9veiben \u00e9lt kamasznak k\u00e9t sz\u00e1mmal nagyobb cip\u0151? Hogy ne n\u0151jje ki egyetlen esztend\u0151 alatt, legyen j\u00f3 j\u00f6v\u0151re is. Ha pedig nem akarta sokat koptatni \u00e9s t\u00e9len az \u00faton megfagyni vele, akkor bek\u00f6lt\u00f6z\u00f6tt a bentlak\u00e1sba.<\/p>\n<p>\u201eAz akkori id\u0151ben egy falusi gyermek r\u00e9sz\u00e9re a bentlak\u00e1sban egy vas\u00e1gyat adtak. K\u00f6telez\u0151 volt szalmazs\u00e1kot, leped\u0151t, p\u00e1rn\u00e1t \u00e9s takar\u00f3t vinni. Szolg\u00e1ltat\u00e1si d\u00edj 25 lej, tand\u00edj: zs\u00edr, cukor, liszt, kukoricaliszt, szalonna \u00e9s egy k\u00f6bm\u00e9ter t\u0171zifa.\u201d<\/p>\n<p>De otthon ak\u00e1r t\u00e9len, ak\u00e1r ny\u00e1ron m\u00e9g jobban lehetett dideregni, mert megkezdt\u00e9k a kollektiviz\u00e1l\u00e1st, a n\u00e9h\u00e1ny hekt\u00e1ros gazd\u00e1nak a bel\u00e9p\u00e9ssel p\u00e9ld\u00e1t kellett volna mutatnia, ha pedig nem, akkor r\u00f6gvest kul\u00e1k \u00e9s oszt\u00e1lyellens\u00e9g lett. Noha a meggy\u0151z\u00e9s eszk\u00f6z\u00e9nek m\u00e9g volt egy igen eredeti form\u00e1ja.<\/p>\n<p>\u201e\u00c9v k\u00f6zben, minket, a gyermekeket pr\u00f3b\u00e1ltak r\u00e1venni, hogy gy\u0151zz\u00fck meg a sz\u00fcleinket, legyenek t\u00e1rsul\u00e1s- vagy kollekt\u00edv tagok, mert a tan\u00e1rainkat b\u00edzt\u00e1k meg a beszervez\u00e9ssel. De hi\u00e1ba, nem \u00e1lltak be.\u201d<\/p>\n<p>\u00c9s ennek mi lett a k\u00f6vetkezm\u00e9nye?<\/p>\n<p>\u201eAz 1956-57-es tan\u00e9vben \u00e9retts\u00e9gizt\u00fcnk, minden tanult tant\u00e1rgyb\u00f3l. De hi\u00e1ba j\u00f3l, nem szabadott tov\u00e1bb felv\u00e9telizz\u00fcnk, de ha m\u00e9gis megtett\u00fck, akkor is lehetetlen volt a bejut\u00e1s. K\u00e9tkezi, szakk\u00e9pzetlen munk\u00e1sk\u00e9nt vagy napsz\u00e1mosk\u00e9nt dolgozhattunk tov\u00e1bb. \u201e<\/p>\n<p>De csak addig, am\u00edg a fi\u00fakat el nem vitt\u00e9k a rom\u00e1n hadseregbe.<\/p>\n<p>\u201e1958-ben Tecuci-ra vittek katon\u00e1nak. Matematika, fizika \u00e9s rom\u00e1n k\u00f6nyvet vittem magammal, ott siker\u00fclt kitanulnom az aut\u00f3szerel\u00e9st \u00e9s aut\u00f3vezet\u00e9st.\u201d<\/p>\n<p>Csat\u00f3 Ferenc (1939) \u00e9let\u00e9nek n\u00e9h\u00e1ny r\u00e9szlet\u00e9t k\u00f6nyv\u00e9nek el\u0151szav\u00e1b\u00f3l id\u00e9zem \u00e9s nem v\u00e9letlen\u00fcl: mindez olyan k\u00f6z\u00f6s sorsa volt egy sz\u00e9kelyf\u00f6ldi nemzed\u00e9knek, amelyet a mai sz\u00e1m\u00edt\u00f3g\u00e9pes fogalmak szerint copy-paste-el lehetett volna sokszoros\u00edtani b\u00e1rmilyen n\u00e9vre \u00e9s a legt\u00f6bb falura-v\u00e1rosra sz\u00f3l\u00f3 \u00e9rv\u00e9nyess\u00e9ggel.<br \/>\nA szerz\u0151 a katonas\u00e1g elv\u00e9gz\u00e9se ut\u00e1n a brass\u00f3i Steagul Ro\u015fu aut\u00f3gy\u00e1rba ker\u00fclt \u00e9s ott is dolgozott negyven \u00e9ven \u00e1t. De k\u00f6zben ragaszkodott m\u00e9g valamihez.<\/p>\n<p>\u201e A gy\u00e1ri \u00e9let mellett nagyon sokszor jelen voltam a kultur\u00e1lis \u00e9s k\u00f6z\u00e9leti el\u0151ad\u00e1sokon, amelyeket a Brass\u00f3i Lapok szerkeszt\u0151i, \u00fajs\u00e1g\u00edr\u00f3i, \u00edr\u00f3k \u00e9s k\u00f6lt\u0151k, egyetemi tan\u00e1rok, orvosok tartottak. Ezeket az el\u0151ad\u00e1sokat Szabadegyetemnek nevezt\u00fck.\u201d<br \/>\nCsat\u00f3 Ferenc 1989 ut\u00e1n r\u00e9szt vett az RMDSZ megszervez\u00e9s\u00e9ben, a Brass\u00f3i Magyar Dal\u00e1rda \u00fajra\u00e9leszt\u00e9s\u00e9ben, t\u00f6bb, nagy hagyom\u00e1ny\u00fa t\u00e1rsadalmi, turisztikai int\u00e9zm\u00e9ny talpra \u00e1ll\u00edt\u00e1s\u00e1ban.<br \/>\n75 \u00e9ves kor\u00e1ban pedig kiadta azt a k\u00f6nyv\u00e9t, amely az \u00e1ltala \u00f6sszegy\u0171jt\u00f6tt t\u00f6bb sz\u00e1z magyar n\u00e9pdal sz\u00f6veg\u00e9t tartalmazza.<br \/>\nNem vagyok benne biztos, hogy a szak\u00e9rt\u0151k mindegyikre azt mondan\u00e1k, hogy n\u00e9pdal. Vagy hogy eredeti. Hogy nem magyar n\u00f3ta. Hogy nem ballada. Vagy hogy nem t\u00f6bbsz\u00f6r \u00e1talakul\u00f3, sz\u00e1jr\u00f3l-sz\u00e1jra terjed\u0151 sz\u00f6veg. Hiszen nincsen forr\u00e1sokra utal\u00e1s, nincs \u00e9vsz\u00e1m, nincs adatk\u00f6zl\u0151, nincs n\u00e9vmutat\u00f3.<br \/>\nTudom\u00e1nyos szempontb\u00f3l nem t\u00f6k\u00e9letes. De egy \u00e9letc\u00e9l el\u00e9r\u00e9se szempontj\u00e1b\u00f3l az.<\/p>\n<p><a href=\"https:\/\/ujkafe.website\/wp-content\/uploads\/2021\/02\/137.jpg\"><img loading=\"lazy\" decoding=\"async\" class=\"alignnone  wp-image-94738\" src=\"https:\/\/ujkafe.website\/wp-content\/uploads\/2021\/02\/137-300x178.jpg\" alt=\"\" width=\"533\" height=\"316\" srcset=\"https:\/\/ujkafe.website\/wp-content\/uploads\/2021\/02\/137-300x178.jpg 300w, https:\/\/ujkafe.website\/wp-content\/uploads\/2021\/02\/137-768x455.jpg 768w, https:\/\/ujkafe.website\/wp-content\/uploads\/2021\/02\/137-1024x607.jpg 1024w, https:\/\/ujkafe.website\/wp-content\/uploads\/2021\/02\/137.jpg 1842w\" sizes=\"auto, (max-width: 533px) 100vw, 533px\" \/><\/a><\/p>\n","protected":false},"excerpt":{"rendered":"<p>Csat\u00f3 Ferenc: \u00c9nekf\u00fczet. N\u00e9pdalgy\u0171jtem\u00e9ny. (Brass\u00f3i Lapok kiad\u00e1sa, 2014) Hogyha a gyermekek most otthon d\u00fch\u00f6ngenek az online-al \u00e9s m\u00e9rgel\u0151dnek, hogy a fut\u00e1rszolg\u00e1lat m\u00e9g nem hozta el az ugyanilyen m\u00f3don megrendelt m\u00e1rk\u00e1s tornacip\u0151t, akkor a sz\u00fcleik mutass\u00e1k meg vagy olvass\u00e1k fel nekik az al\u00e1bbi n\u00e9h\u00e1ny passzust.<\/p>\n","protected":false},"author":3,"featured_media":0,"comment_status":"open","ping_status":"open","sticky":false,"template":"","format":"standard","meta":{"_monsterinsights_skip_tracking":false,"_monsterinsights_sitenote_active":false,"_monsterinsights_sitenote_note":"","_monsterinsights_sitenote_category":0,"ngg_post_thumbnail":0,"footnotes":""},"categories":[120],"tags":[],"class_list":["post-94736","post","type-post","status-publish","format-standard","hentry","category-essze"],"_links":{"self":[{"href":"https:\/\/ujkafe.website\/index.php?rest_route=\/wp\/v2\/posts\/94736","targetHints":{"allow":["GET"]}}],"collection":[{"href":"https:\/\/ujkafe.website\/index.php?rest_route=\/wp\/v2\/posts"}],"about":[{"href":"https:\/\/ujkafe.website\/index.php?rest_route=\/wp\/v2\/types\/post"}],"author":[{"embeddable":true,"href":"https:\/\/ujkafe.website\/index.php?rest_route=\/wp\/v2\/users\/3"}],"replies":[{"embeddable":true,"href":"https:\/\/ujkafe.website\/index.php?rest_route=%2Fwp%2Fv2%2Fcomments&post=94736"}],"version-history":[{"count":0,"href":"https:\/\/ujkafe.website\/index.php?rest_route=\/wp\/v2\/posts\/94736\/revisions"}],"wp:attachment":[{"href":"https:\/\/ujkafe.website\/index.php?rest_route=%2Fwp%2Fv2%2Fmedia&parent=94736"}],"wp:term":[{"taxonomy":"category","embeddable":true,"href":"https:\/\/ujkafe.website\/index.php?rest_route=%2Fwp%2Fv2%2Fcategories&post=94736"},{"taxonomy":"post_tag","embeddable":true,"href":"https:\/\/ujkafe.website\/index.php?rest_route=%2Fwp%2Fv2%2Ftags&post=94736"}],"curies":[{"name":"wp","href":"https:\/\/api.w.org\/{rel}","templated":true}]}}