
{"id":94744,"date":"2021-02-19T02:52:36","date_gmt":"2021-02-19T02:52:36","guid":{"rendered":"https:\/\/ujkafe.website\/?p=94744"},"modified":"2021-02-17T16:48:12","modified_gmt":"2021-02-17T16:48:12","slug":"szekedi-ferenc-arcok-szavak-emlekek-138","status":"publish","type":"post","link":"https:\/\/ujkafe.website\/?p=94744","title":{"rendered":"Sz\u00e9kedi Ferenc: Arcok, szavak, eml\u00e9kek (138.)"},"content":{"rendered":"<h2><em><strong>B\u00f6g\u00f6zi Attila: H\u00edd a h\u00e1l\u00f3szob\u00e1n \u00e1t. T\u00f6rt\u00e9netek a h\u00e9tk\u00f6znapok s\u0171r\u0171j\u00e9b\u0151l. Riportok<\/strong><\/em><\/h2>\n<p><em><strong>(M\u00daRE-V\u00e1rad, Nagyv\u00e1rad 2020, szerkesztette Sz\u0171cs L\u00e1szl\u00f3, bor\u00edt\u00f3terv Anamaria Andreea Meza)<\/strong><\/em><\/p>\n<p>Amikor a c\u00edmet megl\u00e1ttam, r\u00f6gt\u00f6n k\u00e9t gondolat villant fel bennem. Az egyik: hogyha B\u00f6g\u00f6zi Attila valamif\u00e9le bulv\u00e1r jelleg\u0171 n\u0151i, f\u00e9rfi avagy csal\u00e1di magazinnak \u00edrna, hogyan harapn\u00e1nak az olvas\u00f3k erre a c\u00edmre, hiszen a szext\u0151l a lakberendez\u00e9sig sok mindent ig\u00e9r. A m\u00e1sik: egy 1995-\u00f6s remek film n\u00e9h\u00e1ny feledhetetlen k\u00e9psora, amint az els\u0151 fiatals\u00e1g\u00e1n m\u00e1r t\u00faljutott falusi h\u00e1ziasszony, Meryl Streep (1949) \u00e9s a vil\u00e1gcsavarg\u00f3 fot\u00f3s Clint Eastwood (1930) n\u00e9h\u00e1ny napig \u00fajra megtal\u00e1lj\u00e1k a szerelmet Madison megye h\u00eddjai k\u00f6z\u00f6tt.<!--more--> \u00c9s olyannyira eml\u00e9kezetesen, hogy a film bizony m\u00e9g a hatvanon t\u00faliak sz\u00edv\u00e9t is megdobogtatja: telhet ugyan az id\u0151, de nem kell semmit feladni, az \u00e9let mindig tartogathat meglepet\u00e9seket. Sok olyan film l\u00e9tezik, amely meg sem k\u00f6zel\u00edti a forr\u00e1sk\u00e9nt haszn\u00e1lt irodalmi m\u0171vet, itt azonban \u00e9ppen a ford\u00edtottja t\u00f6rt\u00e9nt. A reg\u00e9ny \u00edr\u00f3j\u00e1nak a nev\u00e9re, Robert James Waller-re (1939-2017), legal\u00e1bbis mifel\u00e9nk, alig eml\u00e9kszik valaki, noha magyar ford\u00edt\u00e1sa is meg\u00e9rt n\u00e9h\u00e1ny kiad\u00e1st.<br \/>\nDe B\u00f6g\u00f6zi Attila nem csal\u00e1d, hanem h\u00eddt\u00f6rt\u00e9netet \u00edrt meg. M\u00e9ghozz\u00e1 a marosv\u00e1s\u00e1rhelyi Maros h\u00edd t\u00f6rt\u00e9net\u00e9t. Hogy mi\u00e9rt van bel\u0151le csup\u00e1n egy, hiszen a v\u00e1ros m\u00e1r j\u00f3 ideje a foly\u00f3 mindk\u00e9t oldal\u00e1t elfoglalta \u00e9s mi\u00e9rt volt valamikor h\u00e1rom, amikor nem aut\u00f3k hossz\u00fa sora, hanem szekerek v\u00e1nszorogtak \u00e1t rajtuk.<br \/>\nVoltak\u00e9ppen igazi, olvasm\u00e1nyos \u00fajs\u00e1g\u00edr\u00f3i oknyomoz\u00e1s ez. Id\u0151ben \u00e9s t\u00e9rben. R\u00e9gi dokumentumokat, lev\u00e9lt\u00e1ri anyagokat, korabeli \u00fajs\u00e1gokat faggat, de ugyanakkor sorba szedi a mai k\u00f6z\u00e9leti vissz\u00e1ss\u00e1gokat is, amelyek oda vezettek, hogy Marosv\u00e1s\u00e1rhely sz\u00e1mos, sz\u00e9pen hangz\u00f3, olykor el is kezdett, de be nem fejezett tervvel v\u00e1gott neki a huszonegyedik sz\u00e1zadnak. \u00c9s 2020-ra \u00fagy \u00e9rezte, hogy a fej \u00e9s a hal p\u00e9ld\u00e1zata nyom\u00e1n alaposan lemaradt az erd\u00e9lyi nagyv\u00e1rosok verseny\u00e9ben.<br \/>\nLok\u00e1l \u2013 ez a c\u00edme ennek a fejezetnek, amelyben m\u00e1s marosv\u00e1s\u00e1rhelyi t\u00e9m\u00e1kat is szem\u00fcgyre vesz az Aranykakas vend\u00e9gl\u0151 sors\u00e1t\u00f3l a k\u00f6zsz\u00e1ll\u00edt\u00e1si \u00e9s szem\u00e9tgazd\u00e1lkod\u00e1si, vagy \u00e9ppen az \u00fat\u00e9p\u00edt\u00e9si bonyodalmakig.<br \/>\n\u00c9s hogy n\u00e9h\u00e1ny esztend\u0151vel ezel\u0151tt is a pr\u00f3f\u00e9ta sz\u00f3lt bel\u0151le, azt mi sem bizony\u00edtja jobban, minthogy a frissen megv\u00e1lasztott So\u00f3s Zolt\u00e1n polg\u00e1rmesternek 2021 janu\u00e1rj\u00e1ban eg\u00e9sz sor hamis szem\u00e9tsz\u00e1ll\u00edt\u00e1si sz\u00e1ml\u00e1t kellett visszautas\u00edtania.<br \/>\nA k\u00f6tet m\u00e1s fejezeteiben azonban a szerz\u0151 elhagyja saj\u00e1t v\u00e1ros\u00e1t \u00e9s az erd\u00e9lyi olvas\u00f3k \u00e1ltal j\u00f3val kev\u00e9sb\u00e9 ismert terepre l\u00e9p. A Glob\u00e1lban vele egy\u00fctt fedezz\u00fck fel Farnast, Kalotaszeg egyik elhagyott \u00e9s elfelejtett faluj\u00e1t, valahol Bihar \u00e9s Szil\u00e1gy megye hat\u00e1r\u00e1n, Radnaborberek \u00e9s \u00e1ltal\u00e1ban a Radnai havasok k\u00f6rny\u00e9k\u00e9nek megannyi gondj\u00e1t-baj\u00e1t, az erzs\u00e9betv\u00e1rosi magyar \u00f6rm\u00e9ny eml\u00e9keket \u00e9s azoknak a sz\u00e9kelyf\u00f6ldi \u00e9s erd\u00e9lyi borv\u00edzeknek, vagy \u00e9ppen a term\u00e9szetv\u00e9delmi ter\u00fcleteknek a sors\u00e1t, amelyekr\u0151l oly gyakran elmondjuk, hogy ezt vagy amazt kellenne vel\u00fck tenni \u00e9s m\u00e9gis minden marad a r\u00e9giben.<br \/>\nDe hogy B\u00f6g\u00f6zi Attila mindig \u00e9les szemmel \u00e9s t\u00f6retlen megfigyel\u0151k\u00e9szs\u00e9ggel vesz r\u00e9szt a Magyar \u00dajs\u00e1g\u00edr\u00f3k Rom\u00e1niai Egyes\u00fclet\u00e9nek erd\u00e9lyszerte megszervezett riportt\u00e1boraiban azt mi sem bizony\u00edtja jobban, mint a kiv\u00e1l\u00f3 temesv\u00e1ri \u00e9s v\u00e1rosk\u00f6rny\u00e9ki riport, amelyben j\u00f3val t\u00f6bb az \u00f6sszef\u00fcgg\u0151, egym\u00e1st kieg\u00e9sz\u00edt\u0151 inform\u00e1ci\u00f3, mint b\u00e1rmif\u00e9le, hasonl\u00f3 t\u00e9m\u00e1t boncolgat\u00f3 vil\u00e1gh\u00e1l\u00f3s oldalon. \u00c9s nem ak\u00e1rhogyan, nem lexik\u00e1lisan, hanem olvasm\u00e1nyosan, kimondottan olvas\u00f3bar\u00e1tk\u00e9nt. \u00dcgyelve a logikai fel\u00e9p\u00edt\u00e9sre, az id\u0151sikokra, a c\u00edmekre \u00e9s alc\u00edmekre.<br \/>\nA r\u00e1nk z\u00fadul\u00f3 \u00e1lland\u00f3 h\u00edr\u00f6z\u00f6nben napjaink \u00fajs\u00e1g\u00edr\u00e1sa j\u00f3r\u00e9szt elhagyta a klasszikus riport\u00edr\u00e1s m\u0171faj\u00e1t \u00e9s a gyors besz\u00e1mol\u00f3k fele mozdult el: X. ezt mondta, ehhez Y. m\u00e9g hozz\u00e1 tette \u00e9s a v\u00e9g\u00e9n Z. lesz\u00f6gezte. Mindezt legt\u00f6bb h\u00e1rom tucatnyi sz\u00f3b\u00f3l \u00e1ll\u00f3 k\u00e9szlettel.<br \/>\nB\u00f6g\u00f6zi Attila riportjai \u00fajra r\u00e1d\u00f6bbentenek, hogy az erd\u00e9lyi magyar sajt\u00f3ban mit vesz\u00edtett\u00fcnk el. \u00c9s k\u00f6nnyen megt\u00f6rt\u00e9nhet, hogy a Madison megyei hidakt\u00f3l elt\u00e9r\u0151en, a nagy szerelmek visszat\u00e9r\u00e9s\u00e9re m\u00e1r nem lesz id\u0151.<\/p>\n<p><a href=\"https:\/\/ujkafe.website\/wp-content\/uploads\/2021\/02\/boozi-riport.jpg\"><img loading=\"lazy\" decoding=\"async\" class=\"alignnone  wp-image-94751\" src=\"https:\/\/ujkafe.website\/wp-content\/uploads\/2021\/02\/boozi-riport-300x235.jpg\" alt=\"\" width=\"504\" height=\"395\" srcset=\"https:\/\/ujkafe.website\/wp-content\/uploads\/2021\/02\/boozi-riport-300x235.jpg 300w, https:\/\/ujkafe.website\/wp-content\/uploads\/2021\/02\/boozi-riport-768x602.jpg 768w, https:\/\/ujkafe.website\/wp-content\/uploads\/2021\/02\/boozi-riport-1024x802.jpg 1024w, https:\/\/ujkafe.website\/wp-content\/uploads\/2021\/02\/boozi-riport.jpg 1885w\" sizes=\"auto, (max-width: 504px) 100vw, 504px\" \/><\/a><\/p>\n","protected":false},"excerpt":{"rendered":"<p>B\u00f6g\u00f6zi Attila: H\u00edd a h\u00e1l\u00f3szob\u00e1n \u00e1t. T\u00f6rt\u00e9netek a h\u00e9tk\u00f6znapok s\u0171r\u0171j\u00e9b\u0151l. Riportok (M\u00daRE-V\u00e1rad, Nagyv\u00e1rad 2020, szerkesztette Sz\u0171cs L\u00e1szl\u00f3, bor\u00edt\u00f3terv Anamaria Andreea Meza) Amikor a c\u00edmet megl\u00e1ttam, r\u00f6gt\u00f6n k\u00e9t gondolat villant fel bennem. Az egyik: hogyha B\u00f6g\u00f6zi Attila valamif\u00e9le bulv\u00e1r jelleg\u0171 n\u0151i, f\u00e9rfi avagy csal\u00e1di magazinnak \u00edrna, hogyan harapn\u00e1nak az olvas\u00f3k erre a c\u00edmre, hiszen a szext\u0151l [&hellip;]<\/p>\n","protected":false},"author":3,"featured_media":0,"comment_status":"open","ping_status":"open","sticky":false,"template":"","format":"standard","meta":{"_monsterinsights_skip_tracking":false,"_monsterinsights_sitenote_active":false,"_monsterinsights_sitenote_note":"","_monsterinsights_sitenote_category":0,"ngg_post_thumbnail":0,"footnotes":""},"categories":[120],"tags":[],"class_list":["post-94744","post","type-post","status-publish","format-standard","hentry","category-essze"],"_links":{"self":[{"href":"https:\/\/ujkafe.website\/index.php?rest_route=\/wp\/v2\/posts\/94744","targetHints":{"allow":["GET"]}}],"collection":[{"href":"https:\/\/ujkafe.website\/index.php?rest_route=\/wp\/v2\/posts"}],"about":[{"href":"https:\/\/ujkafe.website\/index.php?rest_route=\/wp\/v2\/types\/post"}],"author":[{"embeddable":true,"href":"https:\/\/ujkafe.website\/index.php?rest_route=\/wp\/v2\/users\/3"}],"replies":[{"embeddable":true,"href":"https:\/\/ujkafe.website\/index.php?rest_route=%2Fwp%2Fv2%2Fcomments&post=94744"}],"version-history":[{"count":0,"href":"https:\/\/ujkafe.website\/index.php?rest_route=\/wp\/v2\/posts\/94744\/revisions"}],"wp:attachment":[{"href":"https:\/\/ujkafe.website\/index.php?rest_route=%2Fwp%2Fv2%2Fmedia&parent=94744"}],"wp:term":[{"taxonomy":"category","embeddable":true,"href":"https:\/\/ujkafe.website\/index.php?rest_route=%2Fwp%2Fv2%2Fcategories&post=94744"},{"taxonomy":"post_tag","embeddable":true,"href":"https:\/\/ujkafe.website\/index.php?rest_route=%2Fwp%2Fv2%2Ftags&post=94744"}],"curies":[{"name":"wp","href":"https:\/\/api.w.org\/{rel}","templated":true}]}}