
{"id":94800,"date":"2021-02-23T02:55:05","date_gmt":"2021-02-23T02:55:05","guid":{"rendered":"https:\/\/ujkafe.website\/?p=94800"},"modified":"2021-02-21T16:06:47","modified_gmt":"2021-02-21T16:06:47","slug":"szekedi-ferenc-arcok-szavak-emlekek-139","status":"publish","type":"post","link":"https:\/\/ujkafe.website\/?p=94800","title":{"rendered":"Sz\u00e9kedi Ferenc: Arcok, szavak, eml\u00e9kek (139.)"},"content":{"rendered":"<h2><em><strong>Cseke G\u00e1bor: Hadi\u00f6sv\u00e9nyek tegnap \u00e9s ma: \u00fajabb olvas\u00f3napl\u00f3k<\/strong><\/em><\/h2>\n<p><em><strong>(Hargita N\u00e9pe K\u00f6nyvek , 2018, a bor\u00edt\u00f3 \u00c1d\u00e1m Gyula munk\u00e1ja)<\/strong><\/em><\/p>\n<p>A napl\u00f3 \u00edr\u00f3ja feljegyzi a vele vagy m\u00e1sokkal megesett mindennapi t\u00f6rt\u00e9n\u00e9seket.<br \/>\nAz olvas\u00f3napl\u00f3 \u00edr\u00f3ja feljegyzi olvasm\u00e1ny\u00e9lm\u00e9nyeit. \u00c9s ha \u00fagy tal\u00e1lja, akkor megosztja m\u00e1sokkal is. A vil\u00e1gh\u00e1l\u00f3 erre kiv\u00e1l\u00f3an alkalmas \u00e9s Cseke G\u00e1bor (1941) m\u00e1r r\u00e9g\u00f3ta m\u0171veli ezt a m\u0171fajt.<br \/>\nA rom\u00e1niai magyar sajt\u00f3ban meg\u00e9lt, \u00e1t\u00e9lt sok \u00e9vtizedes szerkeszt\u0151i mesters\u00e9g\u00e9t sem feledi, hiszen az \u00e1ltala is \u00f6ssze\u00e1ll\u00edtott <em>ujkafe.website<\/em> port\u00e1lon nagyon \u00e9rz\u00e9keny szemmel v\u00e1logat pr\u00f3zai sz\u00f6vegeket, verseket, fot\u00f3kat. <!--more-->Tal\u00e1n m\u00e9g csak a mozg\u00f3k\u00e9pekig nem jutott el, de az \u00f6sszegy\u0171jt\u00f6tt hatalmas anyag \u00edgy is legal\u00e1bb k\u00e9t alapvet\u0151 kulcssz\u00f3 k\u00f6r\u00fcl rendez\u0151dik: az egyik az eredetis\u00e9g, a m\u00e1sik az eszt\u00e9tikai \u00e9rt\u00e9k.<br \/>\nCseke G\u00e1bor egykori sajt\u00f3s riport\u00fatjai most, ezen az online fel\u00fcleten, kimondottan szellemi utakk\u00e1 v\u00e1lnak. Olvasm\u00e1ny\u00e9lm\u00e9nyek nyom\u00e1n tal\u00e1l meg egy-egy \u00e9rdekes t\u00e9m\u00e1t \u00e9s ezeket mind id\u0151ben, mint t\u00e9rben j\u00f3val sz\u00e9lesebb \u00f6sszef\u00fcgg\u00e9sekbe helyezi, ak\u00e1r az \u00e9vsz\u00e1zadok \u00e9s \u00e9vtizedek t\u00e1vlat\u00e1b\u00f3l is kibontva eg\u00e9szen napjainkig. Amelyeket pedig arra \u00e9rdemesnek tart, hagyom\u00e1nyos m\u00f3don, k\u00f6nyvben is kiadja, hogy az is olvashassa, aki m\u00e9g nem t\u00e9rt \u00e1t a digit\u00e1lis, k\u00e9perny\u0151s bet\u0171b\u00f6ng\u00e9sz\u00e9sre, vagy mind a kett\u0151t m\u0171veli.<br \/>\nA Pet\u0151fi S\u00e1ndor \u00e9let\u00e9vel \u00e9s hal\u00e1l\u00e1val foglalkoz\u00f3 kutat\u00e1sokt\u00f3l a G\u00f6rgey Art\u00farral kapcsolatos irodalmi m\u0171vek \u00e9s m\u00e1s \u00e9lett\u00f6red\u00e9kek, a k\u00f6r\u00fcl\u00f6tte kialakult legend\u00e1k \u00e9s m\u00edtoszok elemz\u00e9s\u00e9n t\u00fal, majd az els\u0151 vil\u00e1gh\u00e1bor\u00fan kereszt\u00fcl eljut eg\u00e9szen napjaink leg\u00fajabb n\u00e9pv\u00e1ndorl\u00e1sainak vizsg\u00e1lat\u00e1ig, mik\u00f6zben t\u00f6bb olyan ter\u00fcletre is kiterjed a figyelme, amelyeket egy\u00e1ltal\u00e1n nem, vagy alig ismert\u00fcnk. J\u00f3 fog\u00f3dz\u00f3kat ny\u00fajtanak mindehhez korabeli napl\u00f3k, vagy egy-egy kev\u00e9sb\u00e9 ismert t\u00f6rt\u00e9nelmi szem\u00e9lyis\u00e9g \u00e9let\u00fatja. Mint ahogyan az egykori munkat\u00e1rsaira val\u00f3 eml\u00e9kez\u00e9s \u00fagyszint\u00e9n lehet\u0151s\u00e9get teremt arra, hogy a k\u00f6zelm\u00falt \u00e9les rom\u00e1niai, erd\u00e9lyi helyzeteire imm\u00e1r n\u00e9h\u00e1ny esztend\u0151 t\u00e1vlat\u00e1b\u00f3l, a jelen talapzat\u00e1r\u00f3l lehessen visszapillantani.<br \/>\nAki egy-egy c\u00edmn\u00e9l b\u00e1rmelyik t\u00e9m\u00e1val kapcsolatban kinyitja az olvas\u00f3napl\u00f3t, t\u00f6bb\u00e9 m\u00e1r nem fog semmif\u00e9le b\u00f6ng\u00e9sz\u0151ben keresg\u00e9lni: itt ugyanis nem sz\u00e1raz adatokkal, lexik\u00e1lis felsorol\u00e1sokkal, t\u00e1rsadalomtudom\u00e1nyi elemz\u00e9sekkel tal\u00e1lkozik, hanem a legt\u00f6bbsz\u00f6r azzal a roppant olvasm\u00e1nyos v\u00e1ltozatoss\u00e1ggal, ahogyan a legk\u00fcl\u00f6nb\u00f6z\u0151bb sz\u00e9pirodalmi, dokumentum irodalmi, \u00fajs\u00e1g\u00edr\u00f3i, publicisztikai sz\u00f6vegek t\u00f6red\u00e9kei, szemelv\u00e9nyei j\u00e1rj\u00e1k k\u00f6r\u00fcl azt a val\u00f3s\u00e1got, amely sokkal \u00f6sszetettebb, mint ahogyan eddig gondoltuk \u00e9s amelyek m\u00f6g\u00f6tt egy\u00e9rtelm\u0171en a felsz\u00ednre ker\u00fcl Cseke G\u00e1bor racion\u00e1lis, a k\u00f6zhelyekt\u0151l \u00e9s az el\u0151regy\u00e1rtott s\u00e9m\u00e1kt\u00f3l \u00edrt\u00f3z\u00f3 \u00e9s b\u00e1rmif\u00e9le kioktat\u00e1st\u00f3l mentes gondolkod\u00e1sm\u00f3dja is.<br \/>\nCseke G\u00e1bor m\u00e9g mindig seg\u00edt fiatalabb \u00fajs\u00e1g\u00edr\u00f3i koll\u00e9g\u00e1inak k\u00f6nyveket szerkeszteni. Az erd\u00e9lyi sz\u00e9pirodalmi-publicisztikai term\u00e9sb\u0151l k\u00f6zvet\u00edt\u00e9se r\u00e9v\u00e9n ker\u00fclhetett t\u00f6bb k\u00f6tet a Magyar Elektronikus K\u00f6nyvt\u00e1rba. Semmilyen \u00edr\u00e1sbeli feladatot nem utas\u00edt vissza, ha valaki megk\u00e9ri \u00e9s imm\u00e1r nyolcvan \u00e9vesen is r\u00e9szt vesz a cs\u00edkszeredai \u00e9s megyei k\u00f6zm\u0171vel\u0151d\u00e9si \u00e9letben. R\u00e1ad\u00e1sul kiv\u00e1l\u00f3 k\u00f6lt\u0151, aki most \u00e9ppen a v\u00edrusra figyel. (&#8230;)<\/p>\n<p><a href=\"https:\/\/ujkafe.website\/wp-content\/uploads\/2021\/02\/139-dedik.jpg\"><img loading=\"lazy\" decoding=\"async\" class=\"alignnone  wp-image-94803\" src=\"https:\/\/ujkafe.website\/wp-content\/uploads\/2021\/02\/139-dedik-300x292.jpg\" alt=\"\" width=\"511\" height=\"497\" srcset=\"https:\/\/ujkafe.website\/wp-content\/uploads\/2021\/02\/139-dedik-300x292.jpg 300w, https:\/\/ujkafe.website\/wp-content\/uploads\/2021\/02\/139-dedik-768x748.jpg 768w, https:\/\/ujkafe.website\/wp-content\/uploads\/2021\/02\/139-dedik-1024x997.jpg 1024w, https:\/\/ujkafe.website\/wp-content\/uploads\/2021\/02\/139-dedik.jpg 1891w\" sizes=\"auto, (max-width: 511px) 100vw, 511px\" \/><\/a><\/p>\n","protected":false},"excerpt":{"rendered":"<p>Cseke G\u00e1bor: Hadi\u00f6sv\u00e9nyek tegnap \u00e9s ma: \u00fajabb olvas\u00f3napl\u00f3k (Hargita N\u00e9pe K\u00f6nyvek , 2018, a bor\u00edt\u00f3 \u00c1d\u00e1m Gyula munk\u00e1ja) A napl\u00f3 \u00edr\u00f3ja feljegyzi a vele vagy m\u00e1sokkal megesett mindennapi t\u00f6rt\u00e9n\u00e9seket. Az olvas\u00f3napl\u00f3 \u00edr\u00f3ja feljegyzi olvasm\u00e1ny\u00e9lm\u00e9nyeit. \u00c9s ha \u00fagy tal\u00e1lja, akkor megosztja m\u00e1sokkal is. A vil\u00e1gh\u00e1l\u00f3 erre kiv\u00e1l\u00f3an alkalmas \u00e9s Cseke G\u00e1bor (1941) m\u00e1r r\u00e9g\u00f3ta m\u0171veli ezt [&hellip;]<\/p>\n","protected":false},"author":3,"featured_media":0,"comment_status":"open","ping_status":"open","sticky":false,"template":"","format":"standard","meta":{"_monsterinsights_skip_tracking":false,"_monsterinsights_sitenote_active":false,"_monsterinsights_sitenote_note":"","_monsterinsights_sitenote_category":0,"ngg_post_thumbnail":0,"footnotes":""},"categories":[120],"tags":[],"class_list":["post-94800","post","type-post","status-publish","format-standard","hentry","category-essze"],"_links":{"self":[{"href":"https:\/\/ujkafe.website\/index.php?rest_route=\/wp\/v2\/posts\/94800","targetHints":{"allow":["GET"]}}],"collection":[{"href":"https:\/\/ujkafe.website\/index.php?rest_route=\/wp\/v2\/posts"}],"about":[{"href":"https:\/\/ujkafe.website\/index.php?rest_route=\/wp\/v2\/types\/post"}],"author":[{"embeddable":true,"href":"https:\/\/ujkafe.website\/index.php?rest_route=\/wp\/v2\/users\/3"}],"replies":[{"embeddable":true,"href":"https:\/\/ujkafe.website\/index.php?rest_route=%2Fwp%2Fv2%2Fcomments&post=94800"}],"version-history":[{"count":0,"href":"https:\/\/ujkafe.website\/index.php?rest_route=\/wp\/v2\/posts\/94800\/revisions"}],"wp:attachment":[{"href":"https:\/\/ujkafe.website\/index.php?rest_route=%2Fwp%2Fv2%2Fmedia&parent=94800"}],"wp:term":[{"taxonomy":"category","embeddable":true,"href":"https:\/\/ujkafe.website\/index.php?rest_route=%2Fwp%2Fv2%2Fcategories&post=94800"},{"taxonomy":"post_tag","embeddable":true,"href":"https:\/\/ujkafe.website\/index.php?rest_route=%2Fwp%2Fv2%2Ftags&post=94800"}],"curies":[{"name":"wp","href":"https:\/\/api.w.org\/{rel}","templated":true}]}}