
{"id":94835,"date":"2021-02-26T02:50:09","date_gmt":"2021-02-26T02:50:09","guid":{"rendered":"https:\/\/ujkafe.website\/?p=94835"},"modified":"2021-02-23T15:54:46","modified_gmt":"2021-02-23T15:54:46","slug":"szekedi-ferenc-arcok-szavak-emlekek-140","status":"publish","type":"post","link":"https:\/\/ujkafe.website\/?p=94835","title":{"rendered":"Sz\u00e9kedi Ferenc: Arcok, szavak, eml\u00e9kek (140.)"},"content":{"rendered":"<h2><em><strong>Kusz\u00e1lik P\u00e9ter: M\u00f6rfi napl\u00f3ja<\/strong><\/em><\/h2>\n<p><em><strong>(Marosv\u00e1s\u00e1rhely, 2020, a szerz\u0151 kiad\u00e1sa. A c\u00edmlapot Vincze L\u00e1szl\u00f3 tervezte. A szerz\u0151 f\u00e9nyk\u00e9p\u00e9t Ha\u00e1z Vince k\u00e9sz\u00edtette)<\/strong><\/em><\/p>\n<p>Vigy\u00e1zz, ami elromolhat, az el is romlik. \u00c1ll\u00edt\u00f3lag egy bizonyos Eduard Murphy nev\u0171 amerikai g\u00e9p\u00e9szm\u00e9rn\u00f6k sz\u00f3lt oda egyik munkat\u00e1rs\u00e1nak m\u00e9g 1949-ben, amikor rossz helyre szerelt be egy dr\u00f3tot valamif\u00e9le szerkezetben, \u00e9s a Murphy-irodalom az\u00f3ta elindult vil\u00e1gh\u00f3d\u00edt\u00f3 \u00fatj\u00e1ra. Minden orsz\u00e1gban \u00e9s minden nyelven.<br \/>\nS\u0151t szerte is \u00e1gazott, hiszen imm\u00e1r a politik\u00e1t\u00f3l a matematik\u00e1ig, a k\u00f6zgazdas\u00e1gtant\u00f3l az orvostudom\u00e1nyig sz\u00e1mos t\u00f6m\u00f6r, m\u00e1s nevekhez is k\u00f6t\u0151d\u0151 tr\u00e9f\u00e1s sz\u00f3l\u00e1smond\u00e1sok sokas\u00e1ga bizony\u00edtja, hogy nem \u00e9rdemes megvetni az \u00e9let der\u0171s oldal\u00e1t. J\u00f3magam, amikor bev\u00e1s\u00e1rl\u00e1skor nem tudom eld\u00f6nteni, hogy melyik p\u00e9nzt\u00e1rn\u00e1l \u00e1lljak sorba, akkor mindig arra gondolok, hogy teljesen mindegy: a m\u00e1sik sor \u00fagyis gyorsabban halad.<!--more--><br \/>\nDeh\u00e1t ez a M\u00f6rfi nem az a Murphy. Ez a M\u00f6rfi Kusz\u00e1lik P\u00e9ter(1949) Kolozsv\u00e1ron sz\u00fcletett, imm\u00e1r r\u00e9g\u00f3ta Marosv\u00e1s\u00e1rhelyen \u00e9l\u0151 bibliogr\u00e1fus, lexikogr\u00e1fus, publicista, \u00edr\u00f3, szerkeszt\u0151, tanult szakm\u00e1ja szerint g\u00e9p\u00e9szm\u00e9rn\u00f6k. Ebben a k\u00f6nyv\u00e9ben pedig t\u00f6bbek k\u00f6z\u00f6tt \u00f6sszefoglalja saj\u00e1t \u00e9letp\u00e1ly\u00e1j\u00e1t.<br \/>\n1991-t\u0151l sz\u00f3cikkeket \u00edrt \u00e9s szerkesztett a Magyar Katolikus Lexikonnak, az \u00daj magyar irodalmi lexikonnak, a Kort\u00e1rs magyar \u00edr\u00f3k adatt\u00e1r\u00e1nak, a Rom\u00e1niai magyar irodalmi lexikonnak \u00e9s m\u00e1s, hasonl\u00f3 m\u0171faj\u00fa kiadv\u00e1nynak. Ha \u0151 nincs, az 1989-es rendszerv\u00e1lt\u00e1s ut\u00e1ni rom\u00e1niai magyar sajt\u00f3robban\u00e1s megannyi term\u00e9ke alighanem v\u00e9gleg elt\u0171nik az id\u0151k hom\u00e1ly\u00e1ban, de \u0151 hihetetlen\u00fcl sz\u00edv\u00f3s kutat\u00f3munk\u00e1val valamennyit \u00f6sszegy\u0171jt\u00f6tte, sz\u00f3cikkekbe \u00e9s k\u00f6nyvekbe rendezte, \u00e9s ugyanezt tette a 89 el\u0151ttiekkel is. Mind a mai napig t\u00e1rsszerkeszt\u0151je dr. Marton J\u00f3zsef egyetemi tan\u00e1r mellett a M\u00e1rton \u00c1ron hagyat\u00e9ka k\u00f6nyvsorozatnak \u00e9s m\u00e9g folytathatn\u00e1m a sort, de az\u00e9rt csak oda kellenne kilyukadnom, hogy \u0151 M\u00f6rfi, a legszellemesebb erd\u00e9lyi pamflet\u00edr\u00f3, aki sz\u00f6vegeivel a legt\u00f6bb rom\u00e1niai magyar napilapban \u00e9s hetilapban jelentkezett, nem is egy \u00fajs\u00e1gban \u00f6n\u00e1ll\u00f3 rovatk\u00e9nt \u00e9s \u00e9veken \u00e1t.<br \/>\nAmint az \u00fajs\u00e1g\u00edr\u00f3k n\u00e9ha \u00e1tmennek a politik\u00e1ba majd legt\u00f6bbsz\u00f6r rossz sz\u00e1j\u00edzzel visszat\u00e9rnek, \u0151 is kipr\u00f3b\u00e1lta, de persze, amolyan M\u00f6rfisen. Amikor a m\u00falt sz\u00e1zad kilencvenes \u00e9veiben az RMDSZ-t kisebb-nagyobb \u00e9rdekcsoportok megpr\u00f3b\u00e1lt\u00e1k sz\u00e9tcinc\u00e1lni, l\u00e9trehozta a M\u00f6rfi Bar\u00e1ti Frakci\u00f3 nev\u0151 p\u00e1rtocsk\u00e1t, ahov\u00e1 a bel\u00e9p\u00e9si \u00e9s kil\u00e9p\u00e9si nyilatkozatot egyszerre kellett al\u00e1\u00edrni, nehogy a tagok sz\u00e1ma t\u00fals\u00e1gosan gyarapodjon.<br \/>\nTal\u00e1n ebb\u0151l is kider\u00fcl: humor\u00e1nak alapvet\u0151 von\u00e1sa az abszurd. M\u00f6rfi soha nem felejt: a felsz\u00edn al\u00e1 tekint, az id\u0151be is visszapillant, p\u00e1rhuzamokat von \u00e9s amint a politikai felragyogtatja valaminek csak a sz\u00edn\u00e9t, akkor \u0151 azonnal a fon\u00e1kj\u00e1t is hozz\u00e1teszi.<br \/>\nEz\u00e9rt j\u00f3n\u00e9h\u00e1ny hazai magyar politikus egy\u00e1ltal\u00e1n nem rajongott \u00e9rte, mint ahogyan az is n\u00f6velte az ellene hadakoz\u00f3k t\u00e1bor\u00e1t, hogy egy\u00e1ltal\u00e1n nem b\u00e1nt keszty\u0171s k\u00e9zzel a jelenkori erd\u00e9lyi magyar irodalom \u00e9s k\u00f6z\u00e9let b\u00e1lv\u00e1nyaival. Lexik\u00e1lis buv\u00e1rkod\u00e1sai k\u00f6zben ugyanis eg\u00e9sz sor olyan dokumentumra bukkant, amelyek arra utaltak, hogy mifel\u00e9nk, a m\u00e1sodik vil\u00e1gh\u00e1bor\u00fa ut\u00e1n, j\u00f3n\u00e9h\u00e1nyan t\u00f6bbsz\u00f6r is v\u00e9gigmentek azon a bizonyos damaszkuszi \u00faton, r\u00e1ad\u00e1sul ezeket az \u00e9szrev\u00e9teleket, gondolatatokat meg is jelentette, olykor saj\u00e1t szamizdat kiad\u00e1s\u00e1ban, ez\u00e9rt pedig nem egyszer alaposan leszedt\u00e9k r\u00f3la a keresztv\u00edzet.<br \/>\nDeh\u00e1t Kusz\u00e1lik P\u00e9ter f\u00fcggetlen ember, \u00f6n\u00e1ll\u00f3 gondolkod\u00f3 \u00e9s azt tartja: az embernek mindenekel\u0151tt saj\u00e1t mag\u00e1val kell j\u00f3ban lennie. Ha egyed\u00fcl vagy, j\u00f3 t\u00e1rsas\u00e1gban vagy \u2013 hallotta valamikor az \u00e9desanyj\u00e1t\u00f3l \u00e9s alighanem ez vitte el t\u00f6bbsz\u00f6r is az El Caminora.<br \/>\nA huszadik sz\u00e1zad m\u00e1sodik fel\u00e9nek, a huszonegyedik sz\u00e1zad els\u0151 k\u00e9t \u00e9vtized\u00e9nek mifel\u00e9nk, Erd\u00e9lyben, t\u00f6bbf\u00e9le lenyomata van. Szenvtelennek, hidegnek t\u0171n\u0151 t\u00f6rt\u00e9nelmi. Oszt\u00e1lyoz\u00f3, skatuly\u00e1z\u00f3 t\u00e1rsadalomtudom\u00e1nyi. Sz\u00e9p\u00edtget\u0151 napl\u00f3irodalmi. Magyar\u00e1zgat\u00f3 \u00e9s magyar\u00e1zkod\u00f3 politikusi. Sz\u00fcrke galambokb\u00f3l k\u0151sz\u00e1li sasokat \u00e1trajzol\u00f3 csal\u00e1di. M\u00f6rfivel pedig imm\u00e1r g\u00f6rbe t\u00fckr\u00f6t is tart\u00f3 k\u00f6z\u00e9leti.<br \/>\n\u00c9s nagy sz\u00fcks\u00e9g van erre az ut\u00f3bbira. P\u00f3tolhatatlan lenne ugyanis, ha ezt a kar\u00e1csony ben\u0151i, bajor andori vagy nem is tudom, m\u00e9g milyen \u00edr\u00f3i humorb\u00f3l sz\u00e1rmaz\u00f3 st\u00edlust \u00e9s szeml\u00e9letm\u00f3dot elvesz\u00edten\u00e9nk, hogy valamennyien fejb\u00f3logat\u00f3 j\u00e1nosokk\u00e1 v\u00e1ljunk teremtett b\u00e1lv\u00e1nyok \u00e9s csalhatatlannak mondott eszm\u00e9k el\u0151tt t\u00e9rdepelve. Az \u00f6n\u00e1ll\u00f3s\u00e1g \u00fatja mindig az \u00f6n\u00e1ll\u00f3 gondolkod\u00e1ssal kezd\u0151dik \u2013 mondhatn\u00e1 ak\u00e1r M\u00f6rfi is ebben a k\u00f6nyvben, amelyben r\u00e9szletesen visszatekint a saj\u00e1t \u00e9let\u00e9re.<\/p>\n<p><a href=\"https:\/\/ujkafe.website\/wp-content\/uploads\/2021\/02\/kuszi.jpg\"><img loading=\"lazy\" decoding=\"async\" class=\"alignnone  wp-image-94837\" src=\"https:\/\/ujkafe.website\/wp-content\/uploads\/2021\/02\/kuszi-300x202.jpg\" alt=\"\" width=\"578\" height=\"389\" srcset=\"https:\/\/ujkafe.website\/wp-content\/uploads\/2021\/02\/kuszi-300x202.jpg 300w, https:\/\/ujkafe.website\/wp-content\/uploads\/2021\/02\/kuszi-768x518.jpg 768w, https:\/\/ujkafe.website\/wp-content\/uploads\/2021\/02\/kuszi.jpg 973w\" sizes=\"auto, (max-width: 578px) 100vw, 578px\" \/><\/a><\/p>\n","protected":false},"excerpt":{"rendered":"<p>Kusz\u00e1lik P\u00e9ter: M\u00f6rfi napl\u00f3ja (Marosv\u00e1s\u00e1rhely, 2020, a szerz\u0151 kiad\u00e1sa. A c\u00edmlapot Vincze L\u00e1szl\u00f3 tervezte. A szerz\u0151 f\u00e9nyk\u00e9p\u00e9t Ha\u00e1z Vince k\u00e9sz\u00edtette) Vigy\u00e1zz, ami elromolhat, az el is romlik. \u00c1ll\u00edt\u00f3lag egy bizonyos Eduard Murphy nev\u0171 amerikai g\u00e9p\u00e9szm\u00e9rn\u00f6k sz\u00f3lt oda egyik munkat\u00e1rs\u00e1nak m\u00e9g 1949-ben, amikor rossz helyre szerelt be egy dr\u00f3tot valamif\u00e9le szerkezetben, \u00e9s a Murphy-irodalom az\u00f3ta elindult [&hellip;]<\/p>\n","protected":false},"author":3,"featured_media":0,"comment_status":"open","ping_status":"open","sticky":false,"template":"","format":"standard","meta":{"_monsterinsights_skip_tracking":false,"_monsterinsights_sitenote_active":false,"_monsterinsights_sitenote_note":"","_monsterinsights_sitenote_category":0,"ngg_post_thumbnail":0,"footnotes":""},"categories":[120],"tags":[],"class_list":["post-94835","post","type-post","status-publish","format-standard","hentry","category-essze"],"_links":{"self":[{"href":"https:\/\/ujkafe.website\/index.php?rest_route=\/wp\/v2\/posts\/94835","targetHints":{"allow":["GET"]}}],"collection":[{"href":"https:\/\/ujkafe.website\/index.php?rest_route=\/wp\/v2\/posts"}],"about":[{"href":"https:\/\/ujkafe.website\/index.php?rest_route=\/wp\/v2\/types\/post"}],"author":[{"embeddable":true,"href":"https:\/\/ujkafe.website\/index.php?rest_route=\/wp\/v2\/users\/3"}],"replies":[{"embeddable":true,"href":"https:\/\/ujkafe.website\/index.php?rest_route=%2Fwp%2Fv2%2Fcomments&post=94835"}],"version-history":[{"count":0,"href":"https:\/\/ujkafe.website\/index.php?rest_route=\/wp\/v2\/posts\/94835\/revisions"}],"wp:attachment":[{"href":"https:\/\/ujkafe.website\/index.php?rest_route=%2Fwp%2Fv2%2Fmedia&parent=94835"}],"wp:term":[{"taxonomy":"category","embeddable":true,"href":"https:\/\/ujkafe.website\/index.php?rest_route=%2Fwp%2Fv2%2Fcategories&post=94835"},{"taxonomy":"post_tag","embeddable":true,"href":"https:\/\/ujkafe.website\/index.php?rest_route=%2Fwp%2Fv2%2Ftags&post=94835"}],"curies":[{"name":"wp","href":"https:\/\/api.w.org\/{rel}","templated":true}]}}