
{"id":94849,"date":"2021-02-28T02:55:18","date_gmt":"2021-02-28T02:55:18","guid":{"rendered":"https:\/\/ujkafe.website\/?p=94849"},"modified":"2021-02-25T07:09:31","modified_gmt":"2021-02-25T07:09:31","slug":"pusztai-peter-elmult-napok-513","status":"publish","type":"post","link":"https:\/\/ujkafe.website\/?p=94849","title":{"rendered":"Pusztai P\u00e9ter: Elm\u00falt napok (513)"},"content":{"rendered":"<p><a href=\"https:\/\/ujkafe.website\/wp-content\/uploads\/2021\/02\/carandache-PP.jpg\"><img loading=\"lazy\" decoding=\"async\" class=\"alignnone wp-image-94851\" src=\"https:\/\/ujkafe.website\/wp-content\/uploads\/2021\/02\/carandache-PP-300x188.jpg\" alt=\"\" width=\"500\" height=\"314\" srcset=\"https:\/\/ujkafe.website\/wp-content\/uploads\/2021\/02\/carandache-PP-300x188.jpg 300w, https:\/\/ujkafe.website\/wp-content\/uploads\/2021\/02\/carandache-PP-768x482.jpg 768w, https:\/\/ujkafe.website\/wp-content\/uploads\/2021\/02\/carandache-PP-1024x642.jpg 1024w, https:\/\/ujkafe.website\/wp-content\/uploads\/2021\/02\/carandache-PP.jpg 1556w\" sizes=\"auto, (max-width: 500px) 100vw, 500px\" \/><\/a><\/p>\n<p>Sv\u00e1jci \u00faj \u00e9let\u00fcnk els\u0151 h\u00f3napjaiban kaptunk megb\u00edz\u00e1st arra, hogy a Caran d&#8217;Ache gy\u00e1rnak minden term\u00e9ke m\u00e1s, frissebb csomagol\u00e1sba ker\u00fclj\u00f6n. Majd a rekl\u00e1mgrafikai katal\u00f3gusokat \u00e9s a k\u00fcl\u00f6nb\u00f6z\u0151 demonstr\u00e1l\u00f3 illusztr\u00e1ci\u00f3kat is r\u00e1nk r\u00e1nk b\u00edzt\u00e1k. P\u00e9ld\u00e1ul \u00edgy ker\u00fclt a piacra az \u00faj akvarell f\u00e9mb\u0151l k\u00e9sz\u00fclt doboza. Persze a szarvasbog\u00e1r (LUCANUS CERVUS) n\u00e9lk\u00fcl&#8230; Most csak az\u00e9rt van ott, mert gyermekkori j\u00e1tsz\u00f3t\u00e1rsam volt&#8230;<\/p>\n<p><em>Forr\u00e1s: a szerz\u0151 FB-oldala<\/em><\/p>\n","protected":false},"excerpt":{"rendered":"<p>Sv\u00e1jci \u00faj \u00e9let\u00fcnk els\u0151 h\u00f3napjaiban kaptunk megb\u00edz\u00e1st arra, hogy a Caran d&#8217;Ache gy\u00e1rnak minden term\u00e9ke m\u00e1s, frissebb csomagol\u00e1sba ker\u00fclj\u00f6n. Majd a rekl\u00e1mgrafikai katal\u00f3gusokat \u00e9s a k\u00fcl\u00f6nb\u00f6z\u0151 demonstr\u00e1l\u00f3 illusztr\u00e1ci\u00f3kat is r\u00e1nk r\u00e1nk b\u00edzt\u00e1k. P\u00e9ld\u00e1ul \u00edgy ker\u00fclt a piacra az \u00faj akvarell f\u00e9mb\u0151l k\u00e9sz\u00fclt doboza. Persze a szarvasbog\u00e1r (LUCANUS CERVUS) n\u00e9lk\u00fcl&#8230; Most csak az\u00e9rt van ott, mert [&hellip;]<\/p>\n","protected":false},"author":3,"featured_media":0,"comment_status":"open","ping_status":"open","sticky":false,"template":"","format":"standard","meta":{"_monsterinsights_skip_tracking":false,"_monsterinsights_sitenote_active":false,"_monsterinsights_sitenote_note":"","_monsterinsights_sitenote_category":0,"ngg_post_thumbnail":0,"footnotes":""},"categories":[19],"tags":[],"class_list":["post-94849","post","type-post","status-publish","format-standard","hentry","category-grafika"],"_links":{"self":[{"href":"https:\/\/ujkafe.website\/index.php?rest_route=\/wp\/v2\/posts\/94849","targetHints":{"allow":["GET"]}}],"collection":[{"href":"https:\/\/ujkafe.website\/index.php?rest_route=\/wp\/v2\/posts"}],"about":[{"href":"https:\/\/ujkafe.website\/index.php?rest_route=\/wp\/v2\/types\/post"}],"author":[{"embeddable":true,"href":"https:\/\/ujkafe.website\/index.php?rest_route=\/wp\/v2\/users\/3"}],"replies":[{"embeddable":true,"href":"https:\/\/ujkafe.website\/index.php?rest_route=%2Fwp%2Fv2%2Fcomments&post=94849"}],"version-history":[{"count":0,"href":"https:\/\/ujkafe.website\/index.php?rest_route=\/wp\/v2\/posts\/94849\/revisions"}],"wp:attachment":[{"href":"https:\/\/ujkafe.website\/index.php?rest_route=%2Fwp%2Fv2%2Fmedia&parent=94849"}],"wp:term":[{"taxonomy":"category","embeddable":true,"href":"https:\/\/ujkafe.website\/index.php?rest_route=%2Fwp%2Fv2%2Fcategories&post=94849"},{"taxonomy":"post_tag","embeddable":true,"href":"https:\/\/ujkafe.website\/index.php?rest_route=%2Fwp%2Fv2%2Ftags&post=94849"}],"curies":[{"name":"wp","href":"https:\/\/api.w.org\/{rel}","templated":true}]}}