
{"id":95001,"date":"2021-03-15T02:51:19","date_gmt":"2021-03-15T02:51:19","guid":{"rendered":"https:\/\/ujkafe.website\/?p=95001"},"modified":"2021-03-13T12:08:00","modified_gmt":"2021-03-13T12:08:00","slug":"a-gergely-andras-egy-este-a-meggyotort-valosaggal","status":"publish","type":"post","link":"https:\/\/ujkafe.website\/?p=95001","title":{"rendered":"A. Gergely Andr\u00e1s: Egy este a meggy\u00f6t\u00f6rt val\u00f3s\u00e1ggal"},"content":{"rendered":"<h2><em><strong>\u00c1tlapoz\u00e1sn\u00e1l t\u00f6bbre \u00e9rdemes<\/strong><\/em><\/h2>\n<p>Kiv\u00e9telesen, szinte v\u00e1laszt\u00e9kosan k\u00e9ptelen \u00e1llapot a mai: \u00fagy j\u00f6tt \u00f6ssze ez a h\u00e9tv\u00e9gi olvas\u00e1s-terv, hogy r\u00f6pke sz\u00e1m\u00edt\u00e1s szerint 2223 oldal jut a weekend-\u00f6r\u00f6m\u00f6knek elolvas\u00e1sra, a fennmarad\u00f3 id\u0151 szinte teljes eg\u00e9sz\u00e9ben a reflexi\u00f3k meg\u00edr\u00e1s\u00e1ra. K\u00e9t tudom\u00e1nyos k\u00f6tet, egy vaskos publicisztikai v\u00e1logat\u00e1s, egy reg\u00e9ny \u00e9s egy ezer oldaln\u00e1l is vaskosabb Festschrift \u201er\u00f6vid szeml\u00e9z\u00e9se\u201d a fejadag.<!--more--><\/p>\n<p>Ehhez kell m\u00e9rni az al\u00e1bbiakat. Igen, m\u00e9ltatlanul kev\u00e9s maradt r\u00e1, de nem el\u0151sz\u00f6r van \u00edgy, \u00e9s imm\u00e1r nem is halogathat\u00f3an. R\u00f6vid leszek teh\u00e1t, mert a mindent elem\u00e9szt\u0151 id\u0151 a legkegyetlenebb \u00e9ppen a jelz\u0151k\u00e9szlet \u00e1rnyal\u00e1s\u00e1ban, a mondand\u00f3 form\u00e1l\u00e1s\u00e1ban, az \u00fczenet alak\u00edt\u00e1s\u00e1ban szorongat. De ami fontosabb: az alant kiv\u00e1lasztott m\u0171 nem \u00e9let\u00fat-lez\u00e1r\u00f3, alkalmi megeml\u00e9kez\u0151, \u00e1tfog\u00f3an kivonatos, szaktudom\u00e1nyosan decens opusz, hanem a Szerz\u0151 \u00e1ltal is tudatosan v\u00e1llalt \u201epublicisztikai \u00edr\u00e1sok\u201d alc\u00edmre hallgat. Sok olyan tudom\u00e1nyos szf\u00e9ra van a l\u00e1that\u00e1romon, ahol az ilyes \u201etud\u00e1sszint-meghat\u00e1roz\u00e1sra\u201d keser\u0171 legyint\u00e9s a v\u00e1lasz: a \u201ethodom\u00e1ny objektivit\u00e1sa\u201d nem engedi meg a vallottan \u201e\u00fajs\u00e1g\u00edr\u00f3s\u201d, k\u00f6z\u00fcgyi fontoskod\u00e1st t\u00fckr\u00f6z\u0151, a \u201emagas tud\u00e1s\u201d \u00e9s \u201emagvas irodalom\u201d k\u00f6z\u00f6tti kommunik\u00e1ci\u00f3s r\u00e9tegben keletkez\u0151 m\u0171vecsk\u00e9k m\u00e9lt\u00f3 \u00e9rt\u00e9kel\u00e9s\u00e9t\u2026 Maradna viszont a publicisztikai mili\u0151, melyben azonban a \u201et\u00fal tudom\u00e1nyos\u201d jelz\u0151t kapn\u00e1 a k\u00f6tet, s a politikai, amelyben a \u201efelsz\u00ednesen \u00fajs\u00e1g\u00edr\u00f3s\u201d jelz\u0151 duk\u00e1l m\u00e9g ut\u00e1latosabban. <strong>Bod\u00f3 Barna<\/strong> k\u00f6tete azonban mindegyik \u00e9rdekl\u0151d\u00e9si ir\u00e1nynak, szakmai k\u00f6zegnek, k\u00f6z\u00edr\u00e1snak \u00e9s politikai publicisztik\u00e1nak, k\u00f6z\u00e9leti reflexi\u00f3nak \u00e9s kisebbs\u00e9gi v\u00e1laszk\u00e9nyszernek, oktat\u00e1snak \u00e9s embernevel\u00e9snek egyar\u00e1nt k\u00edn\u00e1lja a megfontolnival\u00f3t, a vitat\u00e9m\u00e1t, az \u00e9rtelmez\u0151 olvasatot. A <em>Meggy\u00f6t\u00f6rt val\u00f3s\u00e1g (Irodalmi Jelen, Arad, 2020., 296 oldal)<\/em> m\u00e9gis olyan k\u00f6tet, melyet a politol\u00f3gus, egykor felel\u0151s akt\u00edv politikus, civil mozgalomvezet\u0151, k\u00f6nyvkiad\u00f3, t\u00e1rsadalomkutat\u00f3, egyetemi tan\u00e1r, politikai aktivista, m\u00e9g kor\u00e1bban \u00fajs\u00e1g\u00edr\u00f3, rovatvezet\u0151, k\u00f6z\u00e9leti \u00fcgyek gondnoka, kisebbs\u00e9gi szakk\u00e9rd\u00e9sek felel\u0151se, t\u00e1rsadalomkutat\u00e1si m\u0171helyf\u0151n\u00f6k, \u00e9s m\u00e9g n\u00e9h\u00e1ny k\u00f6zfunkci\u00f3t ne is feledjek\u2026, egysz\u00f3val korunk rom\u00e1niai magyar \u00fcgyeinek egyik interpret\u00e1tora r\u00f6viden \u201epublicisztikai \u00edr\u00e1sok\u201d c\u00edmen szedett egyetlen munk\u00e1ba. Bel\u00e1tom, kell\u0151en neh\u00e9z mindezt ak\u00e1r egyetlen, ak\u00e1r t\u00f6bb szakmai megfigyel\u0151pontr\u00f3l eg\u00e9sz\u00e9ben \u00e9rt\u00e9kelni. De hogy csak az\u00e9rt hagyjuk n\u00e9m\u00e1n a k\u00f6nyvet, mert sokf\u00e9le, vagy az\u00e9rt, mert vegyesen van benne irodalmi reflexi\u00f3, kult\u00farat\u00f6rt\u00e9neti \u00e9szrev\u00e9tel, portr\u00e9, lev\u00e9l, vitairat, sz\u00f3v\u00e1lt\u00e1s, \u00e9szrev\u00e9tel, essz\u00e9, kisebb tanulm\u00e1ny, sajt\u00f3cikk, karcolat, szemle, h\u00edrad\u00e1s, helyt\u00f6rt\u00e9net, k\u00f6sz\u00f6nt\u00e9s, helyzetjelent\u00e9s \u00e9s replik\u00e1z\u00e1s\u2026 \u2013 az tal\u00e1n m\u00e9ltatlan t\u00falz\u00e1s lenne. Avagy nem is t\u00falz\u00e1s, de \u00e9pp az ellenkez\u0151je annak, amit a k\u00f6tet szellemis\u00e9ge, a Szerz\u0151 eg\u00e9sz \u00e9let\u00fatja, szakmai p\u00e1ly\u00e1ja, vil\u00e1gk\u00e9pe, erk\u00f6lcsis\u00e9ge, k\u00f6zl\u00e9sm\u00f3dja elv\u00e1rna mindenkit\u0151l, aki \u00e9rintett vagy \u00e9rdekl\u0151d\u0151 lehet tal\u00e1n.<\/p>\n<p>Publicisztikai \u00edr\u00e1sok\u2026 Egysz\u00f3val nem sokt\u00edz oldalas tanulm\u00e1nyok gy\u0171jtem\u00e9nye (de n\u00e9ha eff\u00e9le ig\u00e9nyess\u00e9get t\u00fckr\u00f6z), nem k\u00f6z\u00e9leti szakv\u00e9lem\u00e9ny (de t\u00f6bb tucatnyi ilyen is akad a k\u00f6nyvben), nem tudom\u00e1nyos v\u00e1zlat (de helyette sokszor annak is megfelel\u0151 \u201ekivonat\u201d), nem egyetemi el\u0151ad\u00e1s (de korunk r\u00f6vid m\u0171fajokra specifik\u00e1l\u00f3dott egyetemi oktat\u00e1sa egyenk\u00e9nt is t\u00fals\u00falyosnak min\u0151s\u00edten\u00e9 az \u00edr\u00e1sok t\u00f6bbs\u00e9g\u00e9t, mondv\u00e1n: ennyi nem f\u00e9r bele egy egyetemi \u00f3r\u00e1ba\u2026!), s m\u00e9g sorolni lehetne a \u201emi minden nem\u2026\u201d klasszifik\u00e1ci\u00f3s lajstrom t\u00e9teleit. Holott ezek egyenk\u00e9nt is \u00e9ppen azt t\u00fckr\u00f6zik, mire juthatott id\u0151 \u00e9s kur\u00e1zsi egy \u00e9let\u00fat sor\u00e1n, amikor a fennebb jelzett \u201es\u0171r\u0171 weekend\u201d nem kiv\u00e9teles pillanat, hanem mindenhetes \u00e1llapot, mert ugyanarra a h\u00e9tv\u00e9g\u00e9re jut projektz\u00e1r\u00f3 jelent\u00e9s k\u00e9sz\u00edt\u00e9se, k\u00f6lts\u00e9gterv egy k\u00f6vetkez\u0151h\u00f6z, besz\u00e1mol\u00f3 egy harmadikhoz, szerkeszt\u00e9s egy kiadv\u00e1nyban, lektor\u00e1l\u00e1s egy k\u00f6tethez, \u00f3raterv egy egyetemi el\u0151ad\u00e1shoz, ismertet\u0151 egy \u00e9let\u00fat-eml\u00e9kez\u00e9sbe, felsz\u00f3lal\u00e1si sz\u00f6veg egy aktu\u00e1lis rendezv\u00e9nyen, nem mellesleg doktorandusok seg\u00edt\u00e9se napi kontroll, olvasm\u00e1ny-javaslatok, terv-v\u00e1zlatok, kutat\u00e1si programterv, koncepci\u00f3-\u00e1talak\u00edt\u00e1s sugallata, n\u00e9h\u00e1ny k\u00f6z\u00e9leti telefonh\u00edv\u00e1s, tan\u00e1csad\u00e1s \u00e9s k\u00f6sz\u00f6nt\u00e9s, \u00fcnnepl\u00e9s \u00e9s rendezv\u00e9nyszervez\u00e9s, olvasm\u00e1ny- \u00e9s \u00edr\u00e1sfeladat egyszerre.<\/p>\n<p>M\u00e1rmost Bod\u00f3 k\u00f6tete \u00e9ppen ezt t\u00fckr\u00f6zi. A \u201esemelyik sem kev\u00e9sb\u00e9 fontos\u201d \u00e1llapot\u00e1t, az el nem hanyagolhat\u00f3 k\u00e9sztetetts\u00e9geket, a \u201evonni kell, mert m\u00e1s nem hurcolja\u201d k\u00e9nyszer\u00e9t, az elk\u00f6telez\u0151d\u00e9s hangj\u00e1t, a kisebbs\u00e9gi k\u00e9pviselet felel\u0151ss\u00e9g\u00e9t, a k\u00f6zread\u00e1s ig\u00e9ny\u00e9t, a belesz\u00f3l\u00e1s musz\u00e1j-\u00e1t, a tiszteletad\u00e1s nemess\u00e9g\u00e9t, a respektus attit\u0171dj\u00e9t, a vitak\u00e9pess\u00e9g sz\u00e1nd\u00e9k\u00e1t, s m\u00e9g sz\u00e1mos egyebet is, amit h\u00edven f\u00f6lmutat a k\u00f6tet alaphangja. S akkor m\u00e9g \u201etematikusan\u201d nem is jeleztem bel\u0151le semmit sem. De itt van a v\u00e1laszt\u00e9kosan megmunk\u00e1lt publicisztik\u00e1nak az a m\u0171faji profilja is, amely nem a \u201enesze neked, megmondom \u00e9n a pof\u00e1dba is!\u201d durvas\u00e1g\u00e1val \u00e9l, hanem az \u201e\u2026\u00e1llj meg, Ember\u2026, mondhatok itt egy sz\u00f3t\u2026?!\u201d kommunikat\u00edv b\u00e1j\u00e1val, a \u201er\u00e9giesnek\u201d is mondhat\u00f3 \u201et\u00e1rsas\u00e1gi ember\u201d kapcsolati kult\u00far\u00e1j\u00e1val, a k\u00e9rdezve v\u00e1laszad\u00f3, tr\u00e9f\u00e1lva tan\u00edt\u00f3, egyszerre t\u00f6bb szempontot is alkalmazni b\u00edr\u00f3, a k\u00f6zl\u00e9st \u00e1tl\u00e1that\u00f3 rendszerbe tagol\u00f3, s a k\u00f6zl\u00e9ssel a \u201emegc\u00e9lzott befogad\u00f3\u201d szem\u00e9ly\u00e9t nem megb\u00e1nt\u00f3, hanem megtisztel\u0151 gesztusaira \u00e9p\u00fcl. Itt van az ill\u0151 respektusok sora, tisztelnival\u00f3 el\u0151d\u00f6kkel \u00e9s \u00e1t\u00f6lelni val\u00f3 bar\u00e1tokkal (<em>Kult\u00far\u00e1nk arcai vagy az Akik el\u0151tt\u00fcnk j\u00e1rnak fejezet, Orm\u00f3s Zsigmonddal, Bal\u00e1zs S\u00e1ndorral, K\u00e1ntor Zolt\u00e1nnal, Mandics Gy\u00f6rggyel, Tor\u00f3 Tiborral, Somai J\u00f3zseffel<\/em>), k\u00fczd\u0151t\u00e1rsakkal \u00e9s egykori tan\u00e1rokkal (<em>Sorskov\u00e1csok \u2013 tan\u00e1raimr\u00f3l, f\u00e9l \u00e9vsz\u00e1zad m\u00falt\u00e1n<\/em>), partnerekkel \u00e9s vitapartnerekkel (<em>Szeml\u00e9n innen, b\u00edr\u00e1laton t\u00fal<\/em>), szakmai k\u00f6r\u00f6kkel \u00e9s m\u00e1s \u00e9rdekk\u00f6r\u00f6kkel <em>(K\u00f6z\u00e9let\u00fcnk \u00f6sv\u00e9nyein, Civil helykeres\u00e9s<\/em>), \u00e9letvil\u00e1g-reflexi\u00f3kkal \u00e9s tehets\u00e9ggondoz\u00e1ssal <em>(Szemen szedett szavak<\/em>), sz\u00f3rv\u00e1nygondoz\u00e1st\u00f3l kist\u00e9rs\u00e9gi kutat\u00e1sig, el\u0151- \u00e9s ut\u00f3szavak kiadv\u00e1nyokhoz, \u00e1ttekint\u00e9sek a temesv\u00e1ri, b\u00e1ns\u00e1gi, erd\u00e9lyi, hat\u00e1rhelyzeti, sz\u00e9kely, kolozsv\u00e1ri, aradi k\u00f6z\u00e9letis\u00e9gekr\u0151l, eg\u00e9sz kiadv\u00e1ny-sorozatok szeml\u00e9je (\u00fagymint FESS \u2013 Felelj\u00fcnk egy\u00fctt saj\u00e1t sorunk\u00e9rt \u2013 f\u00fczetsorozat, 2004\u20132013; Rom\u00e1niai Magyar \u00c9vk\u00f6nyv sorozat \u2013 2001\u20132011; B\u00e1ns\u00e1gi Magyar Panteon sorozat \u2013 2009\u20132014; R\u00e9gi(j)\u00f3vil\u00e1g helyt\u00f6rt\u00e9neti foly\u00f3irat \u2013 2006\u20132016; Erd\u00e9lyi Magyar Civil \u00c9vk\u00f6nyv 2013\u2013; Hat\u00e1rhelyzetek. A Balassi Int\u00e9zet M\u00e1rton \u00c1ron Szakkoll\u00e9gium\u00e1nak \u00c9vk\u00f6nyvei \u2013 2016\u20132018). Jelzem: ezek csup\u00e1n a nagyobb fejezetek \u00e1tfog\u00f3 c\u00edmei.<\/p>\n<hr \/>\n<p><a href=\"https:\/\/sites.google.com\/view\/peri-mikro-szkp2\/jelz%C3%A9sek\/a-gergely-andr%C3%A1s-egy-este-a-meggy%C3%B6t%C3%B6rt-val%C3%B3s%C3%A1ggal?authuser=4\"><strong><em>A szerz\u0151 recenzi\u00f3ja a Periszk\u00f3p 2 port\u00e1lon olvashat\u00f3 teljes terjedelm\u00e9ben.<\/em><\/strong><\/a><\/p>\n","protected":false},"excerpt":{"rendered":"<p>\u00c1tlapoz\u00e1sn\u00e1l t\u00f6bbre \u00e9rdemes Kiv\u00e9telesen, szinte v\u00e1laszt\u00e9kosan k\u00e9ptelen \u00e1llapot a mai: \u00fagy j\u00f6tt \u00f6ssze ez a h\u00e9tv\u00e9gi olvas\u00e1s-terv, hogy r\u00f6pke sz\u00e1m\u00edt\u00e1s szerint 2223 oldal jut a weekend-\u00f6r\u00f6m\u00f6knek elolvas\u00e1sra, a fennmarad\u00f3 id\u0151 szinte teljes eg\u00e9sz\u00e9ben a reflexi\u00f3k meg\u00edr\u00e1s\u00e1ra. K\u00e9t tudom\u00e1nyos k\u00f6tet, egy vaskos publicisztikai v\u00e1logat\u00e1s, egy reg\u00e9ny \u00e9s egy ezer oldaln\u00e1l is vaskosabb Festschrift \u201er\u00f6vid szeml\u00e9z\u00e9se\u201d a [&hellip;]<\/p>\n","protected":false},"author":3,"featured_media":0,"comment_status":"open","ping_status":"open","sticky":false,"template":"","format":"standard","meta":{"_monsterinsights_skip_tracking":false,"_monsterinsights_sitenote_active":false,"_monsterinsights_sitenote_note":"","_monsterinsights_sitenote_category":0,"ngg_post_thumbnail":0,"footnotes":""},"categories":[22],"tags":[],"class_list":["post-95001","post","type-post","status-publish","format-standard","hentry","category-recenzio"],"_links":{"self":[{"href":"https:\/\/ujkafe.website\/index.php?rest_route=\/wp\/v2\/posts\/95001","targetHints":{"allow":["GET"]}}],"collection":[{"href":"https:\/\/ujkafe.website\/index.php?rest_route=\/wp\/v2\/posts"}],"about":[{"href":"https:\/\/ujkafe.website\/index.php?rest_route=\/wp\/v2\/types\/post"}],"author":[{"embeddable":true,"href":"https:\/\/ujkafe.website\/index.php?rest_route=\/wp\/v2\/users\/3"}],"replies":[{"embeddable":true,"href":"https:\/\/ujkafe.website\/index.php?rest_route=%2Fwp%2Fv2%2Fcomments&post=95001"}],"version-history":[{"count":0,"href":"https:\/\/ujkafe.website\/index.php?rest_route=\/wp\/v2\/posts\/95001\/revisions"}],"wp:attachment":[{"href":"https:\/\/ujkafe.website\/index.php?rest_route=%2Fwp%2Fv2%2Fmedia&parent=95001"}],"wp:term":[{"taxonomy":"category","embeddable":true,"href":"https:\/\/ujkafe.website\/index.php?rest_route=%2Fwp%2Fv2%2Fcategories&post=95001"},{"taxonomy":"post_tag","embeddable":true,"href":"https:\/\/ujkafe.website\/index.php?rest_route=%2Fwp%2Fv2%2Ftags&post=95001"}],"curies":[{"name":"wp","href":"https:\/\/api.w.org\/{rel}","templated":true}]}}