
{"id":95475,"date":"2021-04-17T02:55:42","date_gmt":"2021-04-17T02:55:42","guid":{"rendered":"https:\/\/ujkafe.website\/?p=95475"},"modified":"2021-04-16T13:39:57","modified_gmt":"2021-04-16T13:39:57","slug":"sarany-istvan-banner-zoltan-muveszeti-akademiaja","status":"publish","type":"post","link":"https:\/\/ujkafe.website\/?p=95475","title":{"rendered":"Sar\u00e1ny Istv\u00e1n: Banner Zolt\u00e1n m\u0171v\u00e9szeti akad\u00e9mi\u00e1ja"},"content":{"rendered":"<p><strong>Neh\u00e9z olvasm\u00e1ny Banner Zolt\u00e1n leg\u00fajabb k\u00f6tete. C\u00edme sokatmond\u00f3: A c\u00e9drusfa hatalma. Alc\u00edme elgondolkodtat\u00f3: Az \u00e9n m\u0171v\u00e9szeti akad\u00e9mi\u00e1m. Az olvasm\u00e1ny neh\u00e9zs\u00e9g\u00e9t nem st\u00edlusa, mert az k\u00f6nnyed, olvasm\u00e1nyos, m\u00e9g csak nem is tartalma \u2013 ami \u00e9rdekfesz\u00edt\u0151, mint egy kalandreg\u00e9ny \u2013, hanem mondanival\u00f3j\u00e1nak s\u00falya adja\u2026<\/strong><!--more--><\/p>\n<p>Sokf\u00e9lek\u00e9ppen aj\u00e1nlja a kiad\u00f3, s aj\u00e1nlj\u00e1k a k\u00f6nyvkeresked\u0151k Banner Zolt\u00e1n leg\u00fajabb k\u00f6tet\u00e9t: <em>\u201eA Mag\u00e1nyos c\u00e9drust\u00f3l a Nagyb\u00e1nyai Iskola sz\u00edn- \u00e9s hangulatkavalk\u00e1dj\u00e1n \u00e1t a kort\u00e1rs k\u00e9pz\u0151m\u0171v\u00e9szek elvontabb, a tehets\u00e9get t\u00f6bbnyire csak \u00e1tderengeni enged\u0151 vil\u00e1gk\u00e9p\u00e9ig \u2013 ezt k\u00edn\u00e1lja nek\u00fcnk tanuls\u00e1gk\u00e9nt a szerz\u0151 a maga szem\u00e9lyes \u00e9rt\u00e9kl\u00e1t\u00e1s\u00e1val, a volt, van \u00e9s lesz erd\u00e9lyi m\u0171v\u00e9szet be\u00e9p\u00edt\u00e9s\u00e9vel a mindenkori magyar m\u0171v\u00e9szetbe.\u201d<\/em> Vagy: <em>\u201eA szerz\u0151 sz\u00e1nd\u00e9ka, hogy a huszadik sz\u00e1zadi erd\u00e9lyi magyar m\u0171v\u00e9szet identit\u00e1s\u0151rz\u0151 \u00e9rt\u00e9keit behelyezze az egyetemes magyar m\u0171v\u00e9szet keret\u00e9be. A k\u00f6nyv az els\u0151 m\u0171v\u00e9szett\u00f6rt\u00e9n\u00e9szi-m\u0171v\u00e9sz\u00edr\u00f3i eml\u00e9kirat a Trianon ut\u00e1ni erd\u00e9lyi magyar m\u0171v\u00e9szetr\u0151l, az erd\u00e9lyis\u00e9g tetemes irodalm\u00e1ban.\u201d<\/em><\/p>\n<p><a href=\"https:\/\/ujkafe.website\/wp-content\/uploads\/2021\/04\/cedrusfa.jpg\"><img loading=\"lazy\" decoding=\"async\" class=\"alignnone  wp-image-95479\" src=\"https:\/\/ujkafe.website\/wp-content\/uploads\/2021\/04\/cedrusfa-205x300.jpg\" alt=\"\" width=\"264\" height=\"386\" srcset=\"https:\/\/ujkafe.website\/wp-content\/uploads\/2021\/04\/cedrusfa-205x300.jpg 205w, https:\/\/ujkafe.website\/wp-content\/uploads\/2021\/04\/cedrusfa.jpg 476w\" sizes=\"auto, (max-width: 264px) 100vw, 264px\" \/><\/a><br \/>\nA c\u00edmv\u00e1laszt\u00e1sra \u2013 b\u00e1r a m\u0171v\u00e9szetek ir\u00e1nt fog\u00e9kony olvas\u00f3 sz\u00e1m\u00e1ra egy\u00e9rtelm\u0171 az asszoci\u00e1ci\u00f3 \u2013 maga a szerz\u0151 adott magyar\u00e1zatot a Magyar Nemzet \u00fajs\u00e1g\u00edr\u00f3j\u00e1nak k\u00e9rd\u00e9seire v\u00e1laszolva<em>: \u201eA k\u00f6nyv c\u00edm\u00e9nek ihlet\u0151je Csontv\u00e1ry Kosztka Tivadar csod\u00e1latos, c\u00e9drusf\u00e1t \u00e9s k\u00f6rt\u00e1ncot \u00e1br\u00e1zol\u00f3 festm\u00e9nye \u2013 \u00e1rulta el Banner Zolt\u00e1n, hozz\u00e1f\u0171zve, \u00e1tvitt \u00e9rtelemben \u0151 eg\u00e9sz \u00e9let\u00e9ben a szimbolikus, er\u0151t, \u00e1llhatatoss\u00e1got is jelk\u00e9pez\u0151 c\u00e9drusfa k\u00f6r\u00fcl t\u00e1ncolt, hiszen Erd\u00e9ly m\u0171v\u00e9szett\u00f6rt\u00e9net\u00e9n kereszt\u00fcl az egyetemes magyar m\u0171v\u00e9szett\u00f6rt\u00e9netet is szolg\u00e1lta.\u201d<\/em><br \/>\nErd\u00e9ly nagyhatalom a kult\u00fara ter\u00e9n az eml\u00e9kiratok tekintet\u00e9ben is \u2013 mint utal r\u00e1 k\u00f6nyv\u00e9ben Banner Zolt\u00e1n \u2013, s b\u00e1r \u00f6n\u00e9letrajzi ind\u00edttat\u00e1s\u00fa a k\u00f6nyv, formailag a szerz\u0151 f\u0151szerepl\u0151je, szem\u00e9lye m\u00e9gsem tolakodik el\u0151t\u00e9rbe, csup\u00e1n a l\u00e1ttat\u00e1s eszk\u00f6z\u00e9nek szerep\u00e9t t\u00f6lti be.<br \/>\nAzt m\u00e1r Barab\u00e1s Mikl\u00f3st\u00f3l tudjuk, hogy a val\u00f3s\u00e1g adott, a val\u00f3s\u00e1g \u00e1br\u00e1zol\u00e1sa azonban az \u00e1br\u00e1zol\u00f3 \u2013 a m\u0171v\u00e9sz \u2013 habitus\u00e1nak, kult\u00far\u00e1j\u00e1nak, v\u00e9rm\u00e9rs\u00e9klet\u00e9nek, vil\u00e1gl\u00e1t\u00e1s\u00e1nak k\u00e9rd\u00e9se. A val\u00f3s\u00e1g \u00e1br\u00e1zol\u00e1s\u00e1nak percepci\u00f3ja pedig egy harmadik dimenzi\u00f3, ez a m\u0171v\u00e9szetet befogad\u00f3 k\u00f6z\u00f6ns\u00e9g habitus\u00e1nak, kult\u00far\u00e1j\u00e1nak, v\u00e9rm\u00e9rs\u00e9klet\u00e9nek, vil\u00e1gl\u00e1t\u00e1s\u00e1nak f\u00fcggv\u00e9nye.<br \/>\nBanner Zolt\u00e1n a percepci\u00f3t, a m\u0171vek befogad\u00e1s\u00e1t seg\u00edtette hossz\u00fa, izgalmas \u00e9s eredm\u00e9nyes m\u0171v\u00e9szeti \u00edr\u00f3i p\u00e1lyafut\u00e1sa sor\u00e1n. Mint \u00edrja k\u00f6nyv\u00e9ben, <em>\u201eNem annyira t\u00e1j\u00e9koztat\u00f3, mai kifejez\u00e9ssel \u00e9lve kommunik\u00e1ci\u00f3s, hanem beavat\u00f3, \u00bbt\u00e9r\u00edt\u0151\u00ab tev\u00e9kenys\u00e9gnek fogtam fel a m\u0171v\u00e9szeti \u00edr\u00e1s m\u0171fajait\u201d. Megjegyzi: \u201eKorai felismer\u00e9sk\u00e9nt ragaszkodtam a m\u0171velt t\u00e1rsadalomr\u00f3l vallott naiv r\u00f6geszm\u00e9mhez. M\u00e9g nem ismertem a szellemi honv\u00e9delem irodalm\u00e1t (igaz, Szab\u00f3 Dezs\u0151t igen), ink\u00e1bb \u00f6szt\u00f6nszer\u0171en jutottam el ahhoz a meggy\u0151z\u0151d\u00e9shez, hogy a kult\u00fara, azt\u00e1n arra, hogy jeles\u00fcl a magyar kult\u00fara t\u00f6bb mint emberi min\u0151s\u00e9g: a nemzeti l\u00e9t \u00e9s \u00f6r\u00f6kl\u00e9t egyetlen es\u00e9lye volt \u00e9s marad. Csakis ebb\u0151l fakadhat a megmarad\u00e1s minden m\u00e1s eszk\u00f6ze: politika, gazdas\u00e1g, oktat\u00e1s, had\u00fcgy, eg\u00e9szs\u00e9g\u00fcgy stb.\u201d<\/em><br \/>\nEszmefuttat\u00e1s\u00e1ban tov\u00e1bbmegy, Mohi S\u00e1ndor <em>\u201efigurat\u00edv, finoman konstruktivista<\/em>\u201d fest\u00e9szete, illetve m\u0171v\u00e9szpedag\u00f3gusi munk\u00e1ss\u00e1ga kapcs\u00e1n jegyzi meg \u2013 s <em>\u201eazt valamennyi hallgat\u00f3ja megtanulhatta T\u0151le\u201d<\/em> \u2013, hogy \u201e<em>a m\u0171v\u00e9szet mindenekel\u0151tt \u00e9p\u00edtkez\u00e9s. K\u00fcl\u00f6n\u00f6sen ostromlott ter\u00fcleten<\/em>\u201d. P\u00e1r oldallal el\u0151tte, a fejezet bevezet\u0151 gondolatak\u00e9nt fogalmazza meg:<em> \u201eA belterjess\u00e9gi k\u00e9nyszer\u0171s\u00e9g sohasem vezetett Erd\u00e9lyben a m\u0171v\u00e9szi szeml\u00e9let \u00e9s alkot\u00e1s vid\u00e9kiess\u00e9g\u00e9hez. Az 1945 ut\u00e1ni erd\u00e9lyi irodalom \u00e9s m\u0171v\u00e9szet term\u00e9s\u00e9nek a java Budapesten is megjelenhetett volna b\u00e1rmilyen f\u00f3rumon, abban pedig egyenesen p\u00e1ratlan volt, ahogyan nek\u00fcnk, a vesztes nemzet r\u00e9szek\u00e9nt, de a gy\u0151ztesekhez tartoz\u00f3 \u00e1llam polg\u00e1raik\u00e9nt \u2013 bels\u0151 sz\u00fcks\u00e9gb\u0151l siker\u00fclt megvallanunk a m\u00e1sodik Trianon \u00e1ltal temper\u00e1lt k\u00f6z\u00e9rzet\u00fcnket\u201d.<\/em> A m\u0171v\u00e9szetnek a kisebbs\u00e9gi t\u00e1rsadalomban bet\u00f6lt\u00f6tt szerep\u00e9vel kapcsolatban pedig egy hely\u00fctt lesz\u00f6gezi: <em>\u201eMik\u00f6zben a mai napig \u2013 s \u00fagy t\u0171nik, egyre rem\u00e9nytelenebb\u00fcl folyik a politikai k\u00fczdelem az erd\u00e9lyi magyars\u00e1g auton\u00f3mi\u00e1j\u00e1\u00e9rt, az erd\u00e9lyi l\u00e9lek k\u00fcldet\u00e9studata \u2013 a m\u0171v\u00e9szetekben kifejezve \u2013 olyan szellemi auton\u00f3mi\u00e1ban \u0151rizte meg fejedelems\u00e9gi st\u00e1tusz\u00e1t, amelyt\u0151l soha, senki nem foszthatta meg.\u201d<\/em><br \/>\nBanner Zolt\u00e1n nem v\u00e9letlen\u00fcl adta k\u00f6tet\u00e9nek <strong>Az \u00e9n magyar m\u0171v\u00e9szeti akad\u00e9mi\u00e1m<\/strong> alc\u00edmet \u2013 nev\u00e9t nem tal\u00e1ltam a Magyar M\u0171v\u00e9szeti Akad\u00e9mia tagjai k\u00f6z\u00f6tt \u2013, ugyanis az \u0151 akad\u00e9mi\u00e1ja, tanulm\u00e1nyainak sz\u00ednhelye a kort\u00e1rs m\u0171v\u00e9szek m\u0171terme volt, azokat barangolta az \u00f6tvenes \u00e9vekt\u0151l a nyolcvanas \u00e9vek v\u00e9g\u00e9n t\u00f6rt\u00e9nt, hazulr\u00f3l haza val\u00f3 teleped\u00e9s\u00e9ig. Megismerhetett p\u00e1r id\u0151s, m\u00e9g az els\u0151 imp\u00e9riumv\u00e1lt\u00e1s el\u0151tt mag\u00e1nak nevet szerz\u0151 mestert, a k\u00e9t vil\u00e1gh\u00e1bor\u00fa k\u00f6z\u00f6tti id\u0151szakban kiteljesedett m\u0171v\u00e9szeket, a \u201ekicsi magyar vil\u00e1gban\u201d a magyar m\u0171v\u00e9szet sz\u00e1lait \u00fajb\u00f3l egybefon\u00f3 alkot\u00f3kat, s l\u00e1thatta m\u0171teremt\u00e9s k\u00f6zben nemzed\u00e9kt\u00e1rsait, figyelemmel k\u00eds\u00e9rhette a fiatalok sz\u00e1rnybontogat\u00e1s\u00e1t m\u0171v\u00e9szi kiteljesed\u00e9s\u00e9t.<br \/>\nSorra kereste fel a hagyom\u00e1nyos m\u0171v\u00e9szeti k\u00f6zpontokat, mint Nagyb\u00e1nya, Szatm\u00e1rn\u00e9meti, Nagyv\u00e1rad, Temesv\u00e1r, Brass\u00f3 vagy Kolozsv\u00e1r, \u00e9s figyelemmel k\u00eds\u00e9rte a m\u0171v\u00e9szkirajz\u00e1sok nyom\u00e1n kialakult, l\u00e9trej\u00f6tt alkot\u00f3k\u00f6z\u00f6ss\u00e9geket, banneri \u00e9rtelmez\u00e9s szerinti iskol\u00e1kat, Marosv\u00e1s\u00e1rhely, Cs\u00edkszereda vagy Sepsiszentgy\u00f6rgy k\u00f6zponttal, vagy a Zsil-v\u00f6lgyi m\u0171v\u00e9szkol\u00f3ni\u00e1t, heti, k\u00e9theti rendszeress\u00e9ggel az Utunk has\u00e1bjain megjelent m\u0171v\u00e9szeti \u00edr\u00e1saiban e m\u0171terem-l\u00e1togat\u00e1sai \u00e9lm\u00e9nyeit osztotta meg az olvas\u00f3val. Ez volt az \u0151 akad\u00e9mi\u00e1ja.<\/p>\n<div id=\"attachment_95480\" style=\"width: 310px\" class=\"wp-caption alignnone\"><a href=\"https:\/\/ujkafe.website\/wp-content\/uploads\/2021\/04\/Banner_Zoltan1_behir-hu-1.jpg\"><img loading=\"lazy\" decoding=\"async\" aria-describedby=\"caption-attachment-95480\" class=\"wp-image-95480 size-medium\" src=\"https:\/\/ujkafe.website\/wp-content\/uploads\/2021\/04\/Banner_Zoltan1_behir-hu-1-300x251.jpg\" alt=\"\" width=\"300\" height=\"251\" srcset=\"https:\/\/ujkafe.website\/wp-content\/uploads\/2021\/04\/Banner_Zoltan1_behir-hu-1-300x251.jpg 300w, https:\/\/ujkafe.website\/wp-content\/uploads\/2021\/04\/Banner_Zoltan1_behir-hu-1.jpg 747w\" sizes=\"auto, (max-width: 300px) 100vw, 300px\" \/><\/a><p id=\"caption-attachment-95480\" class=\"wp-caption-text\"><em>Banner Zolt\u00e1n<\/em><\/p><\/div>\n<p>Banner Zolt\u00e1n sorsa jellegzetesen erd\u00e9lyi sors: f\u00e1j\u00f3an sz\u00e9p t\u00f6rt\u00e9net. M\u00e1s, a t\u00f6rt\u00e9nelem viharai \u00e1ltal megk\u00edm\u00e9lt n\u00e9pek fiai \u00e1ltal\u00e1ban azzal foglalkoznak, amit szeretnek, amire k\u00e9pezt\u00e9k \u0151ket szabad v\u00e1laszt\u00e1suk vagy csal\u00e1di hagyom\u00e1nyaik alapj\u00e1n. A mi t\u00e9rs\u00e9g\u00fcnkben azonban az ember \u2013 a felel\u0151s \u00e9rtelmis\u00e9gi \u2013 azt tanul, amihez hozz\u00e1f\u00e9r, s azt tesz, amire \u00e9ppen sz\u00fcks\u00e9g van. Szerz\u0151nk is irodalmi amb\u00edci\u00f3kat t\u00e1pl\u00e1lt, b\u00f6lcs\u00e9sznek tanult, diplom\u00e1j\u00e1t a kolozsv\u00e1ri Bolyai Tudom\u00e1nyegyetem t\u00f6rt\u00e9nelem\u2013filoz\u00f3fia tansz\u00e9k\u00e9n 1955-ben szerezte. M\u0171v\u00e9szett\u00f6rt\u00e9netet szeretett volna oktatni, erre meg is h\u00edvt\u00e1k, de a tan\u00fcgyminiszt\u00e9riumb\u00f3l k\u00e9sett a kinevez\u00e9s, \u00edgy h\u00e1t az Igazs\u00e1g szerkeszt\u0151s\u00e9g\u00e9ben v\u00e1llalt kultur\u00e1lis \u00fajs\u00e1g\u00edr\u00f3i munk\u00e1t. \u0150szre azonban megj\u00f6tt a kinevez\u00e9s, s elkezdhette tan\u00e1rseg\u00e9di munk\u00e1j\u00e1t. \u201e1957-ben elkezd\u0151dtek az 1956 szellem\u00e9t\u0151l val\u00f3 elrettent\u00e9s perei\u201d \u2013 \u00edrja k\u00f6nyv\u00e9ben, \u0151t pedig a v\u00e1d tan\u00fajak\u00e9nt id\u00e9zt\u00e9k be, vallom\u00e1s\u00e1ban azonban a v\u00e1dlottak mellett tan\u00faskodott. A sors a retorzi\u00f3 el\u0151l Bukarestbe menek\u00edtette, az oktat\u00e1si \u00e9s m\u0171vel\u0151d\u00e9si t\u00e1rca nemzetis\u00e9gi vez\u00e9rigazgat\u00f3s\u00e1g\u00e1ra h\u00edvt\u00e1k meg el\u0151ad\u00f3nak. 1958-ban felmondta miniszt\u00e9riumi \u00e1ll\u00e1s\u00e1t \u00e9s k\u00e9rte, t\u00e9rhessen vissza kor\u00e1bbi munkahely\u00e9re, tan\u00edtani szeretne. Hat\u00e1rozott elutas\u00edt\u00e1sba \u00fctk\u00f6z\u00f6tt k\u00e9r\u00e9se, \u00edgy az Utunkhoz kopogtatott be. L\u00e9tay Lajos bizalommal fogadta, s itt teljesedett ki m\u0171v\u00e9szeti \u00edr\u00f3i, ezzel p\u00e1rhuzamosan pedig el\u0151ad\u00f3m\u0171v\u00e9szi munk\u00e1ss\u00e1ga. 1958 \u00e9s 1987 k\u00f6z\u00f6tt a kolozsv\u00e1ri Utunk irodalmi-m\u0171v\u00e9szeti hetilap m\u0171v\u00e9szeti rovat\u00e1t vezette. V\u00e9g\u00fcl \u2013 \u00e9lete del\u00e9n \u2013 megjelent els\u0151 versesk\u00f6tete is. Mikor \u00fagy \u00e9rezte, elfogy k\u00f6r\u00fcl\u00f6tte a leveg\u0151, Magyarorsz\u00e1gra telep\u00fclt. 1988-t\u00f3l 1999-es nyugd\u00edjaz\u00e1s\u00e1ig f\u0151muzeol\u00f3gusk\u00e9nt dolgozott a b\u00e9k\u00e9scsabai Munk\u00e1csy Mih\u00e1ly M\u00fazeumban, 1994-t\u0151l 1997-ig pedig megadatott neki, hogy beteljes\u00edtse fiatalkori \u00e1lm\u00e1t: tan\u00edthatott; a b\u00e9k\u00e9scsabai K\u0151r\u00f6si Csoma F\u0151iskola vizu\u00e1lis nevel\u00e9si tansz\u00e9k\u00e9n volt tansz\u00e9kvezet\u0151 tan\u00e1r.<br \/>\nVisszat\u00e9rve a k\u00f6tetre, az izgalmas neh\u00e9z olvasm\u00e1nyra: a k\u00f6nyv h\u00e1rom nagyobb r\u00e9szre tagol\u00f3dik. Az els\u0151 r\u00e9szben ifj\u00fa \u00e9veit eleven\u00edti fel, \u00fatkeres\u00e9s\u00e9nek sz\u00e9ps\u00e9ges gy\u00f6trelmeit. A m\u00e1sodik r\u00e9szben \u2013 s ez adja a k\u00f6nyv gerinc\u00e9t \u2013 m\u0171v\u00e9szeti \u00edr\u00f3i, k\u00f6lt\u0151i \u00e9s el\u0151ad\u00f3m\u0171v\u00e9szi p\u00e1ly\u00e1ja \u00e1llom\u00e1sait v\u00e1zolja fel, de mint m\u00e1r eml\u00edtettem, mindezt teszi oly m\u00f3don, hogy b\u00e1r \u0151 a f\u0151szerepl\u0151, a t\u00f6rt\u00e9net f\u0151h\u0151se, a t\u00f6rt\u00e9net az erd\u00e9lyi k\u00e9pz\u0151m\u0171v\u00e9szet ut\u00f3bbi hatvan esztendej\u00e9nek t\u00f6rt\u00e9nete. V\u00e9g\u00fcl napl\u00f3feljegyz\u00e9sei olvashat\u00f3k a 2005\u20132019 id\u0151szakb\u00f3l, majd rendk\u00edv\u00fcl besz\u00e9des k\u00e9pmell\u00e9klet z\u00e1rja a k\u00f6tetet: tizenk\u00e9t kort\u00e1rs m\u0171v\u00e9sz \u00e1ltal k\u00e9sz\u00edtett Banner-portr\u00e9t vonultat fel.<br \/>\nSz\u00e1momra rendk\u00edv\u00fcl fontos \u00fczenete van a k\u00f6tetnek: ideje volna meg\u00edrni monografikus ig\u00e9nnyel a m\u00e1sodik vil\u00e1gh\u00e1bor\u00fa \u00e9s a rendszerv\u00e1lt\u00e1s k\u00f6z\u00f6tti id\u0151szakban m\u0171k\u00f6d\u0151 magyar kultur\u00e1lis int\u00e9zm\u00e9nyek t\u00f6rt\u00e9net\u00e9t. Gondolok itt a bukaresti telev\u00edzi\u00f3 magyar ad\u00e1s\u00e1ra, a Kriterion K\u00f6nyvkiad\u00f3ra, a ter\u00fcleti r\u00e1di\u00f3st\u00fadi\u00f3k magyar szerkeszt\u0151s\u00e9geire, az A H\u00e9t, a M\u0171vel\u0151d\u00e9s, az Utunk, a Korunk, az Ifj\u00famunk\u00e1s, az Igaz Sz\u00f3, az \u00daj \u00c9let szerkeszt\u0151s\u00e9geire. Sz\u00e1muk nem nagy, a berkeikben tev\u00e9kenyked\u0151 emberek sz\u00e1ma is v\u00e9ges, s az igaz\u00e1n jelent\u0151set alkot\u00f3, hatalmukat, befoly\u00e1sukat a magyar kult\u00fara gyarapod\u00e1sa \u00e9rdek\u00e9ben latba vet\u0151 szem\u00e9lyis\u00e9gek sz\u00e1ma m\u00e9g kisebb. R\u00e9szmunk\u00e1k sz\u00fclettek, de a nagy \u00f6sszegz\u00e9sek m\u00e9g v\u00e1ratnak magukra. Banner Zolt\u00e1n k\u00f6tete ak\u00e1r remek kiindul\u00f3pont lehetne az Utunk m\u0171v\u00e9szetszervez\u0151 tev\u00e9kenys\u00e9g\u00e9nek bemutat\u00e1s\u00e1hoz.<br \/>\nBanner Zolt\u00e1n megtette a maga dolg\u00e1t a saj\u00e1t p\u00e1szm\u00e1j\u00e1n, s k\u00f6nyv\u00e9b\u0151l az is kivil\u00e1glik, hogy m\u00e9g nem tekinti befejezettnek tev\u00e9kenys\u00e9g\u00e9t: mintegy hetven k\u00f6tete \u2013 valamennyi erd\u00e9lyi kiad\u00e1sban l\u00e1tott napvil\u00e1got \u201e3-4 k\u00fcl\u00f6nb\u00f6z\u0151 m\u0171nem\u0171 k\u00f6tetet lesz\u00e1m\u00edtva\u201d \u2013 sor\u00e1t gyarap\u00edtani szeretn\u00e9.<br \/>\nEr\u0151t, kitart\u00e1st \u00e9s t\u00f6retlen alkot\u00f3kedvet k\u00edv\u00e1nok hozz\u00e1 a 89. \u00e9let\u00e9v\u00e9t tapos\u00f3 szerz\u0151nek.<\/p>\n<hr>\n<p><em><strong>Forr\u00e1s: Hargita N\u00e9pe, M\u0171hely mell\u00e9klet, 2021. \u00e1prilis 16.<\/strong><\/em><\/p>\n<hr>\n<h2><em><strong>Banner Zolt\u00e1n: edz\u00e9s az \u00f6r\u00f6kl\u00e9tre<\/strong><\/em><\/h2>\n<p>ha nem tettem volna meg<br \/>\nakkor sem tudn\u00e1 senki sem<br \/>\nhogy t\u00f6bb vagy kevesebb a tett<br \/>\nmint a hal\u00e1l amely a tettre sem<br \/>\nretten vissza t\u0151lem aki nem tehetem<br \/>\nhogy visszariadjak s ne l\u00e9pjek<br \/>\n\u00fajra \u00e9s \u00fajra a k\u00f6rbe ahonnan<br \/>\nhi\u00e1ba dobok mind messzebb k\u00f6r\u00f6kbe<br \/>\na s\u00falyz\u00f3 mindegyre k\u00f6zelebb<br \/>\nhullik le hozz\u00e1m m\u00edgnem eltal\u00e1l<\/p>\n<p>Forr\u00e1s: <a href=\"http:\/\/mek.oszk.hu\/kiallitas\/erdelyi\/\"><strong>Erd\u00e9lyi \u00e9s cs\u00e1ng\u00f3 k\u00f6lt\u00e9szet, MEK<\/strong><\/a><\/p>\n","protected":false},"excerpt":{"rendered":"<p>Neh\u00e9z olvasm\u00e1ny Banner Zolt\u00e1n leg\u00fajabb k\u00f6tete. C\u00edme sokatmond\u00f3: A c\u00e9drusfa hatalma. Alc\u00edme elgondolkodtat\u00f3: Az \u00e9n m\u0171v\u00e9szeti akad\u00e9mi\u00e1m. Az olvasm\u00e1ny neh\u00e9zs\u00e9g\u00e9t nem st\u00edlusa, mert az k\u00f6nnyed, olvasm\u00e1nyos, m\u00e9g csak nem is tartalma \u2013 ami \u00e9rdekfesz\u00edt\u0151, mint egy kalandreg\u00e9ny \u2013, hanem mondanival\u00f3j\u00e1nak s\u00falya adja\u2026<\/p>\n","protected":false},"author":3,"featured_media":0,"comment_status":"open","ping_status":"open","sticky":false,"template":"","format":"standard","meta":{"_monsterinsights_skip_tracking":false,"_monsterinsights_sitenote_active":false,"_monsterinsights_sitenote_note":"","_monsterinsights_sitenote_category":0,"ngg_post_thumbnail":0,"footnotes":""},"categories":[22,4],"tags":[],"class_list":["post-95475","post","type-post","status-publish","format-standard","hentry","category-recenzio","category-vers"],"_links":{"self":[{"href":"https:\/\/ujkafe.website\/index.php?rest_route=\/wp\/v2\/posts\/95475","targetHints":{"allow":["GET"]}}],"collection":[{"href":"https:\/\/ujkafe.website\/index.php?rest_route=\/wp\/v2\/posts"}],"about":[{"href":"https:\/\/ujkafe.website\/index.php?rest_route=\/wp\/v2\/types\/post"}],"author":[{"embeddable":true,"href":"https:\/\/ujkafe.website\/index.php?rest_route=\/wp\/v2\/users\/3"}],"replies":[{"embeddable":true,"href":"https:\/\/ujkafe.website\/index.php?rest_route=%2Fwp%2Fv2%2Fcomments&post=95475"}],"version-history":[{"count":0,"href":"https:\/\/ujkafe.website\/index.php?rest_route=\/wp\/v2\/posts\/95475\/revisions"}],"wp:attachment":[{"href":"https:\/\/ujkafe.website\/index.php?rest_route=%2Fwp%2Fv2%2Fmedia&parent=95475"}],"wp:term":[{"taxonomy":"category","embeddable":true,"href":"https:\/\/ujkafe.website\/index.php?rest_route=%2Fwp%2Fv2%2Fcategories&post=95475"},{"taxonomy":"post_tag","embeddable":true,"href":"https:\/\/ujkafe.website\/index.php?rest_route=%2Fwp%2Fv2%2Ftags&post=95475"}],"curies":[{"name":"wp","href":"https:\/\/api.w.org\/{rel}","templated":true}]}}