
{"id":95723,"date":"2021-05-04T02:51:00","date_gmt":"2021-05-04T02:51:00","guid":{"rendered":"https:\/\/ujkafe.website\/?p=95723"},"modified":"2021-05-03T13:52:24","modified_gmt":"2021-05-03T13:52:24","slug":"farkas-jozsef-gyorgy-huszarok-a-szasz-nepfelkelesben-drezda","status":"publish","type":"post","link":"https:\/\/ujkafe.website\/?p=95723","title":{"rendered":"Farkas J\u00f3zsef Gy\u00f6rgy: Husz\u00e1rok a sz\u00e1sz n\u00e9pfelkel\u00e9sben &#8211; Drezda"},"content":{"rendered":"<p>H\u00e1rom m\u00e9ter magas k\u0151osz\u00adlop \u00e1ll a sz\u00e1sz f\u0151v\u00e1ros \u201eR\u00e9gi Anna\u201d temet\u0151j\u00e9ben, az elfeketedett obeliszkre v\u00e9sett felirat szerint itt nyugszanak az 1849. m\u00e1jusi drezdai felkel\u00e9s h\u0151sei. A szeg\u00e9ny, hoz\u00adz\u00e1tartoz\u00f3 n\u00e9lk\u00fcli \u00e9s ismeretlen halot\u00adtak jegyz\u00e9k\u00e9ben (Fl\u00fcgelbuch der Armenleichen) az elesettek n\u00e9vsor\u00e1ban az els\u0151: T\u00e1bori. Neve mellett a megjegyz\u00e9s: \u201eVal\u00f3sz\u00ed\u00adn\u0171leg egyike azon sz\u00f6k\u00f6tt magyar hu\u00adsz\u00e1roknak, akik Freibergben feladt\u00e1k magukat\u201d.<!--more--><a href=\"https:\/\/ujkafe.website\/wp-content\/uploads\/2021\/05\/48xdrezda_forr1.jpg\"><img loading=\"lazy\" decoding=\"async\" class=\"alignnone  wp-image-95726\" src=\"https:\/\/ujkafe.website\/wp-content\/uploads\/2021\/05\/48xdrezda_forr1-132x300.jpg\" alt=\"\" width=\"208\" height=\"473\" srcset=\"https:\/\/ujkafe.website\/wp-content\/uploads\/2021\/05\/48xdrezda_forr1-132x300.jpg 132w, https:\/\/ujkafe.website\/wp-content\/uploads\/2021\/05\/48xdrezda_forr1-768x1742.jpg 768w, https:\/\/ujkafe.website\/wp-content\/uploads\/2021\/05\/48xdrezda_forr1-451x1024.jpg 451w, https:\/\/ujkafe.website\/wp-content\/uploads\/2021\/05\/48xdrezda_forr1.jpg 850w\" sizes=\"auto, (max-width: 208px) 100vw, 208px\" \/><\/a><br \/>\nA \u201eFreiberger Anzeiger und Tageblatt\u201d c\u00ed\u00adm\u0171 helyi lap egyik korabeli tud\u00f3s\u00edt\u00e1s\u00e1b\u00f3l kider\u00fcl, hogy 1849. m\u00e1jus 1-j\u00e9n reggel kilenc magyar husz\u00e1r \u2013 kez\u00e9ben pisztollyal, oldal\u00e1n karddal \u2013 v\u00e1gtatott kereszt\u00fcl a freibergi Erbisch utc\u00e1n. A csehorsz\u00e1gi B\u00edlin\u00e1b\u00f3l dezer\u00adt\u00e1ltak, amely Freibergt\u0151l \u00e9s Drezd\u00e1t\u00f3l egyar\u00e1nt mintegy hatvan kilom\u00e9terre fekszik. Az ott \u00e1llom\u00e1sozott 12. n\u00e1dori husz\u00e1rezred ezen tagjai, \u00e9rtes\u00fclv\u00e9n a ma\u00adgyar szabads\u00e1gharc esem\u00e9nyeir\u0151l, a Habsburg-h\u00e1z tr\u00f3nfoszt\u00e1s\u00e1r\u00f3l, \u00fagy d\u00f6nt\u00f6ttek, hogy megsz\u00f6knek a cs\u00e1sz\u00e1ri z\u00e1szl\u00f3 al\u00f3l. T\u00e1bori \u00e9s t\u00e1rsai ez\u00e9rt \u00e1tverekedt\u00e9k magukat a cseh\u2013sz\u00e1sz hat\u00e1ron, \u00e9s Freibergbe vonultak, hogy majd ker\u00fcl\u0151 \u00faton hazaj\u00f6jjenek.<\/p>\n<p><a href=\"https:\/\/ujkafe.website\/wp-content\/uploads\/2021\/05\/48xdrezda-k\u00e9p.jpg\"><img loading=\"lazy\" decoding=\"async\" class=\"alignnone  wp-image-95727\" src=\"https:\/\/ujkafe.website\/wp-content\/uploads\/2021\/05\/48xdrezda-k\u00e9p-286x300.jpg\" alt=\"\" width=\"401\" height=\"421\" srcset=\"https:\/\/ujkafe.website\/wp-content\/uploads\/2021\/05\/48xdrezda-k\u00e9p-286x300.jpg 286w, https:\/\/ujkafe.website\/wp-content\/uploads\/2021\/05\/48xdrezda-k\u00e9p-768x806.jpg 768w, https:\/\/ujkafe.website\/wp-content\/uploads\/2021\/05\/48xdrezda-k\u00e9p.jpg 941w\" sizes=\"auto, (max-width: 401px) 100vw, 401px\" \/><\/a><br \/>\nFreibergben T\u00e1bori\u00e9kat \u0151rizetbe vet\u00adt\u00e9k, \u00e1m a n\u00e9met polg\u00e1ri forradalom esz\u00adm\u00e9it\u0151l f\u00f6llelkes\u00fclt fiatalok Frigyes \u00c1gost sz\u00e1sz kir\u00e1ly ka\u00adton\u00e1it\u00f3l a magyar husz\u00e1rok szabadon bocs\u00e1t\u00e1s\u00e1t k\u00f6vetelt\u00e9k. S\u0151t: titokban t\u00f6lt\u00e9nyeket csemp\u00e9sztek be az \u0151rizeteseknek, akik pisztolyukat megtarthatt\u00e1k. A foglyok v\u00e9g\u00fcl ki\u00adj\u00f6hettek b\u00f6rt\u00f6n\u00fckb\u0151l, a Freibergi B\u00e1\u00adny\u00e1szati Akad\u00e9mia professzora, Bernhard Cotta, mag\u00e1nh\u00e1zakn\u00e1l sz\u00e1ll\u00e1sol\u00adta el T\u00e1borit \u00e9s nyolc bajt\u00e1rs\u00e1t, pol\u00adg\u00e1ri ruh\u00e1t is szerzett nekik. \u00dagy tervezt\u00e9k, hogy Drezd\u00e1n \u00e1t vas\u00faton me\u00adnek\u00edtik \u0151ket tov\u00e1bb. Cotta professzor el is k\u00eds\u00e9rte a magyarokat a sz\u00e1sz kir\u00e1lys\u00e1g sz\u00e9khely\u00e9re. T\u00e1bori \u00e9s t\u00e1rsai (Antalics, Czi\u00adg\u00e1ny, Kov\u00e1cs, Palay, Punyi, Reg\u0151h\u00e1zy, Szab\u00f3 \u2013 a kilencedik sz\u00f6k\u00f6tt husz\u00e1r nev\u00e9t nem siker\u00fclt kider\u00edteni) m\u00e9g zsebp\u00e9nzt is kaptak, a freibergiek adom\u00e1nya\u00adk\u00e9nt. Drezd\u00e1b\u00f3l azonban nem tudtak tov\u00e1bbjutni, mert a sz\u00e1szok lez\u00e1rt\u00e1k a Bautzen fel\u00e9 vezet\u0151 vas\u00ad\u00fatvonalat, hogy megakad\u00e1lyozz\u00e1k az ellen\u00fck seg\u00edts\u00e9g\u00fcl h\u00edvott porosz kir\u00e1\u00adlyi csapatok el\u0151nyomul\u00e1s\u00e1t.<\/p>\n<p><a href=\"https:\/\/ujkafe.website\/wp-content\/uploads\/2021\/05\/48xdrezda_forr2.jpg\"><img loading=\"lazy\" decoding=\"async\" class=\"alignnone  wp-image-95729\" src=\"https:\/\/ujkafe.website\/wp-content\/uploads\/2021\/05\/48xdrezda_forr2-300x225.jpg\" alt=\"\" width=\"488\" height=\"366\" srcset=\"https:\/\/ujkafe.website\/wp-content\/uploads\/2021\/05\/48xdrezda_forr2-300x225.jpg 300w, https:\/\/ujkafe.website\/wp-content\/uploads\/2021\/05\/48xdrezda_forr2-768x576.jpg 768w, https:\/\/ujkafe.website\/wp-content\/uploads\/2021\/05\/48xdrezda_forr2-1024x768.jpg 1024w, https:\/\/ujkafe.website\/wp-content\/uploads\/2021\/05\/48xdrezda_forr2.jpg 1280w\" sizes=\"auto, (max-width: 488px) 100vw, 488px\" \/><\/a><br \/>\nK\u00f6zben ugyanis n\u00e9pfelkel\u00e9s kezd\u0151d\u00f6tt Drezd\u00e1ban, a feud\u00e1lis viszonyok fel\u00adsz\u00e1mol\u00e1s\u00e1\u00e9rt, N\u00e9metorsz\u00e1g egys\u00e9g\u00e9nek megteremt\u00e9s\u00e9\u00e9rt kirobbant n\u00e9met pol\u00adg\u00e1ri forradalom utols\u00f3 felvon\u00e1sa. A husz\u00e1rok \u00fagy \u00e9rezt\u00e9k, hogy a saj\u00e1t \u00fcgy\u00fckr\u0151l is sz\u00f3 van, ez\u00e9rt bekapcsol\u00f3dtak a harcba. A felkel\u00e9s azonban s\u00falyos v\u00e9r\u00e1ldozatok ut\u00e1n el\u00adbukott, T\u00e1borit a drezdai barik\u00e1dokon \u00e9rte a hal\u00e1los l\u00f6v\u00e9s. Mintegy \u00f6tven n\u00e9pfelkel\u0151vel egy\u00fctt a drezdai Alter Annenfriedhofban temett\u00e9k el egy t\u00f6\u00admegs\u00edrba. Nem mint magyar husz\u00e1rt, hanem mint freibergi b\u00e1ny\u00e1szt \u2013 a zse\u00adb\u00e9ben tal\u00e1lt \u00fatlev\u00e9len ugyanis foglal\u00adkoz\u00e1sk\u00e9nt ezt t\u00fcntett\u00e9k fel. A halottak jegyz\u00e9k\u00e9\u00adbe ugyanakkor bevezett\u00e9k a cikk\u00fcnk elej\u00e9n id\u00e9zett felt\u00e9telez\u00e9st\u2026<\/p>\n<hr \/>\n<p><em>A t\u00f6bbiek k\u00f6z\u00fcl Kov\u00e1cs, Palay \u00e9s Punyi m\u00e1s felkel\u0151kkel egy\u00fctt Csehorsz\u00e1gba menek\u00fclt, de mindny\u00e1\u00adjukat elfogt\u00e1k az osztr\u00e1kok. Czig\u00e1nynak \u00e9s Reg\u0151h\u00e1zynak nyoma veszett, Antalics \u00e9s Szab\u00f3 n\u00e9h\u00e1ny nappal a felkel\u00e9s lever\u00e9se ut\u00e1n porosz lovasok fogs\u00e1g\u00e1ba esett. Miut\u00e1n r\u00e1juk tudt\u00e1k bizony\u00ed\u00adtani, hogy sz\u00f6k\u00f6tt husz\u00e1rok, a sz\u00e1sz hat\u00f3s\u00e1gok a k\u00e9t magyart kiszol\u00adg\u00e1ltatt\u00e1k az osztr\u00e1koknak.<\/em><\/p>\n<p><em>Nagy k\u00f6sz\u00f6net Kulcs\u00e1r L\u00e1szl\u00f3nak a t\u00f6rt\u00e9net\u00e9rt \u00e9s G\u00f6m\u00f6ri K\u00e1roly Andr\u00e1snak a fot\u00f3k\u00e9rt<\/em><\/p>\n<p><em>Forr\u00e1s: Magyar eml\u00e9kek a nagyvil\u00e1gban<\/em><\/p>\n","protected":false},"excerpt":{"rendered":"<p>H\u00e1rom m\u00e9ter magas k\u0151osz\u00adlop \u00e1ll a sz\u00e1sz f\u0151v\u00e1ros \u201eR\u00e9gi Anna\u201d temet\u0151j\u00e9ben, az elfeketedett obeliszkre v\u00e9sett felirat szerint itt nyugszanak az 1849. m\u00e1jusi drezdai felkel\u00e9s h\u0151sei. A szeg\u00e9ny, hoz\u00adz\u00e1tartoz\u00f3 n\u00e9lk\u00fcli \u00e9s ismeretlen halot\u00adtak jegyz\u00e9k\u00e9ben (Fl\u00fcgelbuch der Armenleichen) az elesettek n\u00e9vsor\u00e1ban az els\u0151: T\u00e1bori. Neve mellett a megjegyz\u00e9s: \u201eVal\u00f3sz\u00ed\u00adn\u0171leg egyike azon sz\u00f6k\u00f6tt magyar hu\u00adsz\u00e1roknak, akik Freibergben feladt\u00e1k [&hellip;]<\/p>\n","protected":false},"author":3,"featured_media":0,"comment_status":"open","ping_status":"open","sticky":false,"template":"","format":"standard","meta":{"_monsterinsights_skip_tracking":false,"_monsterinsights_sitenote_active":false,"_monsterinsights_sitenote_note":"","_monsterinsights_sitenote_category":0,"ngg_post_thumbnail":0,"footnotes":""},"categories":[126],"tags":[],"class_list":["post-95723","post","type-post","status-publish","format-standard","hentry","category-riport"],"_links":{"self":[{"href":"https:\/\/ujkafe.website\/index.php?rest_route=\/wp\/v2\/posts\/95723","targetHints":{"allow":["GET"]}}],"collection":[{"href":"https:\/\/ujkafe.website\/index.php?rest_route=\/wp\/v2\/posts"}],"about":[{"href":"https:\/\/ujkafe.website\/index.php?rest_route=\/wp\/v2\/types\/post"}],"author":[{"embeddable":true,"href":"https:\/\/ujkafe.website\/index.php?rest_route=\/wp\/v2\/users\/3"}],"replies":[{"embeddable":true,"href":"https:\/\/ujkafe.website\/index.php?rest_route=%2Fwp%2Fv2%2Fcomments&post=95723"}],"version-history":[{"count":0,"href":"https:\/\/ujkafe.website\/index.php?rest_route=\/wp\/v2\/posts\/95723\/revisions"}],"wp:attachment":[{"href":"https:\/\/ujkafe.website\/index.php?rest_route=%2Fwp%2Fv2%2Fmedia&parent=95723"}],"wp:term":[{"taxonomy":"category","embeddable":true,"href":"https:\/\/ujkafe.website\/index.php?rest_route=%2Fwp%2Fv2%2Fcategories&post=95723"},{"taxonomy":"post_tag","embeddable":true,"href":"https:\/\/ujkafe.website\/index.php?rest_route=%2Fwp%2Fv2%2Ftags&post=95723"}],"curies":[{"name":"wp","href":"https:\/\/api.w.org\/{rel}","templated":true}]}}