
{"id":96462,"date":"2021-06-28T02:56:45","date_gmt":"2021-06-28T02:56:45","guid":{"rendered":"https:\/\/ujkafe.website\/?p=96462"},"modified":"2021-06-27T11:19:10","modified_gmt":"2021-06-27T11:19:10","slug":"p-buzogany-arpad-konyv-szekelyfold-szekelyeirol","status":"publish","type":"post","link":"https:\/\/ujkafe.website\/?p=96462","title":{"rendered":"P. Buzog\u00e1ny \u00c1rp\u00e1d: K\u00f6nyv Sz\u00e9kelyf\u00f6ld sz\u00e9kelyeir\u0151l"},"content":{"rendered":"<p>Eleg\u00e1ns nyomdai kivitelez\u00e9s\u0171 tanulm\u00e1nyk\u00f6tetet adott ki a magyar f\u0151v\u00e1rosban m\u0171k\u00f6d\u0151 Nap Kiad\u00f3. A Magyar szemhat\u00e1r sorozat el\u0151z\u0151 k\u00f6tetei a felvid\u00e9ki \u00e9s a k\u00e1rp\u00e1taljai magyars\u00e1g 21. sz\u00e1zadi helyzet\u00e9vel foglalkoznak, harmadikk\u00e9nt, m\u00e9g m\u00falt \u00e9vben, jelent meg a<strong> Sz\u00e9kelyf\u00f6ld a 21. sz\u00e1zadban<\/strong> c\u00edm\u0171 k\u00f6tet, sorozatszerkeszt\u0151 Pusztay J\u00e1nos, e k\u00f6tetet azonban \u201evend\u00e9gk\u00e9nt\u201d, a r\u00e9gi\u00f3 kiv\u00e1l\u00f3 ismer\u0151je, Cseke P\u00e9ter szerkesztette.<!--more--><\/p>\n<p>A k\u00e9tsz\u00e1z oldalt meghalad\u00f3 terjedelm\u0171 k\u00f6nyvnek, amely sz\u00ednes illusztr\u00e1ci\u00f3kat, k\u00e9peket tartalmaz, olvas\u00f3szerkeszt\u0151je Sikl\u00f3si Katalin, grafikai szerkeszt\u0151 Medve Gell\u00e9rt, mell\u00e9klete egy Sz\u00e9kelyf\u00f6ld t\u00e9rk\u00e9p.<br \/>\nAlc\u00edme szerint essz\u00e9ket, tanulm\u00e1nyokat tartalmaz, h\u00fasz szerz\u0151t\u0151l. Legt\u00f6bbj\u00e9nek neve ismert mind a tudom\u00e1nyok ter\u00fclet\u00e9n j\u00e1rtas szakemberek sz\u00e1m\u00e1ra, mind pedig a sajt\u00f3b\u00f3l, a k\u00f6zm\u0171vel\u0151d\u00e9sb\u0151l. A szerz\u0151k munk\u00e1ss\u00e1g\u00e1nak r\u00f6vid ismertet\u00e9s\u00e9t, portr\u00e9jukkal egy\u00fctt, a k\u00f6nyv v\u00e9g\u00e9n k\u00fcl\u00f6n fejezetben tal\u00e1ljuk meg.<\/p>\n<p>Ha azzal az ig\u00e9nnyel veszi kez\u00e9be ezt a k\u00f6nyvet az olvas\u00f3, hogy szinte mindent megtudhat az erd\u00e9lyi magyarok e sz\u00e1zadi t\u00f6rt\u00e9net\u00e9r\u0151l, helyzet\u00e9r\u0151l \u00e9s \u00e9let\u00e9r\u0151l, akkor nyilv\u00e1n csal\u00f3dni fog, hiszen ilyen k\u00f6nyv (m\u00e9g) nem l\u00e9tezik. Nem is tudom, hogy lesz-e, vagy lehet-e a k\u00f6vetkez\u0151 \u00e9vtizedekben. \u00c1m a minket m\u00e9g most sem ismer\u0151nek is hasznos, meg azoknak is, akik sz\u00e9kelyeknek nevezz\u00fck magunkat, \u00e9s \u00e9ppen itt, a t\u00f6bbs\u00e9gi nemzet bizonyos r\u00e9sze \u00e1ltal nem is l\u00e9tez\u0151nek tartott Sz\u00e9kelyf\u00f6ld\u00f6n \u00e9l\u00fcnk.<br \/>\nHa valaki valamire is k\u00edv\u00e1ncsi r\u00f3lunk, a vil\u00e1gh\u00e1l\u00f3n bizony\u00e1ra pillanatok alatt tal\u00e1l haszn\u00e1lhat\u00f3 inform\u00e1ci\u00f3kat. Mi\u00e9rt kellett m\u00e9gis ez a k\u00f6nyv? Mert ez nem egy inform\u00e1ci\u00f3halmaz, hanem egy-egy t\u00e9m\u00e1hoz \u00e9rt\u0151 szem\u00e9ly tanulm\u00e1nya, \u00f6sszef\u00fcgg\u0151 gondolatai. Bod\u00f3 Barna a k\u00f6zelm\u00falt t\u00f6rt\u00e9nelmi esem\u00e9nyeit \u00e9rtelmezi \u00e9s a t\u00f6rt\u00e9neti visszatekint\u00e9st ny\u00fajt, \u00f6sszefoglal\u00f3an, az \u00f6nkorm\u00e1nyzatis\u00e1gr\u00f3l, sz\u00e9kely jogr\u00f3l (<em>J\u00f6v\u0151k\u00e9p, auton\u00f3mia \u2013 sz\u00e9kely k\u00f6zigazgat\u00e1s<\/em> c\u00edmmel). Bir\u00f3 A. Zolt\u00e1n <em>Demogr\u00e1fiai viszonyokr\u00f3l \u2013 fejleszt\u00e9s-strat\u00e9giai megk\u00f6zel\u00edt\u00e9sben c\u00edm\u0171 \u00f6sszefoglal\u00e1sa<\/em> \u2013 adatok n\u00e9lk\u00fcl ugyan \u2013 a \u201eklasszikus\u201d k\u00e9rd\u00e9seken k\u00edv\u00fcl (h\u00e1nyan vagyunk, h\u00e1nyan lesz\u00fcnk, milyen az \u00f6sszet\u00e9tel?) a r\u00e9gi\u00f3fejleszt\u00e9st elemzi. P\u00e9ntek J\u00e1nos professzor a sz\u00e9kely nyelvj\u00e1r\u00e1sok kialakul\u00e1s\u00e1t, nyelvi \u00e9rt\u00e9keit foglalja \u00f6ssze <em>(A sz\u00e9kely nyelvj\u00e1r\u00e1s \u00e9rt\u00e9kvil\u00e1ga<\/em>). A kisv\u00e1rosok \u00e9s f\u0151leg Kolozsv\u00e1r szerep\u00e9t vizsg\u00e1lja Bakk Mikl\u00f3s <em>(Sz\u00e9kelyf\u00f6ld, moderniz\u00e1ci\u00f3 \u00e9s kisv\u00e1rosi kult\u00farmorfol\u00f3gia<\/em>). Hagyom\u00e1ny \u00e9s \u00faj\u00edt\u00e1s szerep\u00e9t, illetve a nemi szerepeket is t\u00e1rgyalja a n\u0151i v\u00e1llalkoz\u00e1sokat elemz\u0151 \u00edr\u00e1s (Bak\u00f3 Roz\u00e1lia\u2013Gergely Orsolya: S<em>z\u00e9kelyf\u00f6ldi v\u00e1llalkoz\u00e1sok ind\u00edt\u00e1sa \u00e9s m\u0171k\u00f6d\u00e9se<\/em>). Kolumb\u00e1n G\u00e1bor (<em>K\u00f6z\u00f6ss\u00e9gi szempontok a sz\u00e9kely gazd\u00e1lkod\u00e1s vizsg\u00e1lat\u00e1ban<\/em>) a gazd\u00e1lkod\u00e1s szerep\u00e9t, lehet\u0151s\u00e9geit, Garda Dezs\u0151 az erd\u0151gazd\u00e1lkod\u00e1s szempontj\u00e1b\u00f3l olyan fontos k\u00f6zbirtokoss\u00e1gok helyzet\u00e9t (<em>A sz\u00e9kely k\u00f6zbirtokoss\u00e1gok \u00fajraalak\u00edt\u00e1sa<\/em>) k\u00f6rvonalazza, r\u00e1mutatva, a rom\u00e1n \u00e1llam milyen hatalmas vagyonokat vett el a sz\u00e9kely faluk\u00f6z\u00f6ss\u00e9gekt\u0151l. A t\u00e9rs\u00e9g egyik j\u00f3l ismert int\u00e9zm\u00e9ny\u00e9t, a <em>Cs\u00edki Sz\u00e9kely M\u00fazeumot<\/em> mutatja be k\u00e9t munkat\u00e1rsa, Gyarmati Zsolt \u00e9s M\u00e1ln\u00e1si Levente. A t\u00e9rs\u00e9g m\u00faltj\u00e1t kutat\u00f3kat \u00e9s megjelent munk\u00e1ikat veszi sz\u00e1mba P\u00e1l-Antal S\u00e1ndor <em>(A sz\u00e9kelyek 21. sz\u00e1zadi \u00f6nk\u00e9pe)<\/em>. A j\u00f3 ideje divatba hozott \u00e9rt\u00e9kt\u00e1raz\u00e1s egy r\u00e9sz\u00e9nek bemutat\u00e1sa kapcs\u00e1n h\u00e1rom felterjesztett t\u00e9m\u00e1t: a k\u00fcrt\u0151skal\u00e1cs, a sz\u00e9kely kapuk \u00e9s a sz\u00e9kelyf\u00f6ldi templomokban fellelhet\u0151 Szent L\u00e1szl\u00f3 falk\u00e9pek le\u00edr\u00e1s\u00e1t k\u00f6zli Sz\u0151ts P. Zsuzsa, <em>Fels\u0151oktat\u00e1s \u00e9s tudom\u00e1nyos kutat\u00e1s Sz\u00e9kelyf\u00f6ld\u00f6n<\/em> c\u00edmmel \u00edrt \u00f6sszefoglal\u00f3t a Balog Albert \u00e9s Tonk M\u00e1rton szerz\u0151p\u00e1ros, amelyb\u0151l nyilv\u00e1n az is kider\u00fcl, melyik telep\u00fcl\u00e9sen milyen k\u00e9pz\u00e9sek folynak.<\/p>\n<p>\u00dcd\u00edt\u0151 olvasm\u00e1ny Zsigmond Andrea<em> Sz\u00e9kelyf\u00f6ldi sz\u00ednh\u00e1z \u2013 ahogy szeretem<\/em> c\u00edm\u0171 essz\u00e9je. Magyarok \u00e9s rom\u00e1nok p\u00e1rhuzamos val\u00f3s\u00e1gait k\u00f6zel\u00edt\u0151 sz\u00ednh\u00e1zi produkci\u00f3kt\u00f3l a Sz\u00e9kelyf\u00f6ld\u00f6n l\u00e9tezett \u00e9s m\u0171k\u00f6d\u0151 sz\u00ednh\u00e1zak, t\u00e1rsulatok jellemz\u00e9s\u00e9ig sok mindent k\u00e9szen kapunk \u00edr\u00e1s\u00e1ban, \u00e9rtelmez\u00e9sekkel, eg\u00e9szen a sz\u00ednh\u00e1zi fesztiv\u00e1lokig. A szerkeszt\u0151 Cseke P\u00e9ter a sz\u00fcl\u00f6tte f\u00f6ldje egyik neves tollforgat\u00f3j\u00e1nak p\u00e1lyak\u00e9p\u00e9t, t\u00e1rsadalom\u00e1br\u00e1zol\u00e1s\u00e1nak alakul\u00e1s\u00e1t k\u00f6zli <em>(Szab\u00f3 Gyula kopjaf\u00e1i<\/em>). Az 1968-as megy\u00e9s\u00edt\u00e9s \u00f3ta a folyton v\u00e1ltoz\u00f3 jelenig k\u00f6veti a t\u00e9rs\u00e9g m\u00e9diumainak (\u00e1t)alakul\u00e1s\u00e1t Sar\u00e1ny Istv\u00e1n, akinek \u00f6sszefoglal\u00e1sa m\u00e9g a t\u00e9rs\u00e9gben \u00e9l\u0151knek is szolg\u00e1l \u00faj inform\u00e1ci\u00f3kkal. A r\u00e9gi rendszerb\u0151l \u00f6r\u00f6k\u00f6lt irodalmi lapokn\u00e1l fiatalabb, cs\u00edkszeredai Sz\u00e9kelyf\u00f6ldet mutatja be Cseke G\u00e1bor (<em>\u201eSz\u00e9kelyf\u00f6ld\u201d foly\u00f3irat \u2013 a t\u00e1gra nyitott ablak<\/em>), sikert\u00f6rt\u00e9netk\u00e9nt. Esettanulm\u00e1nyk\u00e9nt olvashatjuk Sim\u00f3 M\u00e1rtonnak Atyh\u00e1r\u00f3l sz\u00f3l\u00f3 \u00edr\u00e1s\u00e1t <em>Templom\u00e9p\u00edt\u00e9s, harang\u00f6nt\u00e9s, j\u00f6v\u0151k\u00e9p<\/em> c\u00edmmel. Az elm\u00falt \u00e9vekben a le\u00e9gett templom helyre\u00e1ll\u00edt\u00e1sa kapcs\u00e1n ismerte meg az eg\u00e9sz K\u00e1rp\u00e1t-medence a telep\u00fcl\u00e9st, melyet a szerz\u0151, fogy\u00f3 lakoss\u00e1g\u00e1val, folyton megpr\u00f3b\u00e1l fel\u00e9leszteni szenderg\u00e9s\u00e9b\u0151l. A k\u00f6nyv Bod\u00f3 M\u00e1rta <em>A Sz\u00e9kely Szentf\u00f6ld<\/em> c\u00edm\u0171 \u00edr\u00e1s\u00e1val z\u00e1rul, csup\u00e1n a r\u00f3mai katolikus vall\u00e1s szempontjait \u00e9rv\u00e9nyes\u00edtve, ebben a ferences tev\u00e9kenys\u00e9gek h\u00e1rom helysz\u00edn\u00e9t mutatja be: a h\u00e1romsz\u00e9ki perk\u0151it, a marossz\u00e9ki szov\u00e1tait \u00e9s a cs\u00edksz\u00e9ki somly\u00f3it, ut\u00f3bbit az 2019-es \u201ef\u00e9lresiker\u00edtett\u201d esem\u00e9nyre val\u00f3 c\u00e9lz\u00e1ssal A p\u00e1pa Cs\u00edksomly\u00f3n alc\u00edmmel.<\/p>\n<p>A tetszet\u0151s form\u00e1tum\u00fa \u00e9s kivitelez\u00e9s\u0171 k\u00f6nyvben egyetlen k\u00fclcs\u00edni hiba t\u0171nhet fel, egyik tanulm\u00e1ny \u00e9l\u0151feje \u00e1tcs\u00faszott a k\u00f6vetkez\u0151re is. Tartalm\u00e1t lehet kifog\u00e1solni, j\u00f6het\u00fcnk ut\u00f3lagos javaslatokkal, meg \u00e9szrev\u00e9teleinkkel, az nyilv\u00e1n a megjelent kiadv\u00e1nyon nem v\u00e1ltoztathat. Az \u00e9rdekl\u0151d\u0151 olvas\u00f3 \u00f6r\u00fcl(het), hogy meg\u00edrt\u00e1k \u00e9s kiadt\u00e1k ezt a k\u00f6nyvet. Enn\u00e9l frissebb r\u00e1tekint\u00e9st a t\u00e9rs\u00e9gre sok foly\u00f3irat sok lapsz\u00e1m\u00e1nak \u00e1tolvas\u00e1s\u00e1val kaphatunk, azt is akkor, ha valamennyire t\u00e1j\u00e9kozottak vagyunk az egyes t\u00e9m\u00e1kban.<\/p>\n<p>Ennek ellen\u00e9re nem sok sz\u00f3 esik, csup\u00e1n \u00e9rint\u0151legesen, a k\u00f6zm\u0171vel\u0151d\u00e9sr\u0151l, kimaradt teljesen a hagyom\u00e1nyos mesters\u00e9gek 21. sz\u00e1zadi helyzet\u00e9nek bemutat\u00e1sa. Kiemelt t\u00e9ma k\u00e9t cs\u00edkszeredai int\u00e9zm\u00e9ny, a Sz\u00e9kelyf\u00f6ld foly\u00f3irat \u00e9s a Cs\u00edki Sz\u00e9kely M\u00fazeum, de \u00e1rva sz\u00f3 sem esik a sepsiszentgy\u00f6rgyi, k\u00e9zdiv\u00e1s\u00e1rhelyi, gyergy\u00f3szentmikl\u00f3si, sz\u00e9kelykereszt\u00fari vagy sz\u00e9kelyudvarhelyir\u0151l. A sz\u00ednh\u00e1zr\u00f3l kellemes olvasm\u00e1nyt tal\u00e1lunk, \u00e1m a t\u00e1ncr\u00f3l, n\u00e9pt\u00e1ncr\u00f3l semmit, m\u00e9g b\u00e1r a hivat\u00e1sosokr\u00f3l sem. A tudom\u00e1ny (kiv\u00e9ve a t\u00f6rt\u00e9nelmet), k\u00e9pz\u0151m\u0171v\u00e9szet \u00e9s irodalom mintha nem is l\u00e9tezne ezen a f\u00f6ld\u00f6n, legal\u00e1bbis nem esik sz\u00f3 err\u0151l. Ugyanilyen jogon v\u00e1rhatn\u00e1nk el, hogy hasonl\u00f3 munka ne szor\u00edtsa h\u00e1tt\u00e9rbe a f\u0151 j\u00f6vedelemforr\u00e1st: a gazd\u00e1lkod\u00e1st, erd\u0151l\u00e9st, ut\u00f3bbi furcsa helyzete tanuls\u00e1gul szolg\u00e1lhat m\u00e1soknak: \u00edgy nem szabadott volna cselekedni. Az orsz\u00e1gnak ez a vid\u00e9ke k\u00fcl\u00f6n\u00f6sen kit\u0171nik a civil kezdem\u00e9nyez\u00e9sekkel, tal\u00e1n ezt is j\u00f3 lenne kiemelni egy hasonl\u00f3 kiadv\u00e1nyban, ha m\u00e9g lesz r\u00e1 p\u00e9lda.<\/p>\n<p>Forr\u00e1s: <a href=\"https:\/\/eloszekelyfold.ro\/2021\/06\/26\/konyv-szekelyfold-szekelyeirol\/\">https:\/\/eloszekelyfold.ro\/2021\/06\/26\/konyv-szekelyfold-szekelyeirol\/<\/a><\/p>\n","protected":false},"excerpt":{"rendered":"<p>Eleg\u00e1ns nyomdai kivitelez\u00e9s\u0171 tanulm\u00e1nyk\u00f6tetet adott ki a magyar f\u0151v\u00e1rosban m\u0171k\u00f6d\u0151 Nap Kiad\u00f3. A Magyar szemhat\u00e1r sorozat el\u0151z\u0151 k\u00f6tetei a felvid\u00e9ki \u00e9s a k\u00e1rp\u00e1taljai magyars\u00e1g 21. sz\u00e1zadi helyzet\u00e9vel foglalkoznak, harmadikk\u00e9nt, m\u00e9g m\u00falt \u00e9vben, jelent meg a Sz\u00e9kelyf\u00f6ld a 21. sz\u00e1zadban c\u00edm\u0171 k\u00f6tet, sorozatszerkeszt\u0151 Pusztay J\u00e1nos, e k\u00f6tetet azonban \u201evend\u00e9gk\u00e9nt\u201d, a r\u00e9gi\u00f3 kiv\u00e1l\u00f3 ismer\u0151je, Cseke P\u00e9ter szerkesztette.<\/p>\n","protected":false},"author":3,"featured_media":0,"comment_status":"open","ping_status":"open","sticky":false,"template":"","format":"standard","meta":{"_monsterinsights_skip_tracking":false,"_monsterinsights_sitenote_active":false,"_monsterinsights_sitenote_note":"","_monsterinsights_sitenote_category":0,"ngg_post_thumbnail":0,"footnotes":""},"categories":[22],"tags":[],"class_list":["post-96462","post","type-post","status-publish","format-standard","hentry","category-recenzio"],"_links":{"self":[{"href":"https:\/\/ujkafe.website\/index.php?rest_route=\/wp\/v2\/posts\/96462","targetHints":{"allow":["GET"]}}],"collection":[{"href":"https:\/\/ujkafe.website\/index.php?rest_route=\/wp\/v2\/posts"}],"about":[{"href":"https:\/\/ujkafe.website\/index.php?rest_route=\/wp\/v2\/types\/post"}],"author":[{"embeddable":true,"href":"https:\/\/ujkafe.website\/index.php?rest_route=\/wp\/v2\/users\/3"}],"replies":[{"embeddable":true,"href":"https:\/\/ujkafe.website\/index.php?rest_route=%2Fwp%2Fv2%2Fcomments&post=96462"}],"version-history":[{"count":0,"href":"https:\/\/ujkafe.website\/index.php?rest_route=\/wp\/v2\/posts\/96462\/revisions"}],"wp:attachment":[{"href":"https:\/\/ujkafe.website\/index.php?rest_route=%2Fwp%2Fv2%2Fmedia&parent=96462"}],"wp:term":[{"taxonomy":"category","embeddable":true,"href":"https:\/\/ujkafe.website\/index.php?rest_route=%2Fwp%2Fv2%2Fcategories&post=96462"},{"taxonomy":"post_tag","embeddable":true,"href":"https:\/\/ujkafe.website\/index.php?rest_route=%2Fwp%2Fv2%2Ftags&post=96462"}],"curies":[{"name":"wp","href":"https:\/\/api.w.org\/{rel}","templated":true}]}}