
{"id":96494,"date":"2021-06-30T02:56:58","date_gmt":"2021-06-30T02:56:58","guid":{"rendered":"https:\/\/ujkafe.website\/?p=96494"},"modified":"2021-06-29T20:24:25","modified_gmt":"2021-06-29T20:24:25","slug":"para-olga-majd-fenyedben-furossz-meg","status":"publish","type":"post","link":"https:\/\/ujkafe.website\/?p=96494","title":{"rendered":"Para Olga: Majd f\u00e9nyedben f\u00fcr\u00f6ssz meg \u2026"},"content":{"rendered":"<p>nagyon k\u00f6zel \u00e9s m\u00e9gis m\u00e9rhetetlen\u00fcl t\u00e1vol vagy t\u0151lem, de vagy a \u201evagyok, aki vagyok\u201d engedj a k\u00f6zeledbe hogy m\u00e9g egyszer megf\u00fcr\u00f6djem abban a feh\u00e9r ragyog\u00e1sban, amit megtapasztaltam a l\u00e1nyom sz\u00fclet\u00e9sekor \u2013 hal\u00e1lk\u00f6zeli \u00e1llapot \u2013 n\u00e9gy napig zuhantam zuhantam zuhantam nem volt kapaszkod\u00f3 csak az elviselhetetlen s\u00f6t\u00e9ts\u00e9g s\u0171r\u0171 fekete f\u00e9lelem s fekete m\u00e9lys\u00e9gbe zuhan\u00e1s zuhan\u00e1s zuhan\u00e1s <!--more-->mintha feneketlen fekete f\u00e9nyl\u0151 sz\u0171k szurokkal b\u00e9lelt k\u00fat lenne azt hittem a hal\u00e1lba zuhanok de nem \u00e9reztem semmit gondolat sincs m\u00e1r csak az iszonyatos f\u00e9lelem n\u00e9gy napig tartott e zuhan\u00e1s -k\u00e9s\u0151bb tudtam meg az orvosomt\u00f3l\u00a0 \u2013<br \/>\nde hirtelen vir\u00e1gos r\u00e9tre \u00e9rtem \u00e9s tudtam te ott v\u00e1rt\u00e1l r\u00e1m a le\u00edrhatatlan ragyog\u00f3 feh\u00e9r f\u00e9nyben volt\u00e1l tudtam igen ez te vagy a F\u00e9ny \u00e9s apr\u00f3 vir\u00e1gok vir\u00edtottak sz\u00ednesek tark\u00e1k s \u00e9reztem b\u00e9ke \u00e9s a boldogs\u00e1g voltam melyhez hasonl\u00f3t nem \u00e9reztem a f\u00f6ldi vil\u00e1gban soha soha soha<br \/>\ncsak f\u00fcr\u00f6dni f\u00fcr\u00f6dni f\u00fcr\u00f6dni a f\u00e9nyben nem volt gondolat csak \u00e1mulat s ekkor csod\u00e1k csod\u00e1ja a r\u00e9ten futott szembe velem az egy \u00e9ves kicsi fiacsk\u00e1m \u00e9s egyenesen berep\u00fclt \u00f6lel\u0151 karjaimba ekkor fel\u00e9bredtem \u00e9s tudtam megmentett a pici fiam \u00e9s a n\u00e9gy napos m\u00e9g picibb csecsem\u0151 kisl\u00e1nyom m\u00e9g k\u00f6teless\u00e9gem van \u00e9lni \u00e9s nevelni \u0151ket \u00f3ri\u00e1si feladat \u00e9s le\u00edrhatatlan \u00f6r\u00f6m is egyben ez\u00e9rt \u00e9rt\u00fck menek\u00fcltem meg ma m\u00e1r tudom<br \/>\na vak\u00edt\u00f3 feh\u00e9r F\u00e9nyt soha nem feledtem ahov\u00e1 azt\u00e1n a harmadik gyermekem igen hamar meg\u00e9rkezett tizenh\u00e9t \u00e9vesen \u00e9s v\u00e1r r\u00e1m a v\u00e9gtelenben de nem szabad sietnem mert m\u00e9g f\u00f6ldi dolgaim vannak csak ha elsz\u00f3l\u00edt a megnevezhetetlen \u201evagyok , aki vagyok\u201d a f\u00e9nyben t\u00fcnd\u00f6kl\u0151 l\u00e1thatatlan Isten<\/p>\n<p><em>Sepsiszentgy\u00f6rgy, 2021. j\u00fanius 9.<\/em><\/p>\n","protected":false},"excerpt":{"rendered":"<p>nagyon k\u00f6zel \u00e9s m\u00e9gis m\u00e9rhetetlen\u00fcl t\u00e1vol vagy t\u0151lem, de vagy a \u201evagyok, aki vagyok\u201d engedj a k\u00f6zeledbe hogy m\u00e9g egyszer megf\u00fcr\u00f6djem abban a feh\u00e9r ragyog\u00e1sban, amit megtapasztaltam a l\u00e1nyom sz\u00fclet\u00e9sekor \u2013 hal\u00e1lk\u00f6zeli \u00e1llapot \u2013 n\u00e9gy napig zuhantam zuhantam zuhantam nem volt kapaszkod\u00f3 csak az elviselhetetlen s\u00f6t\u00e9ts\u00e9g s\u0171r\u0171 fekete f\u00e9lelem s fekete m\u00e9lys\u00e9gbe zuhan\u00e1s zuhan\u00e1s zuhan\u00e1s<\/p>\n","protected":false},"author":3,"featured_media":0,"comment_status":"open","ping_status":"open","sticky":false,"template":"","format":"standard","meta":{"_monsterinsights_skip_tracking":false,"_monsterinsights_sitenote_active":false,"_monsterinsights_sitenote_note":"","_monsterinsights_sitenote_category":0,"ngg_post_thumbnail":0,"footnotes":""},"categories":[4],"tags":[],"class_list":["post-96494","post","type-post","status-publish","format-standard","hentry","category-vers"],"_links":{"self":[{"href":"https:\/\/ujkafe.website\/index.php?rest_route=\/wp\/v2\/posts\/96494","targetHints":{"allow":["GET"]}}],"collection":[{"href":"https:\/\/ujkafe.website\/index.php?rest_route=\/wp\/v2\/posts"}],"about":[{"href":"https:\/\/ujkafe.website\/index.php?rest_route=\/wp\/v2\/types\/post"}],"author":[{"embeddable":true,"href":"https:\/\/ujkafe.website\/index.php?rest_route=\/wp\/v2\/users\/3"}],"replies":[{"embeddable":true,"href":"https:\/\/ujkafe.website\/index.php?rest_route=%2Fwp%2Fv2%2Fcomments&post=96494"}],"version-history":[{"count":0,"href":"https:\/\/ujkafe.website\/index.php?rest_route=\/wp\/v2\/posts\/96494\/revisions"}],"wp:attachment":[{"href":"https:\/\/ujkafe.website\/index.php?rest_route=%2Fwp%2Fv2%2Fmedia&parent=96494"}],"wp:term":[{"taxonomy":"category","embeddable":true,"href":"https:\/\/ujkafe.website\/index.php?rest_route=%2Fwp%2Fv2%2Fcategories&post=96494"},{"taxonomy":"post_tag","embeddable":true,"href":"https:\/\/ujkafe.website\/index.php?rest_route=%2Fwp%2Fv2%2Ftags&post=96494"}],"curies":[{"name":"wp","href":"https:\/\/api.w.org\/{rel}","templated":true}]}}