
{"id":96496,"date":"2021-07-01T02:50:06","date_gmt":"2021-07-01T02:50:06","guid":{"rendered":"https:\/\/ujkafe.website\/?p=96496"},"modified":"2021-06-30T14:33:26","modified_gmt":"2021-06-30T14:33:26","slug":"a-montevideoi-lany-rol-az-erdoszentgyorgyi-figyeloben","status":"publish","type":"post","link":"https:\/\/ujkafe.website\/?p=96496","title":{"rendered":"A montevide\u00f3i l\u00e1ny-r\u00f3l az Erd\u0151szentgy\u00f6rgyi Figyel\u0151ben"},"content":{"rendered":"<p>Kor\u00e1bban a K\u00e1f\u00e9 f\u0151nix t\u00f6bb \u00edzben k\u00f6z\u00f6lt egy-egy r\u00f6vidpr\u00f3z\u00e1t Szentgy\u00f6rgyi L\u00e1szl\u00f3 toll\u00e1b\u00f3l. Az \u00edr\u00e1sokat kiv\u00e9tel n\u00e9lk\u00fcl abb\u00f3l a k\u00f6tetb\u0151l v\u00e1logattuk, mely A montevide\u00f3i l\u00e1ny c\u00edmmel jelent meg 2020-ban a marosv\u00e1s\u00e1rhelyi Bookman kiad\u00f3n\u00e1l, V\u00e1rdi L\u00e1z\u00e1r feljegyz\u00e9sei alc\u00edmmel, B\u00f6l\u00f6ni Domokos szerkeszt\u00e9s\u00e9ben.<br \/>\nAz erd\u0151szentgy\u00f6rgyi sz\u00fclet\u00e9s\u0171 szerz\u0151 k\u00f6nyv\u00e9r\u0151l r\u00f6vid beaj\u00e1nl\u00f3 sz\u00f6veg jelent meg az Erd\u0151szentgy\u00f6rgyi Figyel\u0151 idei m\u00e1jusi-j\u00faniusi sz\u00e1m\u00e1ban. Ebb\u0151l id\u00e9z\u00fcnk:<!--more--><br \/>\n\u201eAz alc\u00edmben jelzett V\u00e1rdi L\u00e1z\u00e1r a f\u0151szerepl\u0151, val\u00f3j\u00e1ban a szerz\u0151 altereg\u00f3ja, aki egyes sz\u00e1m harmadik szem\u00e9lyben besz\u00e9l tapasztalatair\u00f3l, \u00edgy igyekszik meg\u0151rizni a t\u00e1vols\u00e1gtart\u00f3, t\u00e1rgyilagos szeml\u00e9letet, de sorain mindig \u00e1ts\u00fct a szem\u00e9lyess\u00e9g. Az els\u0151 r\u00f6vid t\u00f6rt\u00e9net, a P\u00e1lyam\u00f3dos\u00edt\u00e1s az \u00fajs\u00e1g\u00edr\u00f3v\u00e1 v\u00e1l\u00e1snak r\u00f6vid, t\u00f6m\u00f6r t\u00f6rt\u00e9nete. V\u00e1rdi tanult szakm\u00e1ja szerint nyomd\u00e1sz, de a rendszerv\u00e1lt\u00e1s el\u0151tt k\u00e9nytelen volt szakm\u00e1j\u00e1t\u00f3l idegen ter\u00fcleteken dolgozni, mert frissen v\u00e9gzett szakemberk\u00e9nt nem fogadta el a reg\u00e1t egyik v\u00e1ros\u00e1ban felaj\u00e1nlott \u00e1ll\u00e1st \u2013 tudjuk, nem volt egyedi eset akkoriban. Az 1989-es v\u00e1ltoz\u00e1s ut\u00e1n v\u00e9gre elhelyezkedhetett nyomd\u00e1szk\u00e9nt. Munk\u00e1ja sor\u00e1n beleolvas az egyik \u00fajs\u00e1g anyag\u00e1ba, \u00e9s \u2019mintha csak \u00f6nmag\u00e1nak\u2013 megjegyezte: ilyet \u00e9n is tudn\u00e9k\u2019. \u00c9s lassacsk\u00e1n megt\u00f6rt\u00e9nt a p\u00e1lyam\u00f3dos\u00edt\u00e1s: \u201e\u00fajdond\u00e1sz lett.\u201d. Olvasotts\u00e1ga, \u00edr\u00e1sk\u00e9szs\u00e9ge adott volt, az \u00fajs\u00e1g\u00edr\u00e1shoz sz\u00fcks\u00e9ges k\u00edv\u00e1ncsis\u00e1ga, igazs\u00e1g\u00e9rzete, \u0151szintes\u00e9ge sem hi\u00e1nyzott. V\u00e1rdi L\u00e1z\u00e1r nyitott szemmel j\u00e1rja a vil\u00e1got, \u00e9s azt \u00edrja meg, amit tapasztalt, l\u00e1tott. A k\u00f6tet ezeknek a tapasztalatoknak a t\u00fckre.<br \/>\nApr\u00f3 kisemberi t\u00f6rt\u00e9netek, \u00e9rdekess\u00e9gek, amelyekb\u0151l tal\u00e1n nem lettek \u00fajs\u00e1gcikkek, de egy-egy emberi sorsot, egy-egy furcsa \u00e9lethelyzetet villantanak fel t\u00f6m\u00f6ren, \u00e9rdekesen. A k\u00f6tet utols\u00f3 \u00edr\u00e1s\u00e1ban, az Epil\u00f3gusban, avagy V\u00e1rdi L\u00e1z\u00e1r cs\u00fct\u00f6rt\u00f6k\u00f6t mond c\u00edm\u0171ben csal\u00f3dottan tesz pontot a harminc\u00f6t \u00e9ves \u00fajs\u00e1g\u00edr\u00f3i p\u00e1lya v\u00e9g\u00e9re: Az \u00e9n esetem csak meger\u0151s\u00edtette a mond\u00e1st, hogy szam\u00e1rb\u0151g\u00e9s nem hallatszik a mennybe \u2013<br \/>\nvonta meg \u00fajs\u00e1g\u00edr\u00f3i tev\u00e9kenys\u00e9g\u00e9nek m\u00e9rleg\u00e9t V\u00e1rdi.\u201d<\/p>\n<hr \/>\n<p><strong>Forr\u00e1s: Erd\u0151szentgy\u00f6rgyi Figyel\u0151, 2021. m\u00e1jus-j\u00fanius, 9. old.<\/strong><\/p>\n","protected":false},"excerpt":{"rendered":"<p>Kor\u00e1bban a K\u00e1f\u00e9 f\u0151nix t\u00f6bb \u00edzben k\u00f6z\u00f6lt egy-egy r\u00f6vidpr\u00f3z\u00e1t Szentgy\u00f6rgyi L\u00e1szl\u00f3 toll\u00e1b\u00f3l. Az \u00edr\u00e1sokat kiv\u00e9tel n\u00e9lk\u00fcl abb\u00f3l a k\u00f6tetb\u0151l v\u00e1logattuk, mely A montevide\u00f3i l\u00e1ny c\u00edmmel jelent meg 2020-ban a marosv\u00e1s\u00e1rhelyi Bookman kiad\u00f3n\u00e1l, V\u00e1rdi L\u00e1z\u00e1r feljegyz\u00e9sei alc\u00edmmel, B\u00f6l\u00f6ni Domokos szerkeszt\u00e9s\u00e9ben. Az erd\u0151szentgy\u00f6rgyi sz\u00fclet\u00e9s\u0171 szerz\u0151 k\u00f6nyv\u00e9r\u0151l r\u00f6vid beaj\u00e1nl\u00f3 sz\u00f6veg jelent meg az Erd\u0151szentgy\u00f6rgyi Figyel\u0151 idei m\u00e1jusi-j\u00faniusi sz\u00e1m\u00e1ban. [&hellip;]<\/p>\n","protected":false},"author":3,"featured_media":0,"comment_status":"open","ping_status":"open","sticky":false,"template":"","format":"standard","meta":{"_monsterinsights_skip_tracking":false,"_monsterinsights_sitenote_active":false,"_monsterinsights_sitenote_note":"","_monsterinsights_sitenote_category":0,"ngg_post_thumbnail":0,"footnotes":""},"categories":[22],"tags":[],"class_list":["post-96496","post","type-post","status-publish","format-standard","hentry","category-recenzio"],"_links":{"self":[{"href":"https:\/\/ujkafe.website\/index.php?rest_route=\/wp\/v2\/posts\/96496","targetHints":{"allow":["GET"]}}],"collection":[{"href":"https:\/\/ujkafe.website\/index.php?rest_route=\/wp\/v2\/posts"}],"about":[{"href":"https:\/\/ujkafe.website\/index.php?rest_route=\/wp\/v2\/types\/post"}],"author":[{"embeddable":true,"href":"https:\/\/ujkafe.website\/index.php?rest_route=\/wp\/v2\/users\/3"}],"replies":[{"embeddable":true,"href":"https:\/\/ujkafe.website\/index.php?rest_route=%2Fwp%2Fv2%2Fcomments&post=96496"}],"version-history":[{"count":0,"href":"https:\/\/ujkafe.website\/index.php?rest_route=\/wp\/v2\/posts\/96496\/revisions"}],"wp:attachment":[{"href":"https:\/\/ujkafe.website\/index.php?rest_route=%2Fwp%2Fv2%2Fmedia&parent=96496"}],"wp:term":[{"taxonomy":"category","embeddable":true,"href":"https:\/\/ujkafe.website\/index.php?rest_route=%2Fwp%2Fv2%2Fcategories&post=96496"},{"taxonomy":"post_tag","embeddable":true,"href":"https:\/\/ujkafe.website\/index.php?rest_route=%2Fwp%2Fv2%2Ftags&post=96496"}],"curies":[{"name":"wp","href":"https:\/\/api.w.org\/{rel}","templated":true}]}}