
{"id":97056,"date":"2021-08-08T02:56:53","date_gmt":"2021-08-08T02:56:53","guid":{"rendered":"https:\/\/ujkafe.website\/?p=97056"},"modified":"2021-08-07T16:44:11","modified_gmt":"2021-08-07T16:44:11","slug":"a-mindennapi-mulandosag","status":"publish","type":"post","link":"https:\/\/ujkafe.website\/?p=97056","title":{"rendered":"A MINDENNAPI MULAND\u00d3S\u00c1G"},"content":{"rendered":"<p><em><strong>K\u00e1ntor P\u00e9ter: Elegend\u0151 ok | Dem\u00e9ny P\u00e9ter kritik\u00e1ja<\/strong><\/em><\/p>\n<p>Elt\u00e9ved\u00fcnk a m\u00falt \u00e9s jelen id\u0151 k\u00f6z\u00f6tt, mik\u00f6zben K\u00e1ntor P\u00e9ter utols\u00f3 versesk\u00f6tet\u00e9t b\u00f6ng\u00e9ssz\u00fck. Az olvas\u00e1s felf\u00fcggeszti a hal\u00e1lt, mik\u00f6zben ki\u00e9les\u00edti a f\u00e1jdalmat. Eg\u00e9sz k\u00f6lt\u00e9szet\u00e9re, ahogy erre is, az \u00e1lland\u00f3s\u00e1g jellemz\u0151: egyenletes sz\u00ednvonal hull\u00e1mv\u00f6lgyek \u00e9s -hegyek n\u00e9lk\u00fcl. Nem forradalm\u00e1r volt, se nem b\u0171v\u00e9sz. Ink\u00e1bb az a k\u00f6lt\u0151, aki mindenf\u00e9le reped\u00e9st \u00e9szrevesz, mert probl\u00e9m\u00e1v\u00e1 kell tenni azt, ami f\u00f6l\u00f6tt a t\u00f6bbs\u00e9g gondtalanul \u00e1tsuhan.<!--more--><\/p>\n<p>K\u00e1ntor P\u00e9ter a folyamatosan j\u00f3 sz\u00ednvonal\u00fa k\u00f6lt\u0151k k\u00f6z\u00e9 tartozik. Nem volt a p\u00e1ly\u00e1j\u00e1n olyan k\u00f6tet, mint Parti Nagy Sz\u00f3dalovagl\u00e1sa, amely egy eg\u00e9sz nemzed\u00e9ket szabad\u00edtott fel, de ha egy \u00faj k\u00f6nyve megjelent, az ember biztos lehetett benne, hogy abban ugyanolyan szint\u0171 verseket tal\u00e1l, mint b\u00e1rmelyik kor\u00e1bbiban. Nem forradalm\u00e1r k\u00f6lt\u0151 volt, hanem \u00e9rett k\u00f6lt\u0151, a k\u00f6lt\u00e9szet vid\u00e1man melankolikus nagypolg\u00e1ra.<\/p>\n<p>Nem v\u00e9letlen, hogy elt\u00e9vedek, botladozok az igeid\u0151k k\u00f6z\u00f6tt, hiszen K\u00e1ntor P\u00e9ter nemr\u00e9g halt meg, szinte azt mondhatn\u00e1m: most. Az Elegend\u0151 okot a kiad\u00f3 is \u00fagy aj\u00e1nlja, mint a biztos hal\u00e1l el\u0151tti utols\u00f3 tal\u00e1lkoz\u00e1st: \u201eSzerett\u00fcnk volna m\u00e9g valamit egy\u00fctt. \/ Szerett\u00fcnk volna m\u00e9g egy k\u00f6tetet egy\u00fctt. \/ Elegend\u0151 ok ez? \/ Elegend\u0151 ok. \/ Legyen a c\u00edme: Elegend\u0151 ok\u201d, \u00edrja D\u00e1vid Anna a f\u00fclsz\u00f6vegben. \u00c9s a bor\u00edt\u00f3n lev\u0151 k\u0151 is, amelyr\u0151l megtudjuk a kolofonb\u00f3l, hogy K\u00e1ntor P\u00e9ter aj\u00e1nd\u00e9ka, egyfajta s\u00f6t\u00e9tsz\u00fcrke k\u00f6rbe\u00e9r\u00e9st sugall, \u00e9let \u00e9s hal\u00e1l egym\u00e1sra utalts\u00e1g\u00e1t, azt, ahogyan egym\u00e1sra mutatnak.<\/p>\n<p>Most halt meg az ember, aki m\u00e9g sokunknak hi\u00e1nyozni fog; a k\u00f6lt\u0151 azonban nem hal meg, am\u00edg verset olvasnak magyarul.<\/p>\n<p>A nagypolg\u00e1rt egy\u00e9bk\u00e9nt \u00fagy \u00e9rtettem, hogy mi sem \u00e1llt t\u0151le t\u00e1volabb, mint a kispolg\u00e1rs\u00e1g kicsinyess\u00e9ge; szimb\u00f3lumk\u00e9nt azonban jobb lenne valami s\u00f6t\u00e9t Ariel, vagy hogy kedves oroszaival p\u00e9ld\u00e1l\u00f3zzak, az a Puskin, aki tudja, hogy p\u00e1rbajban esik el. \u201eMacska a fark\u00e1t \/ kergeti k\u00f6rbe, \/ s\u00e1rga falev\u00e9l \/ hullik a f\u00f6ldre\u201d (Egy haj\u00f3 \u00faszik). Annyira jellemz\u0151 r\u00e1 ez a koboldosan m\u00e9ly\u00fcl\u0151 hang, ez a j\u00e1t\u00e9kosabb pet\u0151fis\u00e9g. Mint ahogy annyira jellemz\u0151 az is, ahogy szint\u00e9n jellemz\u0151 m\u0171faj\u00e1t, a dalt, egy ponton \u201eelrontja\u201d: \u201eMindig \u00e1llunk a parton\u201d \u2013 ez sokkal hosszabbnak t\u0171nik, mint a t\u00f6bbi sor, holott csak k\u00e9t sz\u00f3taggal hosszabb.<\/p>\n<p>Ilyen apr\u00f3s\u00e1gokkal nagy k\u00f6lt\u0151 K\u00e1ntor P\u00e9ter, aki a k\u00f6zhelyekt\u0151l sem riad vissza. \u201eFat\u00f6rzsbe v\u00e9sett sz\u00edv a jel\u201d (Fog\u00f3cska) \u2013 h\u00e1t ez azt\u00e1n m\u00e1r igaz\u00e1n mindennapinak is olcs\u00f3! \u00c9s a vers m\u00e9gsem olcs\u00f3, hanem nagy, torokszor\u00edt\u00f3, \u00e9s nem hiszem, hogy az\u00e9rt, mert nem sokkal a hal\u00e1la ut\u00e1n olvasom, hanem ink\u00e1bb az\u00e9rt, mert a verseibe mindig bele volt \u00edrva a muland\u00f3s\u00e1g. A mindennapi muland\u00f3s\u00e1g, az teh\u00e1t, hogy mind meghalunk, \u0151 is meg fog halni.<\/p>\n<hr \/>\n<p><em>Forr\u00e1s: konyvterasz.hu<\/em><\/p>\n","protected":false},"excerpt":{"rendered":"<p>K\u00e1ntor P\u00e9ter: Elegend\u0151 ok | Dem\u00e9ny P\u00e9ter kritik\u00e1ja Elt\u00e9ved\u00fcnk a m\u00falt \u00e9s jelen id\u0151 k\u00f6z\u00f6tt, mik\u00f6zben K\u00e1ntor P\u00e9ter utols\u00f3 versesk\u00f6tet\u00e9t b\u00f6ng\u00e9ssz\u00fck. Az olvas\u00e1s felf\u00fcggeszti a hal\u00e1lt, mik\u00f6zben ki\u00e9les\u00edti a f\u00e1jdalmat. Eg\u00e9sz k\u00f6lt\u00e9szet\u00e9re, ahogy erre is, az \u00e1lland\u00f3s\u00e1g jellemz\u0151: egyenletes sz\u00ednvonal hull\u00e1mv\u00f6lgyek \u00e9s -hegyek n\u00e9lk\u00fcl. Nem forradalm\u00e1r volt, se nem b\u0171v\u00e9sz. Ink\u00e1bb az a k\u00f6lt\u0151, aki [&hellip;]<\/p>\n","protected":false},"author":3,"featured_media":0,"comment_status":"open","ping_status":"open","sticky":false,"template":"","format":"standard","meta":{"_monsterinsights_skip_tracking":false,"_monsterinsights_sitenote_active":false,"_monsterinsights_sitenote_note":"","_monsterinsights_sitenote_category":0,"ngg_post_thumbnail":0,"footnotes":""},"categories":[22],"tags":[],"class_list":["post-97056","post","type-post","status-publish","format-standard","hentry","category-recenzio"],"_links":{"self":[{"href":"https:\/\/ujkafe.website\/index.php?rest_route=\/wp\/v2\/posts\/97056","targetHints":{"allow":["GET"]}}],"collection":[{"href":"https:\/\/ujkafe.website\/index.php?rest_route=\/wp\/v2\/posts"}],"about":[{"href":"https:\/\/ujkafe.website\/index.php?rest_route=\/wp\/v2\/types\/post"}],"author":[{"embeddable":true,"href":"https:\/\/ujkafe.website\/index.php?rest_route=\/wp\/v2\/users\/3"}],"replies":[{"embeddable":true,"href":"https:\/\/ujkafe.website\/index.php?rest_route=%2Fwp%2Fv2%2Fcomments&post=97056"}],"version-history":[{"count":0,"href":"https:\/\/ujkafe.website\/index.php?rest_route=\/wp\/v2\/posts\/97056\/revisions"}],"wp:attachment":[{"href":"https:\/\/ujkafe.website\/index.php?rest_route=%2Fwp%2Fv2%2Fmedia&parent=97056"}],"wp:term":[{"taxonomy":"category","embeddable":true,"href":"https:\/\/ujkafe.website\/index.php?rest_route=%2Fwp%2Fv2%2Fcategories&post=97056"},{"taxonomy":"post_tag","embeddable":true,"href":"https:\/\/ujkafe.website\/index.php?rest_route=%2Fwp%2Fv2%2Ftags&post=97056"}],"curies":[{"name":"wp","href":"https:\/\/api.w.org\/{rel}","templated":true}]}}