
{"id":97423,"date":"2021-09-04T02:56:05","date_gmt":"2021-09-04T02:56:05","guid":{"rendered":"https:\/\/ujkafe.website\/?p=97423"},"modified":"2021-09-03T15:23:39","modified_gmt":"2021-09-03T15:23:39","slug":"farkas-jozsef-gyorgy-xantus-janos-egyesult-allamok-mexiko","status":"publish","type":"post","link":"https:\/\/ujkafe.website\/?p=97423","title":{"rendered":"Farkas J\u00f3zsef Gy\u00f6rgy: X\u00e1ntus J\u00e1nos \u2013 Egyes\u00fclt \u00c1llamok, Mexik\u00f3"},"content":{"rendered":"<p>Sorozatunkban szobrok, eml\u00e9kt\u00e1bl\u00e1k, utc\u00e1k, terek hirdetik a nagyvil\u00e1gban az elismer\u00e9sre m\u00e9lt\u00f3nak \u00edt\u00e9lt magyarok nev\u00e9t. \u00c1m arra, hogy az \u00e1llatvil\u00e1g, a fauna egyn\u00e9mely egyed\u00e9nek elnevez\u00e9s\u00e9ben\u00a0 k\u00f6zvetlen utal\u00e1st tal\u00e1ln\u00e1nk egy honfit\u00e1rsunkra, eddig csak X\u00e1ntus J\u00e1nos (1825-1894) eset\u00e9ben bukkantunk\u2026<!--more--><\/p>\n<p>G\u00f6r\u00f6g gy\u00f6ker\u0171 h\u0151s\u00fcnk (akinek a csal\u00e1dneve Xantus, s\u0151t, Xanthus alakban is el\u0151fordult, \u0151 maga azonban X\u00e1ntusnak \u00edrta) a gy\u0151ri benc\u00e9s, majd a p\u00e9csi ciszterci gimn\u00e1ziumba j\u00e1rt, ezut\u00e1n jogi tanulm\u00e1nyokat folytatott. A 48-as szabads\u00e1gharc kit\u00f6r\u00e9se ut\u00e1n azonnal jelentkezett nemzet\u0151rnek, a p\u00e1kozdi csat\u00e1ban m\u00e1r t\u0171zmesterk\u00e9nt vett r\u00e9szt, Kom\u00e1rom v\u00e9delm\u00e9t husz\u00e1r f\u0151hadnagyk\u00e9nt er\u0151s\u00edtette. A szabads\u00e1gharc buk\u00e1sa ut\u00e1n hadb\u00edr\u00f3s\u00e1g el\u00e9 \u00e1ll\u00edtott\u00e1k, de a fogs\u00e1gb\u00f3l siker\u00fclt megsz\u00f6knie. Ezut\u00e1n egy ideig Londonban \u00e9lt, majd 1852-ben \u00e1thaj\u00f3zott az Egyes\u00fclt \u00c1llamokba.<\/p>\n<p><a href=\"https:\/\/ujkafe.website\/wp-content\/uploads\/2021\/09\/58xX\u00e1ntusportr\u00e9.jpg\"><img loading=\"lazy\" decoding=\"async\" class=\"alignnone  wp-image-97443\" src=\"https:\/\/ujkafe.website\/wp-content\/uploads\/2021\/09\/58xX\u00e1ntusportr\u00e9-195x300.jpg\" alt=\"\" width=\"301\" height=\"463\" srcset=\"https:\/\/ujkafe.website\/wp-content\/uploads\/2021\/09\/58xX\u00e1ntusportr\u00e9-195x300.jpg 195w, https:\/\/ujkafe.website\/wp-content\/uploads\/2021\/09\/58xX\u00e1ntusportr\u00e9-667x1024.jpg 667w, https:\/\/ujkafe.website\/wp-content\/uploads\/2021\/09\/58xX\u00e1ntusportr\u00e9.jpg 742w\" sizes=\"auto, (max-width: 301px) 100vw, 301px\" \/><\/a><br \/>\nAz USA-ban a legk\u00fcl\u00f6nf\u00e9l\u00e9bb munk\u00e1kat (lapkihord\u00f3, matr\u00f3z, boltosseg\u00e9d, k\u00f6nyvkeresked\u0151, gy\u00f3gyszer\u00e9sz, zongoratan\u00edt\u00f3, vas\u00fati tervrajzol\u00f3, m\u00e9rn\u00f6k, n\u00e9met, latin \u00e9s spanyol nyelvtan\u00e1r) felv\u00e1llalva \u00e9lte t\u00fal az els\u0151 \u00e9veket, de k\u00e9s\u0151bb kedvez\u0151en alakult a sorsa. 1856-ban az Arkansas foly\u00f3 forr\u00e1svid\u00e9k\u00e9nek felt\u00e9rk\u00e9pez\u00e9s\u00e9vel b\u00edzt\u00e1k meg, majd 1857-ben a Smithsonian Int\u00e9zet felk\u00e9r\u00e9s\u00e9re Kaliforni\u00e1ban v\u00e9gzett hasonl\u00f3 tev\u00e9kenys\u00e9get. Az \u00e9vtized v\u00e9g\u00e9n a Kaliforniai-f\u00e9lszigetet \u00e9s a k\u00f6rnyez\u0151 tengert, annak \u00e9l\u0151vil\u00e1g\u00e1t, illetve a tenger\u00e1raml\u00e1st kutatta. Egy ideig eg\u00e9szs\u00e9g\u00fcgyi tisztk\u00e9nt az uni\u00f3s csapatokn\u00e1l szolg\u00e1lt, majd a washingtoni k\u00fcl\u00fcgyminiszt\u00e9rium megb\u00edz\u00e1s\u00e1b\u00f3l r\u00f6vid ideig konzulk\u00e9nt is m\u0171k\u00f6d\u00f6tt a mexik\u00f3i Manzanill\u00f3ban. Innen t\u00e9rt haza Magyarorsz\u00e1gra 1864-ben, hogy r\u00e9gi \u00e1lma, a Pesti \u00c1llatkert megalap\u00edt\u00e1s\u00e1t el\u0151mozd\u00edtsa.<\/p>\n<p><a href=\"https:\/\/ujkafe.website\/wp-content\/uploads\/2021\/09\/58xX\u00e1ntus\u00c1llatkert.jpg\"><img loading=\"lazy\" decoding=\"async\" class=\"alignnone wp-image-97444\" src=\"https:\/\/ujkafe.website\/wp-content\/uploads\/2021\/09\/58xX\u00e1ntus\u00c1llatkert-300x199.jpg\" alt=\"\" width=\"500\" height=\"332\" srcset=\"https:\/\/ujkafe.website\/wp-content\/uploads\/2021\/09\/58xX\u00e1ntus\u00c1llatkert-300x199.jpg 300w, https:\/\/ujkafe.website\/wp-content\/uploads\/2021\/09\/58xX\u00e1ntus\u00c1llatkert-768x510.jpg 768w, https:\/\/ujkafe.website\/wp-content\/uploads\/2021\/09\/58xX\u00e1ntus\u00c1llatkert-1024x680.jpg 1024w, https:\/\/ujkafe.website\/wp-content\/uploads\/2021\/09\/58xX\u00e1ntus\u00c1llatkert.jpg 1204w\" sizes=\"auto, (max-width: 500px) 100vw, 500px\" \/><\/a><br \/>\nAz 1866-ban megny\u00edlt \u00e1llatkert els\u0151 igazgat\u00f3ja X\u00e1ntus J\u00e1nos lett. \u00c1m 1868-ban e tiszts\u00e9g\u00e9t feladva csatlakozott a Kelet- \u00e9s D\u00e9lkelet-\u00c1zsi\u00e1ba tart\u00f3 osztr\u00e1k-magyar tudom\u00e1nyos exped\u00edci\u00f3hoz. Szi\u00e1mban (Thaif\u00f6ld\u00f6n), Francia-Indok\u00edn\u00e1ban, K\u00edn\u00e1ban, Jap\u00e1nban, Tajvanon, Hongkongban, majd Szum\u00e1tra, J\u00e1va \u00e9s Luzon sziget\u00e9n is j\u00e1rt, s minden\u00fctt jelent\u0151s term\u00e9szetrajzi \u00e9s n\u00e9prajzi anyagot gy\u0171jt\u00f6tt a Magyar Nemzeti M\u00fazeum sz\u00e1m\u00e1ra. A m\u00fazeum rendk\u00edv\u00fcl gazdag, t\u00f6bb ezer p\u00e9ld\u00e1nyt tartalmaz\u00f3 anyagot kapott X\u00e1ntust\u00f3l \u2013 tal\u00e1n legismertebb a Borne\u00f3r\u00f3l hazak\u00fcld\u00f6tt kit\u00f6m\u00f6tt or\u00e1ngut\u00e1nja.<br \/>\nAz \u00e1llattan egyr\u00e9szt rengeteg m\u00fazeumi p\u00e9ld\u00e1nyt, m\u00e1sr\u00e9szt sok-sok, a gy\u0171jt\u00f6tt anyag alapj\u00e1n le\u00edrt \u00faj fajt k\u00f6sz\u00f6nhet neki. Val\u00f3di vil\u00e1gj\u00e1r\u00f3 volt teh\u00e1t, de nev\u00e9t a nagyvil\u00e1gban m\u00e9gsem \u00e9rc vagy m\u00e1rv\u00e1ny \u0151rzi, hanem az amerikai \u00e1llatvil\u00e1g n\u00e9h\u00e1ny sz\u00ednpomp\u00e1s egyede. T\u00f6bb term\u00e9szettud\u00f3s is ilyen eml\u00e9ket \u00e1ll\u00edtott X\u00e1ntusnak: p\u00e9ld\u00e1ul a kaktusz- vagy X\u00e1ntus-kolibri.<\/p>\n<div id=\"attachment_97445\" style=\"width: 510px\" class=\"wp-caption alignnone\"><a href=\"https:\/\/ujkafe.website\/wp-content\/uploads\/2021\/09\/58xX\u00e1ntus-kolibri.jpg\"><img loading=\"lazy\" decoding=\"async\" aria-describedby=\"caption-attachment-97445\" class=\"wp-image-97445\" src=\"https:\/\/ujkafe.website\/wp-content\/uploads\/2021\/09\/58xX\u00e1ntus-kolibri-300x275.jpg\" alt=\"\" width=\"500\" height=\"458\" srcset=\"https:\/\/ujkafe.website\/wp-content\/uploads\/2021\/09\/58xX\u00e1ntus-kolibri-300x275.jpg 300w, https:\/\/ujkafe.website\/wp-content\/uploads\/2021\/09\/58xX\u00e1ntus-kolibri-768x704.jpg 768w, https:\/\/ujkafe.website\/wp-content\/uploads\/2021\/09\/58xX\u00e1ntus-kolibri.jpg 800w\" sizes=\"auto, (max-width: 500px) 100vw, 500px\" \/><\/a><p id=\"caption-attachment-97445\" class=\"wp-caption-text\"><em>X\u00e1ntus-kolibri (Basilinna xantusii ) A mad\u00e1rka f\u0151leg a mexik\u00f3i Baja California f\u00e9lsziget vid\u00e9k\u00e9n l\u00e1that\u00f3, de ma m\u00e1r megtal\u00e1lhat\u00f3 az USA-beli Kaliforni\u00e1t\u00f3l eg\u00e9szen a kanadai British Columbia-ig.<\/em><\/p><\/div>\n<p>(Basilinna xantusii), a X\u00e1ntus-lev\u00e9lujj\u00fagekk\u00f3 (Phyllodactylus xanti), illetve az \u00e9jjeli gy\u00edkf\u00e9l\u00e9k csal\u00e1dj\u00e1nak (Xantusiidae) elnevez\u00e9s\u00e9vel, s\u0151t egy \u0151szir\u00f3zsaf\u00e9le n\u00f6v\u00e9ny (Chaenactis xantiana) is eml\u00e9keztet r\u00e1. De jelent\u0151s volt a munk\u00e1ss\u00e1ga a botanika, a f\u00f6ldrajz \u00e9s a n\u00e9prajz ter\u00e9n is.<br \/>\n\u00c1zsiai \u00fatj\u00e1r\u00f3l 1871-ben \u00e9rt haza. Ezut\u00e1n az anyag feldolgoz\u00e1s\u00e1val, \u00fati \u00e9lm\u00e9nyeinek meg\u00edr\u00e1s\u00e1val, a Magyar F\u00f6ldrajzi T\u00e1rsas\u00e1g megalap\u00edt\u00e1s\u00e1val volt elfoglalva, 1872-ben pedig kinevezt\u00e9k a Magyar Nemzeti M\u00fazeum N\u00e9prajzi T\u00e1r\u00e1nak \u201eels\u0151 \u0151r\u00e9v\u00e9\u201d. Gyakorlatilag X\u00e1ntus volt a k\u00e9s\u0151bb \u00f6n\u00e1ll\u00f3 int\u00e9zm\u00e9nny\u00e9 (N\u00e9prajzi M\u00fazeum) fejl\u0151d\u00f6tt gy\u0171jtem\u00e9ny megalapoz\u00f3ja \u00e9s f\u0151 szervez\u0151je.<br \/>\nX\u00e1ntus J\u00e1nosnak a f\u0151v\u00e1rosi \u00c1llat- \u00e9s N\u00f6v\u00e9nykertben \u00e1ll\u00f3 mellszobr\u00e1t, P\u00e1tzay P\u00e1l szobr\u00e1szm\u0171v\u00e9sz alkot\u00e1s\u00e1t 1968-ban leplezt\u00e9k le, s az \u00e1llatkerten bel\u00fcl jelenlegi hely\u00e9re 1996-ban ker\u00fclt. (Az irodalom bar\u00e1tai k\u00f6r\u00e9ben elfogadottnak sz\u00e1m\u00edt, hogy az indi\u00e1nreg\u00e9nyeir\u0151l ismert n\u00e9met \u00edr\u00f3, Karl May sz\u00e1m\u00e1ra X\u00e1ntus J\u00e1nos kalandos \u00e9lete adta az inspir\u00e1ci\u00f3t Old Shatterhand alakj\u00e1nak megalkot\u00e1s\u00e1hoz.)<\/p>\n<hr \/>\n<p>K<em>\u00f6sz\u00f6n\u00f6m Hanga Zolt\u00e1n \u00e9s Erd\u0151s Andr\u00e9 seg\u00edts\u00e9g\u00e9t.<\/em><\/p>\n","protected":false},"excerpt":{"rendered":"<p>Sorozatunkban szobrok, eml\u00e9kt\u00e1bl\u00e1k, utc\u00e1k, terek hirdetik a nagyvil\u00e1gban az elismer\u00e9sre m\u00e9lt\u00f3nak \u00edt\u00e9lt magyarok nev\u00e9t. \u00c1m arra, hogy az \u00e1llatvil\u00e1g, a fauna egyn\u00e9mely egyed\u00e9nek elnevez\u00e9s\u00e9ben\u00a0 k\u00f6zvetlen utal\u00e1st tal\u00e1ln\u00e1nk egy honfit\u00e1rsunkra, eddig csak X\u00e1ntus J\u00e1nos (1825-1894) eset\u00e9ben bukkantunk\u2026<\/p>\n","protected":false},"author":3,"featured_media":0,"comment_status":"open","ping_status":"open","sticky":false,"template":"","format":"standard","meta":{"_monsterinsights_skip_tracking":false,"_monsterinsights_sitenote_active":false,"_monsterinsights_sitenote_note":"","_monsterinsights_sitenote_category":0,"ngg_post_thumbnail":0,"footnotes":""},"categories":[126],"tags":[],"class_list":["post-97423","post","type-post","status-publish","format-standard","hentry","category-riport"],"_links":{"self":[{"href":"https:\/\/ujkafe.website\/index.php?rest_route=\/wp\/v2\/posts\/97423","targetHints":{"allow":["GET"]}}],"collection":[{"href":"https:\/\/ujkafe.website\/index.php?rest_route=\/wp\/v2\/posts"}],"about":[{"href":"https:\/\/ujkafe.website\/index.php?rest_route=\/wp\/v2\/types\/post"}],"author":[{"embeddable":true,"href":"https:\/\/ujkafe.website\/index.php?rest_route=\/wp\/v2\/users\/3"}],"replies":[{"embeddable":true,"href":"https:\/\/ujkafe.website\/index.php?rest_route=%2Fwp%2Fv2%2Fcomments&post=97423"}],"version-history":[{"count":0,"href":"https:\/\/ujkafe.website\/index.php?rest_route=\/wp\/v2\/posts\/97423\/revisions"}],"wp:attachment":[{"href":"https:\/\/ujkafe.website\/index.php?rest_route=%2Fwp%2Fv2%2Fmedia&parent=97423"}],"wp:term":[{"taxonomy":"category","embeddable":true,"href":"https:\/\/ujkafe.website\/index.php?rest_route=%2Fwp%2Fv2%2Fcategories&post=97423"},{"taxonomy":"post_tag","embeddable":true,"href":"https:\/\/ujkafe.website\/index.php?rest_route=%2Fwp%2Fv2%2Ftags&post=97423"}],"curies":[{"name":"wp","href":"https:\/\/api.w.org\/{rel}","templated":true}]}}