
{"id":97437,"date":"2021-09-04T02:52:16","date_gmt":"2021-09-04T02:52:16","guid":{"rendered":"https:\/\/ujkafe.website\/?p=97437"},"modified":"2021-09-03T15:07:29","modified_gmt":"2021-09-03T15:07:29","slug":"albert-csilla-halvanyvoros-es-halvanyfekete-31-parafrazis-regeny-tortenik-a-2020-as-evek-elejen","status":"publish","type":"post","link":"https:\/\/ujkafe.website\/?p=97437","title":{"rendered":"Albert Csilla: Halv\u00e1nyv\u00f6r\u00f6s \u00e9s halv\u00e1nyfekete (31) \/ Parafr\u00e1zis-reg\u00e9ny \/ T\u00f6rt\u00e9nik a 2020-as \u00e9vek elej\u00e9n"},"content":{"rendered":"<p>Forr\u00f3 volt a ny\u00e1r, \u00e9s Attila, miut\u00e1n beszereltette a lak\u00e1sba a tulajdonos hozz\u00e1j\u00e1rul\u00e1s\u00e1val a kl\u00edm\u00e1t, h\u00e9t v\u00e9g\u00e9n is ink\u00e1bb Pesten maradt. P\u00e9ntek est\u00e9nk\u00e9nt am\u00fagy is d\u00f6gf\u00e1radt volt &#8211; a Szigeten letudott fut\u00e1s ut\u00e1n a nyitott ablakn\u00e1l sorozatot n\u00e9zett. Cs\u00f6ndes utc\u00e1ra ny\u00edlt az ablak &#8211; hamar elaludt. Egy j\u00faliusi este is m\u00e1r f\u00e9lszenderg\u00e9sb\u0151l \u00e9bresztette fel a telefon. Azonnal gyomr\u00e1ba \u00e1llt a g\u00f6rcs, amikor megl\u00e1tta Gajdos sz\u00e1m\u00e1t. M\u00e9g nem fordult el\u0151, hogy munkaid\u0151n k\u00edv\u00fcl h\u00edvta.<br \/>&#8211; Rem\u00e9lem, nem aludt m\u00e9g &#8211; sz\u00f3lt bele Gajdos.<br \/>&#8211; Nem, m\u00e9g fent vagyok &#8211; \u00fclt fel az \u00e1gyon Attila, \u00e9s szorongva v\u00e1rta a folytat\u00e1st.<!--more--><br \/>&#8211; Nos&#8230;lenne egy szokatlan k\u00e9r\u00e9sem&#8230;ha&#8230;ha r\u00e1\u00e9r ma este.<br \/>&#8211; Nincs k\u00fcl\u00f6n\u00f6sebb programom &#8211; felelte Attila megk\u00f6nnyebb\u00fclten.<br \/>&#8211; Az a helyzet, hogy mi B\u00fckkf\u00fcrd\u0151n vagyunk &#8211; \u00e9s most telefon\u00e1lt a l\u00e1nyom, hogy \u00fatk\u00f6zben le\u00e1llt a kocsija, \u00e9s nem tudja beind\u00edtani. Ott \u00fcl egy Mc\u2019Donaldsben Zam\u00e1rdit\u00f3l nem messze. Ha elmenne \u00e9rte, \u00e9s elh\u00fazn\u00e1 a zam\u00e1rdi h\u00e1zunkig\u2026 nagy seg\u00edts\u00e9g lenne. Norbert fiam \u00e9ppen ott van a bar\u00e1taival, de sajnos, mindenki ivott. Term\u00e9szetesen haszn\u00e1lja a szolg\u00e1lati kocsit. Judit l\u00e1nyom visszaj\u00f6nne mag\u00e1val &#8211; holnap reggel utazik nyaralni, el kell \u00e9rnie a rep\u00fcl\u0151t.<br \/>Attila megk\u00f6nnyebb\u00fclt, hogy nem Ann\u00e1r\u00f3l van sz\u00f3. Emellett \u00fagy \u00e9rezte, itt az els\u0151, felbecs\u00fclhetetlen alkalom, amikor szem\u00e9lyesebb r\u00e9gi\u00f3ba l\u00e9phet. A szolg\u00e1lati kocsit, amit az els\u0151 h\u00e9ten kapott, ugyan ritk\u00e1n haszn\u00e1lta, \u00e9s kicsit tartott a rutintalans\u00e1g\u00f3l, de tudta: erre most nem mondhat nemet.<br \/>&#8211; Rendben, indulok.<br \/>&#8211; Igen\u2026 nagyon j\u00f3, k\u00f6sz\u00f6n\u00f6m\u2026 Felh\u00edvom a l\u00e1nyom, megadom a sz\u00e1m\u00e1t, \u00e9s elk\u00fcld\u00f6m az \u00f6v\u00e9t is. De meg fogja tal\u00e1lni. A kocsiban van vontat\u00f3horog, \u00fagy eml\u00e9kszem, Judit\u00e9ban is van. \u00c9s&#8230;nem k\u00edv\u00e1nom ingyen.<br \/>Attila komolyan megb\u00e1nt\u00f3dott, \u00e9s majdnem inger\u00fclten mondta:<br \/>&#8211; Arr\u00f3l sz\u00f3 sem lehet\u2026 &#8211; azt\u00e1n enyh\u00e9bben: &#8211; Sz\u00edvesen seg\u00edtek.<br \/>&#8211; J\u00f3\u2026 &#8211; mondta Gajdos, mint aki maga is erre v\u00e1rt, csak tesztelni akarta Attil\u00e1t. Azt\u00e1n pontosan elmagyar\u00e1zta, hol v\u00e1rja a l\u00e1nya. &#8211; Mondja meg neki, legyen sz\u00edves, hogy h\u00edvjon fel, ha haza\u00e9r &#8211; tette m\u00e9g hozz\u00e1.<br \/>-Rendben &#8211; felelte Attila, aki k\u00f6zben m\u00e1r \u00f6lt\u00f6zk\u00f6d\u00f6tt.<br \/>Meglep\u0151en nagy volt a forgalom az M7-esen m\u00e9g k\u00e9s\u0151 este is, \u00e9s Attila \u00f3vatosan vezetett. Si\u00f3fok ut\u00e1n be\u00edrta a GPS-be a c\u00edmet, \u00e9s egy benzink\u00fat melletti Mc\u2019Donaldshoz kanyarodott. A teraszon egy fiatal n\u0151 cigarett\u00e1zott, aki &#8211; ahogy megl\u00e1tta &#8211; a szolg\u00e1lat kocsit, fel\u00e1llt. A h\u0171v\u00f6s\u00f6d\u0151 est\u00e9ben \u00f6sszefogta mag\u00e1n a kardig\u00e1nj\u00e1t, \u00e9s megindult Attila fel\u00e9.<br \/>&#8211; S\u00e1rk\u00f6zi Attila? &#8211; k\u00e9rdezte kicsit \u00f3vatosan.<br \/>&#8211; Igen.<br \/>&#8211; Gajdos Judit &#8211; ny\u00fajtotta a kez\u00e9t. Meleg, sz\u00e1raz volt a tenyere, \u00e9s Attil\u00e1nak j\u00f3lesett az \u00e9rint\u00e9se. &#8211; Restellem, hogy ap\u00e1m ideugrasztotta. Els\u0151 k\u00e9ts\u00e9gbees\u00e9semben felh\u00edvtam, \u0151 meg r\u00f6gt\u00f6n int\u00e9zkedett, miel\u0151tt\u2026 Na mindegy. Persze k\u00f6sz\u00f6n\u00f6m\u2026 ez a Murphy&#8230;Egy\u00e9bk\u00e9nt: tegez\u0151dj\u00fcnk, ha nem gond.<br \/>&#8211; Hogyne &#8211; b\u00f3lintott Attila. K\u00f6rben\u00e9zett. &#8211; \u00c9s hol az aut\u00f3?<br \/>&#8211; Ja, az aut\u00f3? Az \u00fagy 500 m\u00e9terre, majd mondom, merre menj.<br \/>A s\u00e1rga Toyota az \u00fat sz\u00e9l\u00e9n \u00e1llt. Amikor a k\u00e9t kocsit \u00f6sszekapcsolta, Attila kicsit l\u00e1mpal\u00e1zas lett. Ilyet m\u00e9g sosem csin\u00e1lt egymaga &#8211; csakis az apj\u00e1val. De az m\u00e1r r\u00e9gen volt.<br \/>&#8211; Messze van a villa?<br \/>&#8211; Kb 3 kilom\u00e9ter.<br \/>&#8211; J\u00f3, k\u00e9rek egy c\u00edmet &#8211; \u00e9s akkor \u00f3vatosan elindulunk. A f\u00e9kre figyelni kellene, nem tan\u00e1csos r\u00e1l\u00e9pni. &#8211; Valami\u00e9rt k\u00e9ptelen volt r\u00e1venni mag\u00e1t, hogy tegez\u0151 form\u00e1ban besz\u00e9ljen a l\u00e1nnyal.<br \/>&#8211; Megoldom &#8211; felelte Gajdos Judit. &#8222;H\u00e1t persze&#8221; &#8211; gondolta Attila.<br \/>De nem oldotta meg, t\u00f6bbsz\u00f6r megr\u00e1ngatta a kocsit, f\u0151leg a kanyarokban, \u00e9s Attila nagyon megk\u00f6nnyebb\u00fclt, amikor v\u00e9gre meg\u00e1lltak Gajdos\u00e9k vill\u00e1ja el\u0151tt. \u00c1rnyas, csendes utca volt, a v\u00e9g\u00e9ben meg-megvillant a Balaton vize, \u00e9s l\u00e1tni lehetett Tihanyt a kivil\u00e1g\u00edtott ap\u00e1ts\u00e1ggal. A l\u00e1ny s\u00f3hajtva sz\u00e1llt ki:<br \/>&#8211; Na, ez el\u00e9g necces volt&#8230;<br \/>Attila levette a vontat\u00f3k\u00f6telet, \u00e9s berakta a csomagtart\u00f3ba. Azt\u00e1n nem tudta, mit csin\u00e1ljon. Hallotta, hogy nevetnek \u00e9s kiab\u00e1lnak valahol a kertben. Gajdos Judit a kulcs\u00e1t kereste.<br \/>&#8211; Sz\u00f3lok az \u00f6cs\u00e9mnek, azt\u00e1n mehet\u00fcnk. Egy col\u00e1t vagy valami \u00fcd\u00edt\u0151t addig?<br \/>&#8211; Nem &#8211; h\u00e1r\u00edtott Attila. Hirtelen nagyon k\u00e9nyelmetlen\u00fcl \u00e9rezte mag\u00e1t. &#8211; De a mosd\u00f3ba elmenn\u00e9k.<br \/>&#8211; H\u00e1t persze &#8211; b\u00f3lintott a l\u00e1ny, \u00e9s kinyitotta a kaput.<br \/>K\u00e9tszintes villa volt, a h\u00e1ts\u00f3 teraszon az asztal mellett fiatalok k\u00e1rty\u00e1ztak, n\u00e9h\u00e1nyan a kertben l\u00e9v\u0151 f\u00fcrd\u0151medenc\u00e9ben fr\u00f6csk\u00f6ltek, nevettek. Nagy volt a hangulat, sz\u00f3lt a zene, \u00e9s senki sem volt m\u00e1r j\u00f3zan . Legkev\u00e9sb\u00e9 Gajdos Norbert, aki meghallotta a sz\u00f6szm\u00f6t\u00f6l\u00e9st, \u00e9s bekukkantott a h\u00e1zba.<br \/>-Na, siker\u00fclt? &#8211; k\u00e9rdezte, amikor megpillantotta a n\u0151v\u00e9r\u00e9t.<br \/>&#8211; Amint l\u00e1tod &#8211; v\u00e1laszolta az, s Attil\u00e1nak az volt az \u00e9rz\u00e9se, valami\u00e9rt restelkedik el\u0151tte. Gajdos Norbert \u00e9szrevette Attil\u00e1t.<br \/>&#8211; \u00c1, szia\u2026 a megment\u0151\u2026 k\u00e1r, hogy nem koccinthatok veled. \u2026 De ha nem s\u00e9rtelek meg, egy \u00fcveg j\u00f3fajta bort adn\u00e9k.<br \/>Attila l\u00e1tta, hogy Norbert egy j\u00f3akarat\u00fa, becs\u00edpett fi\u00fa, semmi t\u00f6bb &#8211; de m\u00e9gis bekem\u00e9nyedett.<br \/>&#8211; Ritk\u00e1n iszom, k\u00f6sz. Itt jobban el fog fogyni.<br \/>&#8211; Az nem vit\u00e1s\u2026 Na, komolyan\u2026 \u00c1gika, akkor te h\u00edvd majd meg, ha m\u00e1r nem kell vezetnie.<br \/>&#8211; J\u00f3\u2026 &#8211; mosolygott k\u00e9nyszeredetten a n\u0151v\u00e9re. &#8211; Na menj vissza, csak beugrottam sz\u00f3lni, hogy kint hagytam a kocsit. Am\u00fagy k\u00e9sz\u00fclj fel r\u00e1, hogy holnap sz\u00f3lnak megint a szomsz\u00e9dok<br \/>Igenis &#8211; tisztelgett a testv\u00e9re katon\u00e1san &#8211; legal\u00e1bb is annak sz\u00e1nta -, de elvesztette az egyens\u00faly\u00e1t. &#8211; Ajajj- konstat\u00e1lta, azt\u00e1n belesz\u00edvott a cigarett\u00e1j\u00e1ba, \u00e9s \u00c1gira n\u00e9zett.- De az-ahogy helyesen mondtad -, holnap lesz. Megyek is. Am\u00edg ma van.<br \/>&#8211; Na j\u00f3, ez rem\u00e9nytelen\u2026 &#8211; mondta a l\u00e1ny szinte menteg\u0151zve, \u00e9s Attil\u00e1ra n\u00e9zett, aki min\u00e9l el\u0151bb kint akart lenni, \u00e9s nem mozdult az arca. Gajdos Judit habozott, azt\u00e1n azt mondta: &#8211; Ja, persze, a mosd\u00f3. &#8211; \u00c9s megmutatta.<br \/>10 perc m\u00falva m\u00e1r \u00faton voltak Pest fel\u00e9. Amint Gajdos Judit be\u00fclt Attila mell\u00e9, megsz\u00f3lalt a telefonja, \u00e9s hosszasan besz\u00e1molt valakinek arr\u00f3l, mi t\u00f6rt\u00e9nt vele. Attila nem b\u00e1nta, s\u0151t. El\u00e9gg\u00e9 fesz\u00edtette a gondolat, hogy a kocsi \u00f6sszez\u00e1rts\u00e1g\u00e1ban majd musz\u00e1j lesz elbesz\u00e9lgetnie valamir\u0151l ezzel a l\u00e1nnyal, akihez semmi k\u00f6ze, akit nem is ismer, aki messze van, \u00e9s akit az a negyed\u00f3ra ott a balatoni nyaral\u00f3ban m\u00e9g messzebb rep\u00edtett. Most nem sz\u00e1m\u00edtott, hogy ez a helyzet elvileg ragyog\u00f3 lehet\u0151s\u00e9g lenne nemcsak hozz\u00e1, hanem a vil\u00e1g\u00e1hoz is k\u00f6zelebb ker\u00fclni. Oly t\u00e1volinak \u00e9s idegennek tetszett ez a vil\u00e1g, amelyben az utc\u00e1k v\u00e9g\u00e9n a tihanyi ap\u00e1ts\u00e1got lehet l\u00e1tni- szinte v\u00e1gyakozva gondolt arra a parkol\u00f3ra, amire a h\u00e1l\u00f3szob\u00e1j\u00e1nak az ablaka n\u00e9zett. M\u00e1r \u00c9rd k\u00f6rny\u00e9k\u00e9n j\u00e1rtak, amikor Judit eltette a telefont. Furcsa csend telepedett k\u00f6z\u00e9j\u00fck, \u00e9s Attila nem sz\u00e1nd\u00e9kozott megt\u00f6rni. V\u00e9g\u00fcl a l\u00e1ny sz\u00f3lalt meg:<br \/>&#8211; M\u00e1r k\u00f6zel j\u00e1runk, ugye?<br \/>&#8211; Igen &#8211; b\u00f3lintott Attila, de nem n\u00e9zett r\u00e1. &#8211; Negyed\u00f3ra, \u00e9s bent lesz\u00fcnk. Ilyen k\u00e9s\u0151n val\u00f3sz\u00edn\u0171leg nem lesz nagy forgalom. F\u0151leg Bud\u00e1n.<br \/>&#8211; \u00c9n Pesten lakom, ott az\u00e9rt van \u00e9let ilyenkor &#8211; mondta a l\u00e1ny. Attila meglep\u0151d\u00f6tt, de igyekezett nem mutatni.<br \/>&#8211; Igen\u2026 Akkor hova is megy\u00fcnk?<br \/>Gajdos Judit megmondta a c\u00edmet. Frekvent\u00e1lt hely volt, nem vit\u00e1s. De m\u00e9gsem Buda.<br \/>&#8211; Be\u00edrom a GPS-be, m\u00e9g nem vagyok annyira ismer\u0151s Pesten &#8211; mondta, \u00e9s meglep\u0151d\u00f6tt mag\u00e1n, m\u00e9rt akarja annyira hangs\u00falyozni, hogy vid\u00e9ki. De j\u00f3lesett a lelk\u00e9nek.<br \/>&#8211; Igen, kell egy kis id\u0151\u2026 &#8211; mondta a l\u00e1ny t\u0171n\u0151d\u0151 hangon, \u00e9s kin\u00e9zett az ablakon. Azt\u00e1n nem sz\u00f3ltak t\u00f6bbet, am\u00edg meg nem \u00e9rkeztek egy t\u00f6bb emeletes, \u00faj \u00e9p\u00edt\u00e9s\u0171 lak\u00f3h\u00e1z el\u00e9. Kicsit mindketten zavarban voltak. Miel\u0151tt Gajdos Judit becsukta volna a kocsi ajtaj\u00e1t, m\u00e9g egy hirtelen \u00f6tlett\u0151l vez\u00e9relve behajolt.<br \/>&#8211; T\u00e9nyleg k\u00f6sz\u00f6n\u00f6m. \u00c9s \u2026 amit az \u00f6cs\u00e9m mondott, azt a k\u00f6sz\u00f6n\u0151 italt majd megejtj\u00fck.<br \/>Attila arca megr\u00e1ndult. Nem mondhatta, hogy \u201enem sz\u00fcks\u00e9ges\u201d, b\u00e1r azt szerette volna. \u00cdgy h\u00e1t minden lelkesed\u00e9s n\u00e9lk\u00fcl b\u00f3lintott. Nem v\u00e1rta meg, m\u00edg a l\u00e1ny elt\u0171nik a h\u00e1z kapuj\u00e1ban- azonnal tov\u00e1bbhajtott. Meg sem n\u00e9zte igaz\u00e1n Gajdos Juditot.<\/p>\n<hr \/>\n<p><em>Folytatjuk<\/em><\/p>\n\n\n<p><\/p>\n","protected":false},"excerpt":{"rendered":"<p>Forr\u00f3 volt a ny\u00e1r, \u00e9s Attila, miut\u00e1n beszereltette a lak\u00e1sba a tulajdonos hozz\u00e1j\u00e1rul\u00e1s\u00e1val a kl\u00edm\u00e1t, h\u00e9t v\u00e9g\u00e9n is ink\u00e1bb Pesten maradt. P\u00e9ntek est\u00e9nk\u00e9nt am\u00fagy is d\u00f6gf\u00e1radt volt &#8211; a Szigeten letudott fut\u00e1s ut\u00e1n a nyitott ablakn\u00e1l sorozatot n\u00e9zett. Cs\u00f6ndes utc\u00e1ra ny\u00edlt az ablak &#8211; hamar elaludt. Egy j\u00faliusi este is m\u00e1r f\u00e9lszenderg\u00e9sb\u0151l \u00e9bresztette fel a [&hellip;]<\/p>\n","protected":false},"author":3,"featured_media":0,"comment_status":"open","ping_status":"open","sticky":false,"template":"","format":"standard","meta":{"_monsterinsights_skip_tracking":false,"_monsterinsights_sitenote_active":false,"_monsterinsights_sitenote_note":"","_monsterinsights_sitenote_category":0,"ngg_post_thumbnail":0,"footnotes":""},"categories":[6],"tags":[],"class_list":["post-97437","post","type-post","status-publish","format-standard","hentry","category-regeny"],"_links":{"self":[{"href":"https:\/\/ujkafe.website\/index.php?rest_route=\/wp\/v2\/posts\/97437","targetHints":{"allow":["GET"]}}],"collection":[{"href":"https:\/\/ujkafe.website\/index.php?rest_route=\/wp\/v2\/posts"}],"about":[{"href":"https:\/\/ujkafe.website\/index.php?rest_route=\/wp\/v2\/types\/post"}],"author":[{"embeddable":true,"href":"https:\/\/ujkafe.website\/index.php?rest_route=\/wp\/v2\/users\/3"}],"replies":[{"embeddable":true,"href":"https:\/\/ujkafe.website\/index.php?rest_route=%2Fwp%2Fv2%2Fcomments&post=97437"}],"version-history":[{"count":0,"href":"https:\/\/ujkafe.website\/index.php?rest_route=\/wp\/v2\/posts\/97437\/revisions"}],"wp:attachment":[{"href":"https:\/\/ujkafe.website\/index.php?rest_route=%2Fwp%2Fv2%2Fmedia&parent=97437"}],"wp:term":[{"taxonomy":"category","embeddable":true,"href":"https:\/\/ujkafe.website\/index.php?rest_route=%2Fwp%2Fv2%2Fcategories&post=97437"},{"taxonomy":"post_tag","embeddable":true,"href":"https:\/\/ujkafe.website\/index.php?rest_route=%2Fwp%2Fv2%2Ftags&post=97437"}],"curies":[{"name":"wp","href":"https:\/\/api.w.org\/{rel}","templated":true}]}}