
{"id":97438,"date":"2021-09-05T02:50:40","date_gmt":"2021-09-05T02:50:40","guid":{"rendered":"https:\/\/ujkafe.website\/?p=97438"},"modified":"2021-09-04T15:46:57","modified_gmt":"2021-09-04T15:46:57","slug":"albert-csilla-halvanyvoros-es-halvanyfekete-32-parafrazis-regeny-tortenik-a-2020-as-evek-elejen","status":"publish","type":"post","link":"https:\/\/ujkafe.website\/?p=97438","title":{"rendered":"Albert Csilla: Halv\u00e1nyv\u00f6r\u00f6s \u00e9s halv\u00e1nyfekete (32) \/ Parafr\u00e1zis-reg\u00e9ny \/ T\u00f6rt\u00e9nik a 2020-as \u00e9vek elej\u00e9n"},"content":{"rendered":"<p>Gajdos Judit ellenben megn\u00e9zte mag\u00e1nak Attil\u00e1t. Nem nagyon volt ugyan kapcsolata apja beosztottjaival, de azt megszokta, hogy keresik a kedv\u00e9t. Az a l\u00e1thatatlan p\u00e1nc\u00e9l, ami Attil\u00e1t k\u00f6rbevette, meglepte. Az pedig m\u00e9g ink\u00e1bb, hogy napok m\u00falva is esz\u00e9be jutott, ahogy rezzenetlen arccal, elsz\u00e1nt semlegess\u00e9ggel \u00fcl a vol\u00e1nn\u00e1l &#8211; mik\u00f6zben a pesti f\u00e9nyekben meg-megvillant vonz\u00f3 arc\u00e9le. B\u00e1ntotta, hogy semmilyen lelkesed\u00e9st nem mutatott, \u00e9s ezt nem hagyhatta.<!--more--> A nyaral\u00e1s \u00e9lm\u00e9nyei azt\u00e1n elmost\u00e1k lassan mindezt, de amikor a rep\u00fcl\u0151g\u00e9pe lesz\u00e1llt Pesten, \u00e9s meg\u00e9rkezett a lak\u00e1s\u00e1ba, \u00fajra esz\u00e9be jutott, hogy mit mondott b\u00facs\u00faz\u00f3ul &#8211; \u00e9s mivel Attila nem \u00e9rt\u00e9kelte ezt a gesztust, h\u00e1t meg kellett lennie.<br \/>\nNem, nem viszonyt akart &#8211; csak el\u00e9gt\u00e9telt az\u00e9rt a pillanat\u00e9rt, amikor Attila olyan savany\u00fa k\u00e9pet v\u00e1gott. \u00c9ppens\u00e9ggel h\u00f3dol\u00f3ban nem volt hi\u00e1ny, \u00e9s nemcsak az\u00e9rt, mert term\u00e9szetesen \u0151r\u00fclt j\u00f3 partinak sz\u00e1m\u00edtott. Gajdos Judit \u00e9rdekes volt, \u00e9s a maga m\u00f3dj\u00e1n csinos is. A term\u00e9szetess\u00e9g h\u00edvek\u00e9nt nem festette mag\u00e1t, de \u00fcgyelt a k\u00fclsej\u00e9re &#8211; \u00e9s sokat sportolt, legink\u00e1bb teniszezett. Szerette a min\u0151s\u00e9gi ruh\u00e1kat, a min\u0151s\u00e9gi \u00e9teleket, \u00e9s szerette azt gondolni, hogy a min\u0151s\u00e9gi \u00e9letre is figyel. Val\u00f3j\u00e1ban volt oka ebben b\u00edzni &#8211; a munk\u00e1j\u00e1t odaad\u00f3an v\u00e9gezte, sok elt\u00e9vedt l\u00e9lek tal\u00e1lt haza az \u0151 seg\u00edts\u00e9g\u00e9vel, \u00e9s k\u0151gazdag csal\u00e1dja ellen\u00e9re semmif\u00e9le hedonizmusra \u00e9s rongyr\u00e1z\u00e1sra nem \u00e9rzett hajland\u00f3s\u00e1got. \u00c9pp ellenkez\u0151leg &#8211; a kellet\u00e9n\u00e9l nagyobb hangs\u00falyt fektetett arra, hogy l\u00e1ss\u00e1k: egy ilyen csal\u00e1di h\u00e1tt\u00e9r mellett is lehet valakiben szolidarit\u00e1s, emp\u00e1tia, ar\u00e1ny\u00e9rz\u00e9k. Csal\u00e1dja gazdags\u00e1g\u00e1t majdnemhogy sz\u00e9gyellte, soha nem hozakodott el\u0151 vele, \u00e9s \u00f6r\u00fclt, ha ismer\u0151sei elcsod\u00e1lkoztak megtudv\u00e1n, hogy ki is \u0151 &#8211; &#8222;mert annyira nem l\u00e1tszik rajta&#8221;.<br \/>\nSzerette a csal\u00e1dj\u00e1t, de apj\u00e1n k\u00edv\u00fcl annak \u00f6sszes tagj\u00e1t csendesen megvetette. K\u00fcl\u00f6n\u00f6sen anyj\u00e1val kapcsolatban volt sok ellen\u00e9rz\u00e9se, akivel nagyon m\u00e1s term\u00e9szetek voltak, \u00e9s kamaszkor\u00e1t\u00f3l kezdve passz\u00edv rezisztenci\u00e1val kezelte annak k\u00f6zeled\u00e9si k\u00eds\u00e9rleteit. Amikor abba a korba \u00e9rt, hogy m\u00e1r \u00e9rettebben gondolt r\u00e1, \u00fagy tal\u00e1lta, anyj\u00e1t, aki sikeresen praktiz\u00e1lt g\u00e9g\u00e9szk\u00e9nt, val\u00f3j\u00e1ban csak a p\u00e9nz \u00e9rdekli. Kisl\u00e1nykor\u00e1ban puccos zs\u00farokat rendezett a sz\u00fclet\u00e9snapj\u00e1n, \u00e9s amikor Judit meg akarta h\u00edvni Kis Ir\u00e9nt, akinek takar\u00edt\u00f3n\u0151 volt az anyja, az apja pedig hivat\u00e1sos alkoholista, Gajdosn\u00e9 egyszer\u0171en elengedte a f\u00fcle mellett. Ezt nem felejtette el neki. Ahogy \u00f6n\u00e1ll\u00f3v\u00e1 v\u00e1lt, egyre ritk\u00e1bban vitatkoztak &#8211; mindketten meg\u00e9rtett\u00e9k, hogy idegenek maradnak egym\u00e1s sz\u00e1m\u00e1ra. Amikor a csal\u00e1di \u00f6sszej\u00f6veteleken, egy\u00e9b rendezv\u00e9nyeken besz\u00e9lgettek, ker\u00fclt\u00e9k a k\u00e9nyes fel\u00fcleteket, \u00e9s m\u00e9rt\u00e9ktart\u00f3k voltak. Gajdosn\u00e9 nem tett megjegyz\u00e9st Judit k\u00fclsej\u00e9re &#8211; amely szerinte rem\u00e9nytelen\u00fcl purit\u00e1n volt, n\u00e9lk\u00fcl\u00f6zve minden igazi eleganci\u00e1t -, a l\u00e1nya pedig nem jegyezte meg, hogy t\u00fal er\u0151s a r\u00fazsa, \u00e9s t\u00fal sok rajta az \u00e9kszer.<br \/>\nAnyja sz\u00e1m\u00e1ra bizony\u00e1ra vigaszt jelentett, hogy Anna l\u00e1nya viszont rajongott \u00e9rte, \u00e9s sok-sok \u00e9ven \u00e1t pr\u00f3b\u00e1lt olyan &#8222;asszert\u00edv \u00e9s hat\u00e1sos&#8221; lenni, mint amilyennek az anyj\u00e1t a t\u00f6bbs\u00e9g mondta \u00e9s tal\u00e1n l\u00e1tta is. B\u00e1r a k\u00fcls\u0151s\u00e9gek ir\u00e1nti elk\u00f6telezetts\u00e9gben \u0151 sem k\u00f6vette Gajdosn\u00e9t, de a sz\u00fclet\u00e9si jogon kij\u00e1r\u00f3 k\u00e9nyelmes \u00e9s k\u00f6nny\u0171 \u00e9letet \u00e9lvezte, term\u00e9szetesnek vette, hogy semmi\u00e9rt sem kell megk\u00fczdenie, \u00e9s nem is k\u00fczd\u00f6tt. \u00cdgy azt\u00e1n nem ment f\u0151iskol\u00e1ra, sem egyetemre, hanem k\u00fcl\u00f6nb\u00f6z\u0151 m\u0171v\u00e9szeti tanfolyamokat v\u00e9gzett, mert szeretett mag\u00e1ra \u00fagy gondolni, mint az \u00e1tlagn\u00e1l \u00e9rz\u00e9kenyebb l\u00e9lekre, aki t\u00fall\u00e1t \u201ee mai kocsm\u00e1n.&#8221;. Gyakran posztolt k\u00f6nyvekr\u0151l \u00e9s ki\u00e1ll\u00edt\u00e1sokr\u00f3l a Facebookon, \u00e9s kereste azok t\u00e1rsas\u00e1g\u00e1t, akik m\u0171v\u00e9szk\u00f6r\u00f6kbe voltak bej\u00e1ratosak. \u00cdgy ismerkedett meg fest\u0151 f\u00e9rj\u00e9vel, aki sz\u00e9lsebesen elvette, megismerked\u00e9s\u00fck ut\u00e1n 4 h\u00f3nappal. Anna ezegyszer szembesz\u00e1llt az anyj\u00e1val is, aki azt gondolta, ezzel az\u00e9rt m\u00e9g v\u00e1rhatn\u00e1nak. B\u00e1r a l\u00e1ny\u00e1nak nem mondta, de Gajdosn\u00e9ban (tegy\u00fck hozz\u00e1: joggal) felmer\u00fclt, hogy P\u00e1sztor G\u00e9za a vitathatatlan tehets\u00e9g\u00e9n, a szabad, \u00e9rdekes lelk\u00e9n (id\u00e9zet Anna l\u00e1ny\u00e1t\u00f3l) k\u00edv\u00fcl semmit nem hoz a h\u00e1zass\u00e1gba, mik\u00f6zben Anna szerelemt\u0151l k\u00e1b\u00e1n m\u00e1r \u00e1t is rendezte neki a budai lak\u00e1s\u00e1t, ahova a meg nem \u00e9rtett alternat\u00edv rem\u00e9nys\u00e9g sz\u00e9lsebesen hajland\u00f3 volt bek\u00f6lt\u00f6zni az alb\u00e9rlet\u00e9b\u0151l, amelynek d\u00edj\u00e1val rendszeresen elmaradt\u2026 Amikor Gajdosn\u00e9 felvetette ezt a f\u00e9rj\u00e9nek, az meglep\u0151en nyugodt maradt.<br \/>\n&#8211; Odavan \u00e9rte &#8211; mondta a feles\u00e9g\u00e9nek. &#8211; Semmi \u00e9rtelme beleavatkozni.<br \/>\n&#8211; Az\u00e9rt ez a siets\u00e9g gyan\u00fas, nem gondolod? Mi\u00e9rt van erre sz\u00fcks\u00e9g?<br \/>\nGajdos legyintett. M\u00e1r besz\u00e9lt a l\u00e1ny\u00e1val. Anna kipirult, elsz\u00e1nt arccal bizonygatta, milyen kiv\u00e9teles, sodr\u00f3 szerelem kapcsolja \u00f6ssze \u0151ket. Gajdos, aki t\u00e1j\u00e9koz\u00f3dott P\u00e1sztor G\u00e9za el\u0151\u00e9let\u00e9r\u0151l, megk\u00e9rdezte a l\u00e1ny\u00e1t, tud-e r\u00f3la, hogy j\u00f6vend\u0151 f\u00e9rje a szabad szerelem \u00e9s a polig\u00e1mia sz\u00f3sz\u00f3l\u00f3ja volt a pesti \u00e9s budai kiskocsm\u00e1k asztalain\u00e1l. Anna b\u00f3lintott, \u00e9s k\u00fcl\u00f6n b\u00fcszke volt arra, hogy ez a csapod\u00e1r sz\u00edvtipr\u00f3 \u0151\u00e9rte k\u00e9pes volt megv\u00e1ltozni, \u00e9s elsz\u00e1nta mag\u00e1t a h\u0171s\u00e9gre. Gajdos arra gondolt, el\u00e9g mindegy, Ann\u00e1hoz vagy a p\u00e9nz\u00e9hez marad-e h\u0171, am\u00edg a l\u00e1nya boldog. Mert azt l\u00e1tta, hogy Anna az. Nem volt mit tenni. \u00c9s egy\u00e9bk\u00e9nt is: Anna elm\u00falt 32.<br \/>\nGajdos Judit &#8211; mint \u00e1ltal\u00e1ban &#8211; osztozott apja v\u00e9lem\u00e9ny\u00e9ben. N\u0151v\u00e9r\u00e9vel szemben am\u00fagy is volt mindig egy kis b\u0171ntudata &#8211; gyerekkorukt\u00f3l kezdve \u00e9rezte, hogy az \u0151 iskolai sikerei, probl\u00e9mamentes p\u00e1ly\u00e1ja nyomasztja Ann\u00e1t, akiben nem \u00e9ltek komolyabb amb\u00edci\u00f3k. B\u00e1r a sz\u00fcl\u0151k soha nem tett\u00e9k sz\u00f3v\u00e1, de bel\u00fcl \u0151 is, Anna is \u00e9rezte, hogy a k\u00e9t l\u00e1ny \u00f6sszehasonl\u00edt\u00e1s\u00e1b\u00f3l mindig Judit j\u00f6n ki gy\u0151ztesen, aki &#8211; szakm\u00e1j\u00e1b\u00f3l ad\u00f3d\u00f3an is &#8211; igyekezett kompenz\u00e1lni, vagy elker\u00fclni a helyzeteket, amelyekben kitetszhettek a k\u00f6zt\u00fck l\u00e9v\u0151 k\u00fcl\u00f6nbs\u00e9gek. Anna boldogs\u00e1g\u00e1nak \u0151szint\u00e9n \u00f6r\u00fclt, mert \u00fagy gondolta, megfelel annak, amire a n\u0151v\u00e9re v\u00e1rt, \u00e9s amivel elb\u00edr. Igyekezett nem k\u00f6vetkeztet\u00e9seket levonni abb\u00f3l, hogy nincstelen s\u00f3gora ilyen sz\u00e9lsebesen n\u0151s\u00fclt, de gyakran kellett figyelmeztetnie mag\u00e1t, hogy prekoncepci\u00f3 n\u00e9lk\u00fcl gondoljon erre a kapcsolatra. J\u00f3 \u00e9rz\u00e9ke volt a m\u0171v\u00e9szethez, s l\u00e1tta, hogy P\u00e1sztor G\u00e9za t\u00e9nyleg tehets\u00e9ges. A gond csak az volt, hogy m\u00e9g nevet kellett szereznie, az pedig id\u0151be tellett, \u00e9s erre az id\u0151re nem volt semmi p\u00e9nze. Anna \u00e9pp az a feles\u00e9g volt, aki mellett ezt ki lehetett v\u00e1rni, \u00e9s addig is lehetett Ibiz\u00e1n nyaralni, budai vill\u00e1ba k\u00f6lt\u00f6zni, \u00e9s k\u00f6zben am\u00fagy &#8222;m\u0171v\u00e9szi&#8221;-leg len\u00e9zni a p\u00e9nzt.<br \/>\nB\u00e1r az \u00f6ccse tal\u00e1n m\u00e9g kevesebb amb\u00edci\u00f3val rendelkezett, mint a n\u0151v\u00e9re, Gajdos Juditnak m\u00e9gis \u0151 volt a kedvence &#8211; \u00e9s viszont. Tiszt\u00e1ban volt azzal, hogy Norbert nem \u00e9l valami \u00e9rt\u00e9kes \u00e9letet, de amb\u00edci\u00f3tlans\u00e1g\u00e1ban volt valami &#8222;s\u00e1rm&#8221;. &#8222;St\u00edlusosan&#8221; volt link, a l\u00e9gynek sem \u00e1rtott, gazdag budai fi\u00fa helyett egy gazdag haver volt, aki b\u00e1rkit bevont a maga k\u00f6r\u00e9be, aki hajland\u00f3 volt vele egy\u00fctt bulizni, utazni, filmezni. Nem volt komoly bar\u00e1tn\u0151je, m\u00e9g a sz\u00fcl\u0151kkel lakott. Judit \u00e9s az apja egy\u00fcttesen pr\u00f3b\u00e1ltak annyi amb\u00edci\u00f3t belepump\u00e1lni, hogy elv\u00e9gezze az egyetemet, \u00e9s \u00fagy t\u0171nt, hogy nem igaz\u00e1n tudja majd a c\u00e9get r\u00e1hagyom\u00e1nyozni Gajdos Istv\u00e1n.<br \/>\nErre Judit l\u00e1tszott a legalkalmasabbnak, de h\u00e1t \u0151t m\u00e1s \u00e9rdekelte. Azzal vigasztalta az apj\u00e1t, hogy Norbert m\u00e9g nem \u00e9rt meg a kora ellen\u00e9re &#8211; \u00e9s van es\u00e9ly, hogy k\u00e9s\u0151bb m\u00e9gis csak megkomolyodik annyira, hogy \u00e1tveheti az apja hely\u00e9t.<br \/>\nAz egyetlen rokonl\u00e9lek a csal\u00e1dban az apja volt, akit rajong\u00e1sig szeretett. A kellet\u00e9n\u00e9l tal\u00e1n jobban hangs\u00falyozta is, hogy \u0151 az apai \u00e1gat \u00f6r\u00f6k\u00f6lte, ahol t\u00f6bb gener\u00e1ci\u00f3ra visszatekintve mindenf\u00e9le diplom\u00e1s ember el\u0151fordult, k\u00f6zt\u00fck sok t\u00e9pel\u0151d\u0151, \u00e9s olyan is, aki a vil\u00e1ggal nem tudv\u00e1n b\u00e9k\u00fclni \u00f6ngyilkos lett. \u00dckanyja testv\u00e9re p\u00e9ld\u00e1ul a Dun\u00e1ba vetette mag\u00e1t szerelmi b\u00e1nat\u00e1ban, mert j\u00f3m\u00f3d\u00fa csal\u00e1dja nem engedte hozz\u00e1menni egy sz\u00e9lh\u00e1mos dzsentrifi\u00fahoz. Ennek a fiatal l\u00e1nynak a megfakult f\u00e9nyk\u00e9p\u00e9t elk\u00e9rte apj\u00e1t\u00f3l, el-eln\u00e9zegette az arc\u00e1t a giccses h\u00e1tt\u00e9r el\u0151tt, \u00e9s azon gondolkodott, vajon sejtette-e a sors\u00e1t, vagy a f\u00e9nyk\u00e9p\u00e9szi \u00e9s a kornak megfelel\u0151 elv\u00e1r\u00e1sok miatt n\u00e9zett olyan melankolikusan a t\u00e1volba. N\u00e9ha az is az esz\u00e9be jutott, hogy az ilyen tragikus \u00e9rzelmek ebb\u0151l a korb\u00f3l m\u00e1r kivesztek- mert Gajdos Judit a kor\u00e1t is megvetette. M\u00e1r nincsenek ilyen viharos szenved\u00e9lyek- gondolta b\u00e1natosan. Egy\u00e1ltal\u00e1n- van m\u00e9g szerelem? \u0150 m\u00e9g nem tal\u00e1lkozott vele. Am\u00fagy is \u00f3vatosan kezelte a k\u00f6r\u00fcl\u00f6tte megfordul\u00f3 f\u00e9rfiakat- nyilv\u00e1n tudt\u00e1k, hogy sok a p\u00e9nze a csal\u00e1dnak. De nem ez volt a f\u0151 baj: rettent\u0151en unalmasak voltak, h\u00edj\u00e1n a f\u00e9rfiass\u00e1gnak.<br \/>\nHozz\u00e1juk k\u00e9pest Attila kem\u00e9nyebbnek t\u0171nt- legal\u00e1bb is Juditnak ez volt az els\u0151 benyom\u00e1sa. K\u00edv\u00e1ncsis\u00e1g\u00e1t \u00e9s megs\u00e9rtett hi\u00fas\u00e1g\u00e1t kiel\u00e9g\u00edtend\u0151 teh\u00e1t meg kell k\u00f6sz\u00f6nnie a seg\u00edts\u00e9g\u00e9t egy itallal- \u00e9s akkor nyilv\u00e1n ki fog der\u00fclni, hogy a fi\u00fa titokzatos sz\u00f3tlans\u00e1ga egy\u00e1ltal\u00e1n nem takar titokzatos szem\u00e9lyis\u00e9get&#8230;.Egyel\u0151re viszont nem tudta kital\u00e1lni, hogyan ker\u00edtsen erre sort. Tapasztalata szerint ilyenkor v\u00e1rni kell, am\u00edg ad\u00f3dik valami. \u00cdgy h\u00e1t v\u00e1rt.<\/p>\n<hr \/>\n<p><em>Folytatjuk<\/em><\/p>\n","protected":false},"excerpt":{"rendered":"<p>Gajdos Judit ellenben megn\u00e9zte mag\u00e1nak Attil\u00e1t. Nem nagyon volt ugyan kapcsolata apja beosztottjaival, de azt megszokta, hogy keresik a kedv\u00e9t. Az a l\u00e1thatatlan p\u00e1nc\u00e9l, ami Attil\u00e1t k\u00f6rbevette, meglepte. Az pedig m\u00e9g ink\u00e1bb, hogy napok m\u00falva is esz\u00e9be jutott, ahogy rezzenetlen arccal, elsz\u00e1nt semlegess\u00e9ggel \u00fcl a vol\u00e1nn\u00e1l &#8211; mik\u00f6zben a pesti f\u00e9nyekben meg-megvillant vonz\u00f3 arc\u00e9le. B\u00e1ntotta, [&hellip;]<\/p>\n","protected":false},"author":3,"featured_media":0,"comment_status":"open","ping_status":"open","sticky":false,"template":"","format":"standard","meta":{"_monsterinsights_skip_tracking":false,"_monsterinsights_sitenote_active":false,"_monsterinsights_sitenote_note":"","_monsterinsights_sitenote_category":0,"ngg_post_thumbnail":0,"footnotes":""},"categories":[6],"tags":[],"class_list":["post-97438","post","type-post","status-publish","format-standard","hentry","category-regeny"],"_links":{"self":[{"href":"https:\/\/ujkafe.website\/index.php?rest_route=\/wp\/v2\/posts\/97438","targetHints":{"allow":["GET"]}}],"collection":[{"href":"https:\/\/ujkafe.website\/index.php?rest_route=\/wp\/v2\/posts"}],"about":[{"href":"https:\/\/ujkafe.website\/index.php?rest_route=\/wp\/v2\/types\/post"}],"author":[{"embeddable":true,"href":"https:\/\/ujkafe.website\/index.php?rest_route=\/wp\/v2\/users\/3"}],"replies":[{"embeddable":true,"href":"https:\/\/ujkafe.website\/index.php?rest_route=%2Fwp%2Fv2%2Fcomments&post=97438"}],"version-history":[{"count":0,"href":"https:\/\/ujkafe.website\/index.php?rest_route=\/wp\/v2\/posts\/97438\/revisions"}],"wp:attachment":[{"href":"https:\/\/ujkafe.website\/index.php?rest_route=%2Fwp%2Fv2%2Fmedia&parent=97438"}],"wp:term":[{"taxonomy":"category","embeddable":true,"href":"https:\/\/ujkafe.website\/index.php?rest_route=%2Fwp%2Fv2%2Fcategories&post=97438"},{"taxonomy":"post_tag","embeddable":true,"href":"https:\/\/ujkafe.website\/index.php?rest_route=%2Fwp%2Fv2%2Ftags&post=97438"}],"curies":[{"name":"wp","href":"https:\/\/api.w.org\/{rel}","templated":true}]}}