
{"id":97517,"date":"2021-09-10T02:58:09","date_gmt":"2021-09-10T02:58:09","guid":{"rendered":"https:\/\/ujkafe.website\/?p=97517"},"modified":"2021-09-09T15:22:26","modified_gmt":"2021-09-09T15:22:26","slug":"albert-csilla-halvanyvoros-es-halvanyfekete-36-parafrazis-regeny-tortenik-a-2020-as-evek-elejen","status":"publish","type":"post","link":"https:\/\/ujkafe.website\/?p=97517","title":{"rendered":"Albert Csilla: Halv\u00e1nyv\u00f6r\u00f6s \u00e9s halv\u00e1nyfekete (36) \/ Parafr\u00e1zis-reg\u00e9ny \/ T\u00f6rt\u00e9nik a 2020-as \u00e9vek elej\u00e9n"},"content":{"rendered":"<p>Els\u0151 dolga az volt, hogy megn\u00e9zze, v\u00e1laszolt-e valamit a l\u00e1ny, \u00e9s b\u00e1ntotta, hogy nem. De reggel volt, tal\u00e1n nem is n\u00e9zi ilyenkor a telefonj\u00e1t, ki tudja, mi a programja, hova megy, hova siet. Majd k\u00e9s\u0151bb biztos reag\u00e1l. Ez az \u00e9rvel\u00e9s azonban nem volt el\u00e9g &#8211; Attila gyomra g\u00f6rcsbe r\u00e1ndult, \u00e9s nagy, er\u0151ltetett kortyokban ment csak le a k\u00e1v\u00e9. Reggelir\u0151l sz\u00f3 sem lehetett.<!--more--><br \/>\nNem ment a munka sem igaz\u00e1n &#8211; majdnem t\u00fcrelmetlen\u00fcl vette fel a telefonj\u00e1t az \u0151t keres\u0151knek -, haragudott r\u00e1juk, hogy \u0151k h\u00edvt\u00e1k, \u00e9s nem Judit. Eb\u00e9did\u0151ben k\u00fcld\u00f6tt neki egy k\u00e9rd\u0151jelet, m\u00e9g mindig megtoldva egy smiley-val, de a sz\u00edvecske elmaradt. R\u00f6gt\u00f6n j\u00f6tt v\u00e1lasz: egy sima <strong>ok<\/strong> jel, semmi t\u00f6bb. Attil\u00e1t forr\u00f3 harag \u00e9s csal\u00f3dotts\u00e1g t\u00f6lt\u00f6tte el. Elhat\u00e1rozta, hogy nem reag\u00e1l, \u00e9s ha \u00edr Judit, megv\u00e1ratja. Csakhogy a l\u00e1ny nem \u00edrt, \u00e9s Attila a k\u00ednok k\u00ednj\u00e1t \u00e1llta ki. Pr\u00f3b\u00e1lta mentegetni ezt a v\u00e9rszeg\u00e9ny <strong>ok<\/strong> jelet &#8211; v\u00e9g\u00fcl is nem mindenki szeret \u00edrni, meg igaz\u00e1b\u00f3l ez azt jelenti, amit, vagyis ok, legk\u00f6zelebb hozhatod a k\u00e1v\u00e9t az \u00e1gyba. De j\u00f3zanabb pillanataiban tudta, hogy val\u00f3j\u00e1ban azt jelenti, hogy &#8222;M\u00e1r nem fontos.&#8221; Hogy mi\u00e9rt nem, azt nem \u00e9rtette. Ha visszap\u00f6rgette az el\u0151z\u0151 est\u00e9t, nemcsak a szeretkez\u00e9s\u00fcket \u00e9rezte sz\u00e9pnek, de az ut\u00e1na kialakul\u00f3 hirtelen meghitts\u00e9gben elk\u00f6lt\u00f6tt vacsor\u00e1t \u00e9s az \u00e1lomittas besz\u00e9lget\u00e9st a s\u00f6t\u00e9tben, miel\u0151tt besz\u00edvta volna \u0151ket az alv\u00e1s. Mit rontott el, mit nem l\u00e1t? Meg kell tudnia, meg kell k\u00e9rdezne. Addig gy\u00f6t\u00f6rte mag\u00e1t, hogy b\u00fcszkes\u00e9g\u00e9t legy\u0151zve este m\u00e9gis \u00edrt a l\u00e1nynak. &#8222;\u00c9s mikor lesz az a legk\u00f6zelebb?&#8221; &#8211; M\u00e1r amikor elk\u00fcldte, megb\u00e1nta, de nem tudott mit tenni, annyira nyugtalan volt. Kellett, hogy kapjon valami v\u00e1laszt, hogy valahogy r\u00e1vegye Juditot, hogy sz\u00f3ba \u00e1lljon vele. F\u00e9l\u00f3ra m\u00falva pittyegett a telefonja.&#8221; B\u00edzzuk a v\u00e9letlenre&#8221; &#8211; ennyit v\u00e1laszolt. Attila egy darabig csak \u00fclt megsemmis\u00fclten, azt\u00e1n m\u00f3dszeresen leitta mag\u00e1t. Fejf\u00e1j\u00e1sra \u00e9bredt &#8211; \u00e9s csak estefel\u00e9 j\u00f3zanodott ki. \u00c9s nemcsak a m\u00e1snaposs\u00e1gb\u00f3l. Arra gondolt, tulajdonk\u00e9ppen az t\u00f6rt\u00e9nt vele, ami a csel\u00e9dl\u00e1nyokkal szokott a realista reg\u00e9nyekben (\u00e9ppen Tolsztojt olvasott). A csel\u00e9d kedv\u00e9t t\u00f6lti az \u00farifi\u00fanak &#8211; ez esetben az \u00faril\u00e1nynak. Nulla rizik\u00f3. Hirtelen megk\u00e9pzett el\u0151tte Ildi f\u00e9l\u00e9nk, kedves arca. &#8222;M\u00e9g csak nem is k\u00fcl\u00f6n\u00f6sebben sz\u00e9p&#8221;- gondolta. De ez sem seg\u00edtett. Rettent\u0151en v\u00e1gyott \u00e9s rettent\u0151en haragudott Gajdos Juditra. Revansot fog venni. Hogy mikor \u00e9s hogy mik\u00e9nt, m\u00e9g nem tudta. &#8222;B\u00edzzuk a v\u00e9letlenre&#8221; &#8211; mosolyodott el keser\u0171en \u00e9s elsz\u00e1ntan. T\u00f6bbet nem kereste a l\u00e1nyt.<\/p>\n<p>Neh\u00e9z napok k\u00f6sz\u00f6nt\u00f6ttek r\u00e1. A v\u00e9letlenre v\u00e1rni nagyon kil\u00e1t\u00e1stalan \u00e9s kimer\u00edt\u0151, \u00e9s egy\u00e1ltal\u00e1n nem volt abban a t\u00fcrelmi \u00e1llapotban, ami ehhez kellett volna. S\u0151t. Gyomoridegess\u00e9ggel kelt \u00e9s fek\u00fcdt. Komoly harcot kellett folytatnia mag\u00e1val, k\u00fcl\u00f6n\u00f6sen az els\u0151 h\u00e9ten, hogy betartsa a fogadalm\u00e1t, \u00e9s val\u00f3ban ne pr\u00f3b\u00e1ljon a l\u00e1nnyal valamilyen m\u00f3don kapcsolatba l\u00e9pni. A munkahelyen volt a legnehezebb, mert ott nem halk\u00edthatta le a telefonj\u00e1t, \u00e9s nem kapcsolhatta ki. Ott kellett, hogy legyen a keze \u00fcgy\u00e9ben, musz\u00e1j volt r\u00e1n\u00e9znie, \u00e9s hi\u00e1ba &#8222;rendezte el&#8221; \u00fagymond mag\u00e1ban, hogy mi is t\u00f6rt\u00e9nt, m\u00e9gis belesz\u00fart a gyomr\u00e1ba a csal\u00f3d\u00e1s, hogy soha nem j\u00f6n \u00fczenet Juditt\u00f3l. Gajdost is gy\u00f6trelem volt l\u00e1tni &#8211; b\u00e1r abban biztos volt, hogy nem tud semmit r\u00f3luk, de R\u00d3LA tud, l\u00e1tja-hallja mindennap vagy majdnem mindennap, \u00e9s \u0151, Attila nem k\u00e9rdezhet semmit. Minden nap azt rem\u00e9lte, m\u00e9gis elejt egy olyan megjegyz\u00e9st Gajdos, amib\u0151l valamit megtud a l\u00e1nya \u00e9let\u00e9r\u0151l, de nem&#8230; \u00e9s m\u00e9rt is besz\u00e9lt volna r\u00f3la? Az a halv\u00e1ny rem\u00e9ny is ott zakatolt Attil\u00e1ban, hogy egyszer csak bej\u00f6n az apj\u00e1hoz Judit valamilyen okkal, \u00fcr\u00fcggyel- b\u00e1r id\u00e1ig sose tette. De m\u00e9rt ne, ad\u00f3dhat valami, vagy ak\u00e1r \u0151 maga akarhat alkalmat tal\u00e1lni. Amikor az iroda el\u0151tti folyos\u00f3n l\u00e9pteket hallott, Attil\u00e1nak elfogyott a leveg\u0151je &#8211; \u00e9s a bel\u00e9p\u0151 csod\u00e1lkozva l\u00e1tta, milyen zaklatott, piros arccal k\u00f6sz\u00f6n. Neh\u00e9z volt, neh\u00e9z &#8211; az eg\u00e9sz munkanap t\u00f6m\u00e9ny csal\u00f3d\u00e1s, felesleges k\u00e9szenl\u00e9t \u00e9s az ebb\u0151l fakad\u00f3 megal\u00e1zotts\u00e1g v\u00e1ltakoz\u00f3 gy\u00f6trelm\u00e9b\u0151l \u00e1llt, mik\u00f6zben erej\u00e9t megfesz\u00edtve kellett t\u00f6rekednie arra, hogy tudjon figyelni, ne k\u00f6vessen el hib\u00e1t, \u00e9s Gajdos mindig egyens\u00falyban l\u00e1ssa, mert az nem t\u00f6rt\u00e9nhet meg, hogy egyszer csak azt mondja egy vacsora mellett a l\u00e1ny\u00e1nak, hogy a titk\u00e1ra nagyon megv\u00e1ltozott, mintha valami nyomasztan\u00e1, vagy hasonl\u00f3t&#8230; Amikor Gajdossal szem\u00e9lyesen besz\u00e9lt, Attila teh\u00e1t hangs\u00falyozottan \u00e9rdekl\u0151d\u0151, energikus volt, de ezzel el is haszn\u00e1lta minden tartal\u00e9kj\u00e1t, s amikor beesett a lak\u00e1s\u00e1ba, ahol nem kellett j\u00e1tszania, \u00fagy d\u0151lt el a d\u00edv\u00e1nyon, mint aki eg\u00e9sz nap zs\u00e1kolt valahol. M\u00e9gis &#8211; ez volt a nap legk\u00f6nnyebb r\u00e9sze. Ilyenkor m\u00e1r &#8211; aznapra &#8211; nem rem\u00e9lt. Ha \u00f6ssze tudta mag\u00e1t szedni (el\u00e9g ritk\u00e1n), elment biciklizni &#8211; a telefonja n\u00e9lk\u00fcl, hogy ne azt figyelgesse, \u00e9s fogalma sem volt, merre teker. Enni nem nagyon tudott, viszont est\u00e9nk\u00e9nt t\u00f6bb poh\u00e1r bort megivott &#8211; sosem a ler\u00e9szeged\u00e9sig, csak a megk\u00f6nnyebb\u00fcl\u00e9st hoz\u00f3 enyhe k\u00e1bulatig. A 2. h\u00e9t v\u00e9g\u00e9re 4 kil\u00f3t fogyott, \u00e9s kezdte elfogadni, hogy nem fog semmi sem t\u00f6rt\u00e9nni. A Facebookon nem, de az Instagramon r\u00e1lelt Juditra, \u00e9s l\u00e1tta, hogy frissen posztolt k\u00e9peket egy teniszmeccsr\u0151l. Attila felismerte a kiss\u00e9 elh\u00edzott P\u00e9tert, aki \u00e1t\u00f6lelte a l\u00e1ny v\u00e1ll\u00e1t, m\u00e1sik kez\u00e9vel pedig diadalmasan-m\u00f3k\u00e1san felemelte a tenisz\u00fct\u0151j\u00e9t. A p\u00f3l\u00f3ja izzadtan tapadt r\u00e1. Judit azt \u00edrta oda: &#8222;A fot\u00f3t Norbi k\u00e9sz\u00edtette, aki fot\u00f3snak kicsit jobb, mint teniszj\u00e1t\u00e9kosnak&#8230; De az\u00e9rt nem adjuk fel!&#8221; \u00e9s egy csom\u00f3 smiley. Ez volt az a pont, amikor Attila v\u00e9gleg kij\u00f3zanodott, \u00e9s igaz\u00e1n r\u00e1d\u00f6bbent arra, hogy mennyire &#8222;eln\u00e9zte ezt az eg\u00e9szet&#8221;.\u00a0 &#8222;Mit k\u00e9pzeltem?&#8221; &#8211; k\u00e9rdezte mag\u00e1t\u00f3l sz\u00e9gyent\u0151l \u00e9g\u0151 arccal, mik\u00f6zben fel-al\u00e1j\u00e1rt a szob\u00e1j\u00e1ban. F\u00e1jt? F\u00e1jt. De m\u00e1r nem sz\u00edvf\u00e1jdalommal. Ink\u00e1bb d\u00fch\u00f6t \u00e9rzett maga ir\u00e1nt, hogy olyan naiv volt. Ett\u0151l fogva nem v\u00e1gyott m\u00e1r a l\u00e1nyra, csakis arra, hogy j\u00f3v\u00e1t\u00e9telt szolg\u00e1ltasson mag\u00e1nak.<\/p>\n<hr \/>\n<p><em>Folytatjuk<\/em><\/p>\n","protected":false},"excerpt":{"rendered":"<p>Els\u0151 dolga az volt, hogy megn\u00e9zze, v\u00e1laszolt-e valamit a l\u00e1ny, \u00e9s b\u00e1ntotta, hogy nem. De reggel volt, tal\u00e1n nem is n\u00e9zi ilyenkor a telefonj\u00e1t, ki tudja, mi a programja, hova megy, hova siet. Majd k\u00e9s\u0151bb biztos reag\u00e1l. Ez az \u00e9rvel\u00e9s azonban nem volt el\u00e9g &#8211; Attila gyomra g\u00f6rcsbe r\u00e1ndult, \u00e9s nagy, er\u0151ltetett kortyokban ment csak [&hellip;]<\/p>\n","protected":false},"author":3,"featured_media":0,"comment_status":"open","ping_status":"open","sticky":false,"template":"","format":"standard","meta":{"_monsterinsights_skip_tracking":false,"_monsterinsights_sitenote_active":false,"_monsterinsights_sitenote_note":"","_monsterinsights_sitenote_category":0,"ngg_post_thumbnail":0,"footnotes":""},"categories":[6],"tags":[],"class_list":["post-97517","post","type-post","status-publish","format-standard","hentry","category-regeny"],"_links":{"self":[{"href":"https:\/\/ujkafe.website\/index.php?rest_route=\/wp\/v2\/posts\/97517","targetHints":{"allow":["GET"]}}],"collection":[{"href":"https:\/\/ujkafe.website\/index.php?rest_route=\/wp\/v2\/posts"}],"about":[{"href":"https:\/\/ujkafe.website\/index.php?rest_route=\/wp\/v2\/types\/post"}],"author":[{"embeddable":true,"href":"https:\/\/ujkafe.website\/index.php?rest_route=\/wp\/v2\/users\/3"}],"replies":[{"embeddable":true,"href":"https:\/\/ujkafe.website\/index.php?rest_route=%2Fwp%2Fv2%2Fcomments&post=97517"}],"version-history":[{"count":0,"href":"https:\/\/ujkafe.website\/index.php?rest_route=\/wp\/v2\/posts\/97517\/revisions"}],"wp:attachment":[{"href":"https:\/\/ujkafe.website\/index.php?rest_route=%2Fwp%2Fv2%2Fmedia&parent=97517"}],"wp:term":[{"taxonomy":"category","embeddable":true,"href":"https:\/\/ujkafe.website\/index.php?rest_route=%2Fwp%2Fv2%2Fcategories&post=97517"},{"taxonomy":"post_tag","embeddable":true,"href":"https:\/\/ujkafe.website\/index.php?rest_route=%2Fwp%2Fv2%2Ftags&post=97517"}],"curies":[{"name":"wp","href":"https:\/\/api.w.org\/{rel}","templated":true}]}}