
{"id":97558,"date":"2021-09-11T02:58:33","date_gmt":"2021-09-11T02:58:33","guid":{"rendered":"https:\/\/ujkafe.website\/?p=97558"},"modified":"2021-09-10T14:23:50","modified_gmt":"2021-09-10T14:23:50","slug":"albert-csilla-halvanyvoros-es-halvanyfekete-37-parafrazis-regeny-tortenik-a-2020-as-evek-elejen","status":"publish","type":"post","link":"https:\/\/ujkafe.website\/?p=97558","title":{"rendered":"Albert Csilla: Halv\u00e1nyv\u00f6r\u00f6s \u00e9s halv\u00e1nyfekete (37) \/ Parafr\u00e1zis-reg\u00e9ny \/ T\u00f6rt\u00e9nik a 2020-as \u00e9vek elej\u00e9n"},"content":{"rendered":"<p>Gajdos Judit nem eg\u00e9szen azzal a sz\u00e1nd\u00e9kkal posztolta ki a teniszp\u00e1ly\u00e1s k\u00e9peket, hogy Attil\u00e1t kij\u00f3zan\u00edtsa. Igaz\u00e1b\u00f3l az egy\u00fctt t\u00f6lt\u00f6tt est\u00e9t k\u00f6vet\u0151 \u00e9rdektelens\u00e9ge addig tartott, am\u00edg r\u00e1 nem j\u00f6tt, hogy Attila &#8222;nem fog teperni&#8221;. Amint meg\u00e9rtette, hogy a &#8222;B\u00edzzuk a v\u00e9letlenre&#8221; mondat\u00e1t nem k\u00f6veti sz\u00e1mos \u00fczenet, amelyben Attila \u00fajabb tal\u00e1lkoz\u00f3ra pr\u00f3b\u00e1lja r\u00e1b\u00edrni, \u00e9rdektelens\u00e9ge heves \u00e9rdekl\u0151d\u00e9sbe csapott \u00e1t. Nem sz\u00e1m\u00edtott arra, hogy gond n\u00e9lk\u00fcl elfogadj\u00e1k a h\u00faz\u00f3doz\u00e1s\u00e1t. \u0150 ugyan deklar\u00e1ltan nem er\u0151lk\u00f6d\u00f6tt, de hogy Attila sem tette, arra az\u00e9rt nem sz\u00e1m\u00edtott. <!--more-->Hallgat\u00e1sa b\u00e1ntotta Judit hi\u00fas\u00e1g\u00e1t, \u00e9s fel\u00e9rt\u00e9kel\u0151d\u00f6tt a fi\u00fa, aki sz\u00f3 n\u00e9lk\u00fcl elfogadta a visszautas\u00edt\u00e1st. H\u00e1t ennyit \u00e9rt neki\u2026 gondolta Judit, aki most m\u00e1r l\u00e1tta azt, amit a m\u00e1snap reggel sz\u00fcrke hajnal\u00e1ban nem: hogy sz\u00e9p volt az egym\u00e1sra tal\u00e1l\u00e1suk, hogy nem csup\u00e1n kellemes szex volt &#8211; \u00e9s hogy t\u00f6bb is lehetett volna. Rajta m\u00falt, hogy nem \u00edgy lett &#8211; \u00e9s most m\u00e1r sajn\u00e1lta. De csapd\u00e1ba esett, \u00e9s nem tudta, hogyan tov\u00e1bb. Amikor teniszezni ment az \u00f6ccs\u00e9vel, maga is meglep\u0151d\u00f6tt, mennyire f\u00e1j arra gondolnia, milyen volt Attil\u00e1val j\u00e1tszani, \u00e9s m\u00e9g jobban f\u00e1jt a gondolat, hogy m\u00e1r sosem fog, hogy ennek egyed\u00fcl \u0151 az oka, \u00e9s hogy nincs m\u00f3dja j\u00f3v\u00e1tenni. Azt rem\u00e9lte, az Instagram fot\u00f3 felid\u00e9zi a fi\u00faban az eml\u00e9ket, tal\u00e1n valami kommentre b\u00edrja, mik\u00f6zben igyekezett min\u00e9l vid\u00e1mabban mosolyogni a k\u00e9pen, nehogy azt higgye, hogy nincs j\u00f3l. Mert nem volt j\u00f3l, egy\u00e1ltal\u00e1n nem.<br \/>\n\u00c9s ahogy telt az id\u0151, ez csak egyre rosszabb lett. A fot\u00f3j\u00e1ra sok-sok komment j\u00f6tt, de az az egy ember, aki\u00e9rt az eg\u00e9szet csin\u00e1lta, hallgatott. A l\u00e1ny m\u00e9g munka k\u00f6zben is el-elkalandozott, azon t\u0171n\u0151dve, hogyan l\u00e9pjen \u00fagy kapcsolatba Attil\u00e1val, hogy a b\u00fcszkes\u00e9ge ne szenvedjen csorb\u00e1t. Nem tudta kital\u00e1lni. Ideges\u00edtette minden \u00e9s mindenki, k\u00fcl\u00f6n\u00f6sen a k\u00f6r\u00f6tte meg-megjelen\u0151 f\u00e9rfi ismer\u0151s\u00f6k, bar\u00e1tok &#8211; mert mindegyik t\u00fck\u00f6r volt, amelyben azt l\u00e1tta, Attila mennyivel \u00e9rdekesebb, f\u00e9rfiasabb, k\u00fcl\u00f6nb.<br \/>\nAzt\u00e1n m\u00e9gis ad\u00f3dott egy v\u00e9rszeg\u00e9ny kis alkalom. Norbi bejelentette, hogy a szok\u00e1sos szombati p\u00e1rost nem tudja bev\u00e1llalni, mert \u201elemennek a haverokkal a Balatonra. &#8221; Am\u00fagy is vil\u00e1gg\u00e1 k\u00fcrt\u00f6lted, hogy b\u00e9na vagyok&#8221; &#8211; mosolygott, \u00e9s ha nem Norbir\u00f3l, az \u0151 amb\u00edci\u00f3 n\u00e9lk\u00fcli kis pat\u00f3p\u00e1lj\u00e1r\u00f3l lett volna sz\u00f3, Judit azt gondolhatta volna, hogy t\u00e9nyleg b\u00e1ntja a dolog. De err\u0151l sz\u00f3 sem volt. Norbi amb\u00edci\u00f3tlans\u00e1ga mindenre kiterjedt, a teniszre is. Juditnak hirtelen esz\u00e9be jutott, hogy el\u0151z\u0151 nap, amikor egy\u00fctt vacsor\u00e1zott az apj\u00e1\u00e9kkal, megbesz\u00e9lte az \u00f6ccse \u00e9s Gajdos, hogy Norbi beugrik a h\u00e9ten az irod\u00e1ba. Arra nem eml\u00e9kezett m\u00e1r, hogy mi\u00e9rt, de ez nem is volt fontos. Csak az alkalom, amit meg kell ragadnia, b\u00e1rmilyen sov\u00e1ny is.<br \/>\n&#8211; J\u00f3, de azt is oda\u00edrtam, hogy nem adjuk fel. Ezt az\u00e9rt vedd figyelembe\u2026 Viszont\u2026 ha \u00fagyis m\u00e9sz a h\u00e9ten ap\u00e1hoz az irod\u00e1ba, esetleg megk\u00e9rdezhetn\u00e9d Attil\u00e1t, beugrana-e megint helyetted. A m\u00faltkor eg\u00e9sz \u00fcgyes volt.<br \/>\nNorbi nem k\u00e9rdezte meg, m\u00e9rt nem h\u00edvja fel ink\u00e1bb Judit. Nemt\u00f6r\u0151d\u00f6m term\u00e9szet\u00e9nek sz\u00e1mos szerethet\u0151 eleme volt &#8211; \u00e9s az, hogy nem kombin\u00e1lt, \u00e9s nem volt k\u00fcl\u00f6n\u00f6sebben fog\u00e9kony a logikuss\u00e1gra, bizonyosan az egyike volt ezeknek.<br \/>\n\u00cdgy h\u00e1t amikor apj\u00e1hoz ment az irod\u00e1ba, nem csup\u00e1n k\u00f6sz\u00f6nt Attil\u00e1nak, hanem megk\u00e9rdezte:<br \/>\n&#8211; Te, Juci mondta, hogy a m\u00faltkor te j\u00e1tszott\u00e1l helyettem, \u00e9s eg\u00e9sz j\u00f3l\u2026 Szombaton nem leszek. Esetleg be tudsz ugrani megint?<br \/>\nAttila sz\u00edve megl\u00f3dult, \u00e9s ott dobogott a tork\u00e1ban t\u00f6bb h\u00e9t elfojtott megal\u00e1zotts\u00e1ga \u00e9s bossz\u00faszomja. Tudta, nem bor\u00edthatja r\u00e1 erre a fi\u00fara, aki l\u00e1that\u00f3an semmit se tud, \u00e9s semmir\u0151l se tehet. B\u00e1r az ut\u00f3bbiban nem volt biztos. Az a p\u00e9nzzel kib\u00e9lelt k\u00f6nny\u0171s\u00e9g, ami k\u00f6r\u00fclvette, \u00f6nmag\u00e1ban is el\u00e9g volt ahhoz, hogy Attila r\u00e1 is nehezteljen. Nem mondhat semmi direktet, semmi meggondolatlant, de olyat kell mondania, ami \u00fct, ami eltal\u00e1lja a l\u00e1nyt, ha Norbert t\u00f6bb\u00e9-kev\u00e9sb\u00e9 pontosan mondja majd vissza neki.<br \/>\n&#8211; Tudod, azt hiszem, a tenisz nem az \u00e9n vil\u00e1gom. Biztosan tal\u00e1l m\u00e1sik j\u00e1tsz\u00f3t\u00e1rsat a n\u0151v\u00e9red. \u00c9s\u2026 utazom haza a sz\u00fcleimhez\u2026 De k\u00f6sz, hogy gondolt\u00e1l r\u00e1m.<br \/>\n&#8211; Ok\u2026 igaz\u00e1b\u00f3l nem \u00e9n gondoltam, Juci \u00f6tlete volt\u2026 de majd mondom neki &#8211; felelte Norbi, akinek \u00fajabb szerethet\u0151 jellemvon\u00e1sa mutatkozott meg: nem er\u0151ltetett semmit. M\u00e1r nyomta is le apja irod\u00e1j\u00e1nak a kilincs\u00e9t, \u00e9s mik\u00f6zben becsuk\u00f3dott m\u00f6g\u00f6tte az ajt\u00f3, Attila buzg\u00f3n foh\u00e1szkodott az\u00e9rt, hogy viszonylag pontosan adja vissza a n\u0151v\u00e9r\u00e9nek a v\u00e1laszt.<br \/>\nIm\u00e1i meghallgat\u00e1sra leltek. Az \u00f6ccse \u00e1ltal felid\u00e9zett szavak &#8211; k\u00fcl\u00f6n\u00f6sen a &#8221; j\u00e1tsz\u00f3t\u00e1rs&#8221;, amit Norbi az\u00e9rt jegyzett meg, mert olyan fur\u00e1nak tal\u00e1lt, \u00e9s hajlamos volt Attila &#8222;vid\u00e9ki&#8221; szemantik\u00e1j\u00e1nak betudni &#8211; eltal\u00e1lt\u00e1k Judit sz\u00edv\u00e9t, s\u00f6t\u00e9t b\u00e1natot \u00e9s v\u00e1gyat kavarva fel benne. Amikor elkezdte a p\u00e1rost szombaton (nem volt neh\u00e9z tal\u00e1lni valakit Norbi helyett) &#8211; a kellet\u00e9n\u00e9l hangosabb vid\u00e1ms\u00e1ggal, bel\u00fcl sz\u00fcntelen sziv\u00e1rg\u00f3 sz\u00edvf\u00e1jdalomma l-, el\u0151sz\u00f6r l\u00e1tta magukat k\u00edv\u00fclr\u0151l, \u00e9s annak l\u00e1tta, aminek szerinte Attila is: 4 m\u00e1rk\u00e1s ruh\u00e1ban er\u0151lk\u00f6d\u0151 amat\u0151r, akinek g\u0151ze sincs a val\u00f3 \u00e9letr\u0151l, \u00e9s akik a gazdagok sportj\u00e1t letudva besz\u00e1llnak a l\u00e9gkondis aut\u00f3ikba, hogy hazavezessenek a kiv\u00e9telezett \u00e9let\u00fckbe, ami egy\u00e9bk\u00e9nt d\u00f6gunalom. Attila nem \u00e9rezhet m\u00e1st, csak megvet\u00e9st az ilyen \u00e9let ir\u00e1nt, \u00e9s \u0151 nem mondhatja el neki, hogy \u0151 nem \u00edgy \u00e9l. S\u0151t\u2026 eg\u00e9sz viselked\u00e9s\u00e9vel azt er\u0151s\u00edtette meg, hogy de igen\u2026 Sokat hib\u00e1zott j\u00e1t\u00e9k k\u00f6zben, \u00e9s alig b\u00edrt figyelni, amikor ut\u00e1na szok\u00e1s szerint kicsit elbesz\u00e9lgettek, miel\u0151tt sz\u00e9tsz\u00e9ledtek volna. Nem ment r\u00f6gt\u00f6n haza, kivezetett a v\u00e1rosb\u00f3l, azt\u00e1n egy csendes parkol\u00f3ban meg\u00e1llt. Csak \u00fclt a kocsiban, fesz\u00fclten, tehetetlen\u00fcl, a s\u00edr\u00e1s hat\u00e1r\u00e1n. Vesztett. \u00c9s nem csak a teniszben.<\/p>\n<hr \/>\n<p><em>Folytatjuk<\/em><\/p>\n","protected":false},"excerpt":{"rendered":"<p>Gajdos Judit nem eg\u00e9szen azzal a sz\u00e1nd\u00e9kkal posztolta ki a teniszp\u00e1ly\u00e1s k\u00e9peket, hogy Attil\u00e1t kij\u00f3zan\u00edtsa. Igaz\u00e1b\u00f3l az egy\u00fctt t\u00f6lt\u00f6tt est\u00e9t k\u00f6vet\u0151 \u00e9rdektelens\u00e9ge addig tartott, am\u00edg r\u00e1 nem j\u00f6tt, hogy Attila &#8222;nem fog teperni&#8221;. Amint meg\u00e9rtette, hogy a &#8222;B\u00edzzuk a v\u00e9letlenre&#8221; mondat\u00e1t nem k\u00f6veti sz\u00e1mos \u00fczenet, amelyben Attila \u00fajabb tal\u00e1lkoz\u00f3ra pr\u00f3b\u00e1lja r\u00e1b\u00edrni, \u00e9rdektelens\u00e9ge heves \u00e9rdekl\u0151d\u00e9sbe csapott [&hellip;]<\/p>\n","protected":false},"author":3,"featured_media":0,"comment_status":"open","ping_status":"open","sticky":false,"template":"","format":"standard","meta":{"_monsterinsights_skip_tracking":false,"_monsterinsights_sitenote_active":false,"_monsterinsights_sitenote_note":"","_monsterinsights_sitenote_category":0,"ngg_post_thumbnail":0,"footnotes":""},"categories":[6],"tags":[],"class_list":["post-97558","post","type-post","status-publish","format-standard","hentry","category-regeny"],"_links":{"self":[{"href":"https:\/\/ujkafe.website\/index.php?rest_route=\/wp\/v2\/posts\/97558","targetHints":{"allow":["GET"]}}],"collection":[{"href":"https:\/\/ujkafe.website\/index.php?rest_route=\/wp\/v2\/posts"}],"about":[{"href":"https:\/\/ujkafe.website\/index.php?rest_route=\/wp\/v2\/types\/post"}],"author":[{"embeddable":true,"href":"https:\/\/ujkafe.website\/index.php?rest_route=\/wp\/v2\/users\/3"}],"replies":[{"embeddable":true,"href":"https:\/\/ujkafe.website\/index.php?rest_route=%2Fwp%2Fv2%2Fcomments&post=97558"}],"version-history":[{"count":0,"href":"https:\/\/ujkafe.website\/index.php?rest_route=\/wp\/v2\/posts\/97558\/revisions"}],"wp:attachment":[{"href":"https:\/\/ujkafe.website\/index.php?rest_route=%2Fwp%2Fv2%2Fmedia&parent=97558"}],"wp:term":[{"taxonomy":"category","embeddable":true,"href":"https:\/\/ujkafe.website\/index.php?rest_route=%2Fwp%2Fv2%2Fcategories&post=97558"},{"taxonomy":"post_tag","embeddable":true,"href":"https:\/\/ujkafe.website\/index.php?rest_route=%2Fwp%2Fv2%2Ftags&post=97558"}],"curies":[{"name":"wp","href":"https:\/\/api.w.org\/{rel}","templated":true}]}}