
{"id":97617,"date":"2021-09-15T02:54:48","date_gmt":"2021-09-15T02:54:48","guid":{"rendered":"https:\/\/ujkafe.website\/?p=97617"},"modified":"2021-09-14T15:42:07","modified_gmt":"2021-09-14T15:42:07","slug":"albert-csilla-halvanyvoros-es-halvanyfekete-41-parafrazis-regeny-tortenik-a-2020-as-evek-elejen","status":"publish","type":"post","link":"https:\/\/ujkafe.website\/?p=97617","title":{"rendered":"Albert Csilla: Halv\u00e1nyv\u00f6r\u00f6s \u00e9s halv\u00e1nyfekete (41) \/ Parafr\u00e1zis-reg\u00e9ny \/ T\u00f6rt\u00e9nik a 2020-as \u00e9vek elej\u00e9n"},"content":{"rendered":"<p>Attila arra gondolt, hazautazik a h\u00e9tv\u00e9g\u00e9n, az els\u0151 adventi vas\u00e1rnapot am\u00fagy is \u00edgy tervezte, \u00e9s besz\u00e9l a sz\u00fcleivel. Megpr\u00f3b\u00e1lja felk\u00e9sz\u00edteni \u0151ket. Ami Gajdost illeti, abban maradtak, hogy Judit megh\u00edvja a sz\u00fcleit adventi vacsor\u00e1ra, ahol mindent elmond. Attila n\u00e9lk\u00fcl. Mindketten azt gondolt\u00e1k, jobb lesz \u00edgy. Judit az\u00e9rt, mert ismerte az anyj\u00e1t. Attila pedig nem akarta l\u00e1tni, hogyan reag\u00e1l els\u0151 meglepet\u00e9s\u00e9ben Gajdos, akit nagyra tartott. Marad egy kis ideje em\u00e9szteni a dolgot, miel\u0151tt h\u00e9tf\u0151n tal\u00e1lkoznak az irod\u00e1ban.<!--more--><\/p>\n<p>\u00cdgy azt\u00e1n h\u0151s\u00fcnk, aki sz\u00e9p egyenletesen menetelt a cs\u00facs fel\u00e9, hazament advent els\u0151 vas\u00e1rnapj\u00e1n.<br \/>\nIgazi novemberi k\u00f6dben futott be a vonata az \u00e1llom\u00e1sra, ahol apja v\u00e1rta, hogy hazavigye. A h\u00e1z kar\u00e1csonyv\u00e1r\u00f3 d\u00edszekben \u00e1llt. Az eb\u00e9d m\u00e1r elk\u00e9sz\u00fclt, \u00e9s ott voltak a testv\u00e9rek is a gyerekeikkel, akik Walt Disney-rajzfilmet n\u00e9ztek a nappaliban &#8211; pisszen\u00e9s n\u00e9lk\u00fcli \u00e1h\u00edtattal. J\u00f3zsi azonnal t\u00f6lt\u00f6tt p\u00e1link\u00e1t, \u00e9s a m\u00e1r megter\u00edtett asztal mellett \u00fclve odany\u00fajtotta az \u00f6ccs\u00e9nek. A gyerty\u00e1k fah\u00e9jas, szegf\u0171szeges illatot \u00e1rasztottak. Attila test\u00e9t-lelk\u00e9t \u00e1tj\u00e1rta a melegs\u00e9g, \u00e9s amire k\u00e9sz\u00fclt, hirtelen nagyon t\u00e1volinak \u00e9s val\u00f3sz\u00edn\u0171tlennek t\u0171nt. B\u00e1r azt tervezte, hogy vacsora el\u0151tt megteszi a nagy bejelent\u00e9st, most lemondott r\u00f3la.<br \/>\nJ\u00f3 lesz az ut\u00e1na is.<br \/>\nEtt\u0151l megk\u00f6nnyebb\u00fclve ivott m\u00e9g egy kupic\u00e1val, \u00e9s kiment az anyj\u00e1hoz a konyh\u00e1ba.<br \/>\n&#8211; M\u00e1r megint ez a trakta &#8211; mondta, ahogy k\u00f6r\u00fcln\u00e9zett.<br \/>\n&#8211; Legal\u00e1bb ilyenkor egy\u00e9l j\u00f3t\u2026 Hab\u00e1r most nem vagy olyan ny\u00fazott. T\u00e1n van, aki f\u0151zz\u00f6n r\u00e1d?<br \/>\nAttila arra gondolt, ez a k\u00e9rd\u00e9s telibe tal\u00e1lt ugyan, de Judit f\u00e9ny\u00e9vekre van att\u00f3l a vil\u00e1gt\u00f3l, ahol igy k\u00e9rdeznek r\u00e1 az any\u00e1k, van-e valakije a fiuknak. \u00c9s f\u00e9ny\u00e9vekre van att\u00f3l a n\u0151t\u0151l is, akit ez a k\u00e9rd\u00e9s felt\u00e9telez &#8211; m\u00e9g akkor is, ha a maga m\u00f3dj\u00e1n keresi a kedv\u00e9t, \u00e9s figyel r\u00e1.<br \/>\n&#8211; Olyasmi\u2026 majd k\u00e9s\u0151bb mes\u00e9lek. Te hogy vagy?<br \/>\n&#8211; Semmi k\u00fcl\u00f6n\u00f6s, kisfiam. K\u00e9sz\u00fcl\u00fcnk a kar\u00e1csonyra &#8211; a boltban is. Ap\u00e1d rosszul alszik, sokat morog.<br \/>\n&#8211; Sose volt k\u00f6nny\u0171 vele &#8211; mondta Attila, aki mindig is anyja kis apr\u00f3dja volt a csal\u00e1di fel\u00e1ll\u00e1sban. &#8211; \u00c9s te, hogy b\u00edrod?<br \/>\n&#8211; A szok\u00e1sos\u2026 Eleresztem a f\u00fclem mellett. Van el\u00e9g dolgom. Est\u00e9re \u00fagy kif\u00e1radok, hogy d\u0151l\u00f6k az \u00e1gyba &#8211; nekem nincsenek alv\u00e1si gondjaim.<br \/>\n&#8211; Helyes &#8211; mondta Attila, \u00e9s adott egy puszit a t\u0171zhely el\u0151tt \u00e1ll\u00f3 anyj\u00e1nak. Izzadt volt a b\u0151re, szerette volna megt\u00f6r\u00f6lni a sz\u00e1j\u00e1t. &#8211; Az\u00e9rt ne vidd t\u00falz\u00e1sba. Musz\u00e1j pihenni. \u2026 Seg\u00edtsek valamit bevinni?<br \/>\nM\u00e9sz\u00e1ros Julianna megr\u00e1zta a fej\u00e9t. Szerette maga bevinni a g\u0151z\u00f6lg\u0151 h\u00faslevest, \u00e9s megk\u00e9rni az unok\u00e1kat, hogy hozz\u00e1k a t\u00f6bbit. \u00c9s egy\u00e9bk\u00e9nt is: Attila nyilv\u00e1n hal\u00e1lra dolgozza mag\u00e1t Pesten.<br \/>\n&#8211; Nem, csak besz\u00e9lgess ap\u00e1ddal meg a t\u00f6bbiekkel. Mindj\u00e1rt v\u00e9ge a rajzfilmnek, \u00e9s j\u00f6nnek a kis kukt\u00e1im.<br \/>\nAmikor minden az asztalon volt, \u00e9s neki\u00e1lltak az eb\u00e9dnek, Attila k\u00f6rben\u00e9zett, \u00e9s sz\u00edv\u00e9be nyilallt a biztos felismer\u00e9s: enn\u00e9l az asztaln\u00e1l semmi keresnival\u00f3ja nincs Juditnak \u00e9s a csal\u00e1dj\u00e1nak. Pontosabban: el nem tudta \u0151ket k\u00e9pzelni, amint szednek a csigat\u00e9szt\u00e1s h\u00faslevesb\u0151l \u00e9s a k\u00fcl\u00f6n rakott f\u0151tt h\u00fasb\u00f3l \u00e9s z\u00f6lds\u00e9gekb\u0151l. Hogy b\u00e1rmelyik\u00fck besz\u00e9lgetni kezdhet valamelyik b\u00e1tyj\u00e1val, net\u00e1n az apj\u00e1val-anyj\u00e1val &#8211; az olyan abszurdnak t\u0171nt, hogy egy pillanatra komolyan fontol\u00f3ra vette, nem is mond semmit. De azt\u00e1n azzal er\u0151s\u00edtgette megroggyant elsz\u00e1nts\u00e1g\u00e1t, hogy a h\u00e1zast\u00e1rsak rokons\u00e1gai sok helyen nem \u00e9rnek \u00f6ssze &#8211; \u00e9s t\u00fal sok ilyen tal\u00e1lkoz\u00e1st nem is kell er\u0151ltetni. K\u00f6zben meg-megn\u00e9zte a telefonj\u00e1t is &#8211; v\u00e1rta Judit \u00fczenet\u00e9t, hogy \u00fagy 100 kilom\u00e9terre \u00e9s egy\u00e9bk\u00e9nt meg f\u00e9ny\u00e9vekre inn\u00e9t ugyanaz a h\u00edr milyen puszt\u00edt\u00e1st v\u00e9gez&#8230;.<br \/>\nMert nem tudott m\u00e1st felt\u00e9telezni Gajdos\u00e9k reakci\u00f3it illet\u0151en, mint ahogy legal\u00e1bb annyira nem felt\u00e9telezett hasonl\u00f3t a csal\u00e1dja r\u00e9sz\u00e9r\u0151l &#8211; \u00e9s j\u00f3l gondolta. Ink\u00e1bb csak meglepettek \u00e9s tan\u00e1cstalanok voltak &#8211; t\u00fal nagy v\u00e1lt\u00e1s volt ez ahhoz k\u00e9pest, hogy a legut\u00f3bbi tal\u00e1lkoz\u00e1skor Attila m\u00e9g f\u00fcggetlen \u00e9s kicsit elveszett volt. A b\u00e1tyjai megeresztettek n\u00e9h\u00e1ny halv\u00e1ny po\u00e9nt arr\u00f3l, hogy v\u00e9g\u00fcl is a legklasszikusabb f\u00e9rjfog\u00e1si m\u00f3d, de Attila le\u00e1ll\u00edtotta \u0151ket.<br \/>\n&#8211; Nem k\u00e9rte, hogy vegyem el. \u00c9s nem is az\u00e9rt teszem &#8211; ez \u2026 csak meggyors\u00edtotta.<br \/>\n&#8211; H\u00e1t el\u00e9gg\u00e9 meg\u2026 &#8211; d\u00f6rm\u00f6gte az apja. Attila m\u00e9g nem mondta el, ki is Judit. De annak is meg kellett lennie. Mint mindig &#8211; az anyja seg\u00edtett.<br \/>\n&#8211; Mondasz r\u00f3la valamit, kisfiam? Hogyan ismerted meg? \u00c9s a csal\u00e1dja?<br \/>\n&#8211; Pszichol\u00f3gus. A tel\u00f3mon vannak k\u00e9pek, majd megmutatom. Am\u00fagy a f\u0151n\u00f6k\u00f6m l\u00e1nya.<br \/>\n&#8211; Hopp\u00e1 &#8211; mondta ironikusan, elismer\u0151en J\u00f3zsi.<br \/>\n&#8211; J\u00e9zusom &#8211; kontr\u00e1zott a feles\u00e9ge, Zsuzsa kicsit irigy hangon. &#8211; \u00c9s \u0151k mit sz\u00f3ltak?<br \/>\n&#8211; Nem tudom\u2026 Judit ma jelenti be.<br \/>\n&#8211; Mit sz\u00f3ln\u00e1nak? &#8211; mondta M\u00e9sz\u00e1ros Julianna t\u0151le szokatlan indulattal. &#8211; Attil\u00e1nak csak \u00f6r\u00fclhetnek. Vagy mire gondolsz, Zsuzsik\u00e1m?<br \/>\n&#8211; J\u00f3, mama, persze, de az\u00e9rt lehet, hogy \u00fagy fogj\u00e1k fel, hogy Attila j\u00f3 \u00fczletet csin\u00e1lt&#8230;Nyilv\u00e1n nem err\u0151l van sz\u00f3, de egy\u00e9bk\u00e9nt az\u00e9rt azt csin\u00e1lt, nem?<br \/>\n&#8211; Mert az baj? &#8211; sz\u00f3lt k\u00f6zbe Attila apja, aki az\u00f3ta, hogy kider\u00fclt Judit csal\u00e1di h\u00e1ttere, fel\u00e9l\u00e9nk\u00fclt.<br \/>\n&#8211; H\u00e1t Attil\u00e1nak nem &#8211; mondta Laci, \u00e9s felnevetett.<br \/>\n&#8211; Mit akartok mondani? Hogy Attila nem lesz el\u00e9g j\u00f3 nekik? Vagy mi? &#8211; k\u00e9rdezte M\u00e9sz\u00e1ros Julianna. Kis piros foltok jelentek meg az arc\u00e1n.<br \/>\n&#8211; Anya.\u2026 nyugi &#8211; mondta Attila. &#8211; Az\u00e9rt az is \u00e9rthet\u0151 lenne, ha ez az esz\u00fckbe jutna. De.\u2026Gajdos j\u00f3l ismer, tudja, hogy nem vagyok ilyen. \u00c9s akkor most nem is szerethetek valakit igaz\u00e1n, csak mert gazdag? Ez h\u00fclyes\u00e9g.<br \/>\n&#8211; Igen. De logikus h\u00fclyes\u00e9g &#8211; jegyezte meg J\u00f3zsi.<br \/>\n&#8211; Na j\u00f3, ebb\u0151l ennyi el\u00e9g &#8211; \u00f6r\u00fclj\u00fcnk ink\u00e1bb egy\u00fctt! &#8211; \u00e1llt fel Attila apja. &#8211; \u00daj csal\u00e1dtag, \u00e9s j\u00f6n egy \u00fajabb unoka &#8211; erre inni kell. Mama, hozz m\u00e1r pezsg\u0151s poharakat, \u00e9n meg hozok pezsg\u0151t a kamr\u00e1b\u00f3l.<br \/>\n\u00c9s ennyiben maradtak. Hamar s\u00f6t\u00e9tedett, meggy\u00fajtott\u00e1k az els\u0151 gyerty\u00e1t az adventi koszor\u00fan, azt\u00e1n Attila k\u00e9peket mutatott Juditr\u00f3l. Kora este volt m\u00e1r, amikor elmentek a testv\u00e9rei, \u00e9s a nappaliban mell\u00e9\u00fclt az anyja, miut\u00e1n rendbe rakta a konyh\u00e1t.<br \/>\n&#8211; Kisfiam, t\u00e9nyleg ezt akarod? &#8211; k\u00e9rdezte.<br \/>\nVal\u00f3j\u00e1ban Attila nem is nagyon tette fel mag\u00e1nak ezt a k\u00e9rd\u00e9st id\u00e1ig. Az ezzel j\u00e1r\u00f3 fesz\u00fclts\u00e9get &#8211; Judit csal\u00e1dj\u00e1nak reakci\u00f3ja &#8211; nem nagyon akarta, de ha ezen t\u00falvan &#8211; a t\u00f6bbit: igen, igen, akarta.<br \/>\n&#8211; T\u00e9nyleg, anya.<br \/>\n&#8211; J\u00f3l van\u2026 helyes kisl\u00e1ny. &#8211; Attila arra gondolt, mennyire nem illik ez a &#8222;helyes kil\u00e1ny&#8221; Juditra. &#8211; \u00c9s ne engedd, hogy len\u00e9zzenek.<br \/>\n&#8211; Err\u0151l sz\u00f3 sincs, anya, ne agg\u00f3dj &#8211; sim\u00edtotta meg anyja kez\u00e9t Attila. &#8222;Agg\u00f3dok helyetted is&#8221; &#8211; gondolta, mert a telefonj\u00e1ra m\u00e9g mindig nem j\u00f6tt semmi \u00fczenet Juditt\u00f3l, hab\u00e1r emberi sz\u00e1m\u00edt\u00e1sok szerint m\u00e1r r\u00e9g t\u00fal voltak Gajdos\u00e9k is a vacsor\u00e1n, \u00e9s minden bizonnyal a bejelent\u00e9sen is. Csak este 10 k\u00f6r\u00fcl \u00e9rkezett v\u00e9gre sms. &#8221; Megvolt. N\u00e1latok? H\u00edvsz?&#8221;<br \/>\nAttila t\u00e9v\u00e9t n\u00e9zett, a sz\u00fclei m\u00e1r aludtak. Kiment a teraszra, j\u00f3lesett a hideg leveg\u0151.<br \/>\n&#8211; Mes\u00e9lj &#8211; mondta, amikor meghallotta Judit hangj\u00e1t.<\/p>\n<p>Judit nem mes\u00e9lt el mindent, \u00e9s j\u00f3l tette. B\u00e1r igyekezett hangs\u00falyozni, hogy \u00f6r\u00f6mh\u00edrt jelent be, anyja nem sz\u00e1nd\u00e9kozott osztozni semmif\u00e9le \u00f6r\u00f6mben. A h\u00edr hallat\u00e1n felhajtott m\u00e9g egy poh\u00e1r bort &#8211; nem ez volt az els\u0151 aznap este-, azt\u00e1n azt mondta:<br \/>\n&#8211; \u00dcgyes. Ap\u00e1d mindig is mondta, mennyire \u00fcgyes ez az Attila.<br \/>\n&#8211; Nem is ismered.<br \/>\n&#8211; \u00c9s k\u00e9ne?<br \/>\n&#8211; H\u00e1t \u00e9ppen lett volna r\u00e1 alkalmad. Akkor tal\u00e1n nem mondan\u00e1l ilyeneket r\u00f6gt\u00f6n.<br \/>\n&#8211; \u00d3, h\u00e1t most majd lesz alkalmam megismerni, nemdeb\u00e1r? Gondolom, ugyanolyan lelkesen be fog \u00e9p\u00fclni a csal\u00e1dba, ahogy G\u00e9zuka, a nagy, meg nem \u00e9rtett fest\u0151zseni\u2026 Anna m\u00e9g csak hagyj\u00e1n, de T\u00e9ged okosabbnak gondoltalak&#8230;<br \/>\n&#8211; El\u00e9g, \u00c9va! &#8211; \u00e1llt fel Gajdos. Kicsit j\u00e1rk\u00e1lt a szob\u00e1ban, miel\u0151tt megsz\u00f3lalt:<br \/>\n&#8211; Szereted?<br \/>\n&#8211; Igen.<br \/>\n&#8211; Mi\u00f3ta tart?<br \/>\n&#8211; Igaz\u00e1b\u00f3l j\u00fanius \u00f3ta, de volt egy h\u00f3nap sz\u00fcnet\u2026 miattam. \u00c9s nem nagyon akart \u00fajra k\u00f6t\u00e9lnek \u00e1llni. Csak hogy tudd, anya.<br \/>\n&#8211; Mondtam, hogy \u00fcgyes &#8211; nevetett fel g\u00fanyosan Gajdosn\u00e9.<br \/>\n&#8211; M\u00e9rt nem v\u00e9dekeztetek?<br \/>\n&#8211; V\u00e9dekezt\u00fcnk.<br \/>\n&#8211; Biztos?<br \/>\n-Biztos.<br \/>\nGajdos megint hosszabban hallgatott. Azt\u00e1n a feles\u00e9g\u00e9hez fordult.<br \/>\n&#8211; Az ilyesmi &#8211; a gyerek &#8211; sose a f\u00e9rfi d\u00f6nt\u00e9se, ugye ezt tudod? &#8230;Ez egy \u00f6ntudatos, b\u00fcszke fi\u00fa\u2026 \u00e9s tehets\u00e9ges, okos. J\u00f3\u2026 nem gazdag, de nem is szeg\u00e9ny. Egy kis eg\u00e9szs\u00e9ges v\u00e9rfriss\u00edt\u00e9s nem \u00e1rt a csal\u00e1dnak&#8230;<br \/>\n&#8211; Nem lesz egy kicsit sok a friss v\u00e9rb\u0151l? &#8211; k\u00e9rdezte Gajdosn\u00e9.<br \/>\n&#8211; Anya, undor\u00edt\u00f3 vagy &#8211; s\u00edrta el mag\u00e1t Judit.<br \/>\n&#8211; \u00c9va, el\u00e9g &#8211; mondta Gajdos azon a nyugodt, hideg hangj\u00e1n, amit\u0151l a feles\u00e9ge mindig visszavonul\u00f3t f\u00fajt. &#8211; Judit, te meg \u00e9rtsd meg kicsit any\u00e1dat is. Mindannyian tudjuk, hogy G\u00e9za a p\u00e9nz\u00e9rt vette el Ann\u00e1t, vagy az\u00e9rt IS. M\u00e1ssal nem magyar\u00e1zhat\u00f3 a gyorsas\u00e1g, amivel t\u00f6rt\u00e9nt. az\u00f3ta se keres egy vasat sem, viszont boldogan \u00e9l a p\u00e9nz\u00fcnkb\u0151l. J\u00f3, majd egyszer tal\u00e1n elismert fest\u0151 lesz, sok p\u00e9nzzel. Na k\u00edv\u00e1ncsi leszek, akkor is ilyen lelkesen demonstr\u00e1lja-e, mennyire odavan a feles\u00e9g\u00e9\u00e9rt. Legyen \u00edgy, de nem tudom\u2026 Az nekem is elviselhetetlen gondolat lenne, hogy veled is ez t\u00f6rt\u00e9njen\u2026 de Attila ismeret\u00e9ben hajlok arra, hogy itt m\u00e1sr\u00f3l van sz\u00f3. \u00c9s a siets\u00e9g oka is egy\u00e9rtelm\u0171\u2026 B\u00e1r nem \u00e9rtem, err\u0151l &#8211; m\u00e1rmint, hogy egy\u00fctt vagytok &#8211; m\u00e9rt csak most hallok el\u0151sz\u00f6r.<br \/>\n&#8211; Err\u0151l sokat besz\u00e9lt\u00fcnk, Attila nagyon fesz\u00fclt emiatt.<br \/>\n&#8211; \u00d3, az az \u00e9rz\u00e9keny, nemes l\u00e9lek! &#8211; s\u00f3hajtott fel Gajdosn\u00e9, de f\u00e9rje pillant\u00e1sa el is n\u00e9m\u00edtotta.<br \/>\n&#8211; Igen, anya, igen\u2026 ebben most kiv\u00e9telesen igazad van &#8211; \u00e9rz\u00e9keny \u00e9s nemes l\u00e9lek, \u00e9s b\u00e1ntotta, hogy ebben a bizalmi \u00e1ll\u00e1sban van egy titka, de \u00e9n nem akartam, hogy elmondja &#8211; mert ez mag\u00e1n\u00e9let. A maga idej\u00e9ben megt\u00f6rt\u00e9nt volna\u2026 K\u00e9rlek, apa, ne b\u00e1ntsd emiatt!<br \/>\n&#8211; Nincs sz\u00e1nd\u00e9komban, de nyilv\u00e1n nem tehetek most m\u00e1r \u00fagy, mint aki nem tud semmir\u0151l.<br \/>\n&#8211; Nem is kell &#8211; \u0151 is otthon van, \u00e9s most m\u00e1r az \u0151 csal\u00e1dja is tudja, mi a helyzet.<br \/>\n&#8211; \u00c9s mit is csin\u00e1l ez a csal\u00e1d? &#8211; k\u00e9rdezte az anyja.<br \/>\n&#8211; Nem p\u00e9nzt &#8211; mert gondolom, erre vonatkozott a k\u00e9rd\u00e9sed, a t\u00f6bbi munka Neked nem sz\u00e1m\u00edt.<br \/>\n&#8211; Judit, fogd vissza magad &#8211; sz\u00f3lt r\u00e1 az apja. &#8211; \u00c9n is szeretn\u00e9m tudni.<br \/>\n&#8211; Van k\u00e9t b\u00e1ty, az apjukkal dolgoznak aut\u00f3szerel\u0151k\u00e9nt, az \u00e9desanyja bolti p\u00e9nzt\u00e1ros. \u00dcberciki, ugye, anya?<br \/>\nGajdosn\u00e9 hallgatott, ivott egy \u00fajabb poh\u00e1r bort.<br \/>\n&#8211; Ne igy\u00e1l t\u00f6bbet &#8211; mondta Gajdos, azt\u00e1n Judit fel\u00e9 fordult.<br \/>\n&#8211; \u00c9s j\u00f3l vagy?<br \/>\n&#8211; Nagyj\u00e1b\u00f3l. Ki tudn\u00e1m aludni magam a vil\u00e1gb\u00f3l, meg reggel n\u00e9ha h\u00e1nyinger &#8211; de semmi komoly.<br \/>\n&#8211; Orvosod van? Tudunk sz\u00f3lni ismer\u0151snek.<br \/>\n&#8211; Van. J\u00f3nak t\u0171nik. De majd megl\u00e1tjuk.<br \/>\n&#8211; J\u00f3. Most megy\u00fcnk &#8211; mindenki alszik r\u00e1 egyet.<br \/>\nA kocsiban Gajdos azt mondta a feles\u00e9g\u00e9nek:<br \/>\n&#8211; N\u00e9ha igaz\u00e1n figyelhetn\u00e9l arra, miket mondasz.<br \/>\n&#8211; Ezt te mondod, aki k\u00e9pes volt &#8222;v\u00e9rfriss\u00edt\u00e9sr\u0151l &#8221; besz\u00e9lni?&#8230; Mintha egy belterjes, degener\u00e1lt csal\u00e1d lenn\u00e9nk, csupa idi\u00f3t\u00e1val\u2026 &#8211; kontr\u00e1zott az asszony. Aznap este t\u00f6bbet nem is sz\u00f3ltak egym\u00e1shoz.<\/p>\n<hr \/>\n<p><em>Folytatjuk<\/em><\/p>\n","protected":false},"excerpt":{"rendered":"<p>Attila arra gondolt, hazautazik a h\u00e9tv\u00e9g\u00e9n, az els\u0151 adventi vas\u00e1rnapot am\u00fagy is \u00edgy tervezte, \u00e9s besz\u00e9l a sz\u00fcleivel. Megpr\u00f3b\u00e1lja felk\u00e9sz\u00edteni \u0151ket. Ami Gajdost illeti, abban maradtak, hogy Judit megh\u00edvja a sz\u00fcleit adventi vacsor\u00e1ra, ahol mindent elmond. Attila n\u00e9lk\u00fcl. Mindketten azt gondolt\u00e1k, jobb lesz \u00edgy. Judit az\u00e9rt, mert ismerte az anyj\u00e1t. Attila pedig nem akarta l\u00e1tni, [&hellip;]<\/p>\n","protected":false},"author":3,"featured_media":0,"comment_status":"open","ping_status":"open","sticky":false,"template":"","format":"standard","meta":{"_monsterinsights_skip_tracking":false,"_monsterinsights_sitenote_active":false,"_monsterinsights_sitenote_note":"","_monsterinsights_sitenote_category":0,"ngg_post_thumbnail":0,"footnotes":""},"categories":[6],"tags":[],"class_list":["post-97617","post","type-post","status-publish","format-standard","hentry","category-regeny"],"_links":{"self":[{"href":"https:\/\/ujkafe.website\/index.php?rest_route=\/wp\/v2\/posts\/97617","targetHints":{"allow":["GET"]}}],"collection":[{"href":"https:\/\/ujkafe.website\/index.php?rest_route=\/wp\/v2\/posts"}],"about":[{"href":"https:\/\/ujkafe.website\/index.php?rest_route=\/wp\/v2\/types\/post"}],"author":[{"embeddable":true,"href":"https:\/\/ujkafe.website\/index.php?rest_route=\/wp\/v2\/users\/3"}],"replies":[{"embeddable":true,"href":"https:\/\/ujkafe.website\/index.php?rest_route=%2Fwp%2Fv2%2Fcomments&post=97617"}],"version-history":[{"count":0,"href":"https:\/\/ujkafe.website\/index.php?rest_route=\/wp\/v2\/posts\/97617\/revisions"}],"wp:attachment":[{"href":"https:\/\/ujkafe.website\/index.php?rest_route=%2Fwp%2Fv2%2Fmedia&parent=97617"}],"wp:term":[{"taxonomy":"category","embeddable":true,"href":"https:\/\/ujkafe.website\/index.php?rest_route=%2Fwp%2Fv2%2Fcategories&post=97617"},{"taxonomy":"post_tag","embeddable":true,"href":"https:\/\/ujkafe.website\/index.php?rest_route=%2Fwp%2Fv2%2Ftags&post=97617"}],"curies":[{"name":"wp","href":"https:\/\/api.w.org\/{rel}","templated":true}]}}