
{"id":97627,"date":"2021-09-16T02:50:22","date_gmt":"2021-09-16T02:50:22","guid":{"rendered":"https:\/\/ujkafe.website\/?p=97627"},"modified":"2021-09-16T05:00:11","modified_gmt":"2021-09-16T05:00:11","slug":"albert-csilla-halvanyvoros-es-halvanyfekete-42-parafrazis-regeny-tortenik-a-2020-as-evek-elejen","status":"publish","type":"post","link":"https:\/\/ujkafe.website\/?p=97627","title":{"rendered":"Albert Csilla: Halv\u00e1nyv\u00f6r\u00f6s \u00e9s halv\u00e1nyfekete (42) \/ Parafr\u00e1zis-reg\u00e9ny \/ T\u00f6rt\u00e9nik a 2020-as \u00e9vek elej\u00e9n"},"content":{"rendered":"<p>H\u00e9tf\u0151 reggel Attila beszorult gyomorral \u00e9rkezett az irod\u00e1ba. Gajdos m\u00e1r bent volt, hallotta a motoz\u00e1s\u00e1t, azt\u00e1n azt, hogy hosszan telefon\u00e1l. M\u00e1r f\u00e9l 10 fel\u00e9 j\u00e1rt, amikor kin\u00e9zett az ajtaj\u00e1n, \u00e9s csak annyit mondott:<br \/>\n&#8211; Attila, ma eb\u00e9deljen velem. Van itt a k\u00f6zelben egy \u00e9tterem, j\u00f3 a konyh\u00e1ja.<br \/>\nAttila b\u00f3lintott, \u00e9s komoly k\u00e9ts\u00e9gei voltak, vajon egyetlen falatot le tud-e nyelni majd. Kocsival mentek, vezet\u00e9s k\u00f6zben Gajdos hallgatott, Attila n\u00e9h\u00e1nyszor megk\u00f6sz\u00f6r\u00fclte a tork\u00e1t. Tapinthat\u00f3 volt a fesz\u00fclts\u00e9g, ami azonban szinte r\u00f6gt\u00f6n old\u00f3dott, ahogy az asztalhoz \u00fcltek. Csendes volt az \u00e9tterem, kor\u00e1n \u00e9rkeztek &#8211; f\u00e9l 12 volt.<!--more--><br \/>\n&#8211; Attila &#8211; kezdte Gajdos -, mindketten tudjuk ennek az eb\u00e9dnek az ok\u00e1t&#8230; azon k\u00edv\u00fcl, hogy itt t\u00e9nyleg j\u00f3 a konyha. Judit tegnap mindent elmondott\u2026 vagyis mindent, amir\u0151l \u00fagy gondolta, hogy r\u00e1nk tartozik.<br \/>\n&#8211; Igen, tudom\u2026 &#8211;\u00a0 mondta Attila, \u00e9s szorongva v\u00e1rt.<br \/>\n&#8211; Na &#8211; s\u00f3hajtott Gajdos, \u00e9s megfordult, hogy intsen a pinc\u00e9rnek -, akkor erre &#8211; munkaid\u0151 ide vagy oda &#8211; iszunk egyet. Ann\u00e1l is ink\u00e1bb, mert tegez\u0151d\u00e9shez k\u00f6telez\u0151 kell\u00e9k.<br \/>\nAttila alig hitt a f\u00fcl\u00e9nek. Sokkal kem\u00e9nyebb menetre sz\u00e1m\u00edtott. Persze \u00edgy se volt k\u00f6nny\u0171, b\u00e1rmennyire nagyvonal\u00faan ind\u00edtott Gajdos, mert \u00e1lland\u00f3an arra v\u00e1rt, mikor fogja sz\u00e1mon k\u00e9rni a hallgat\u00e1s\u00e1t, vagy csup\u00e1n felvetni, val\u00f3ban Judit \u00e9s nem a gazdag csal\u00e1d kell-e neki. Volt egy-k\u00e9t erre elk\u00e9sz\u00edtett frapp\u00e1ns mondata, de nem volt r\u00e1 sz\u00fcks\u00e9g. Gajdos l\u00e1tta, hogy Judit boldog. \u00c9s biztos volt benne, hogy az \u0151 okos, asszertiv l\u00e1nya nem esik csapd\u00e1ba, tiszt\u00e1n l\u00e1tja Attila \u00e9rt\u00e9keit, \u00e9s a kapcsolat jelleg\u00e9t is meg tudja \u00edt\u00e9lni. \u0150 maga kedvtelve n\u00e9zte Attila intelligens, kicsit zavart, m\u00e9gis b\u00fcszke arc\u00e1t. J\u00f3 lesz \u00edgy. Judit nem v\u00e1lasztott mell\u00e9.<br \/>\n&#8211; Szervusz &#8211; koccintott Attil\u00e1val, aki t\u00e9tov\u00e1n viszonozta a\u00a0 &#8222;szervuszt&#8221;-t.<\/p>\n<p>&#8211; Az\u00e9rt a munkahelyen csak akkor tegezz, ha kettesben vagyunk&#8230; De azt hiszem, mint a l\u00e1nyom f\u00e9rje, nem lenne szerencs\u00e9s a titk\u00e1ri munka mellettem.<br \/>\n&#8211; &#8221; Most kidob?&#8221;- k\u00e9rdezte mag\u00e1ban hitetlenkedve Attila. &#8221; M\u00e9gis itt a farba, csak kij\u00f6tt vele,&#8221;<br \/>\n&#8211; Arra gondoltam &#8211; folytatta Gajdos, &#8211; hogy a kar\u00e1csonyi \u00fcnnepek ut\u00e1n, janu\u00e1rt\u00f3l keres\u00fcnk valami m\u00e1s poz\u00edci\u00f3t. M\u00e1r el\u00e9gg\u00e9 ismered a c\u00e9get, van egy kirendelts\u00e9g\u00fcnk B\u00e9cs mellett. Angol a nyelv &#8211; amivel neked nem lenne semmi gondod. A vezet\u0151j\u00e9t \u00fagyis m\u00e1shova akartam helyezni.<br \/>\n&#8211; Remek\u00fcl hangzik &#8211; mondta Attila dobog\u00f3 sz\u00edvvel.<br \/>\n&#8211; Igen.. .Egyel\u0151re csak egy \u00f6tlet &#8211; de \u2026 van m\u00e9g id\u0151d beletanulni. Besz\u00e9lj Judittal &#8211; \u00e9s megl\u00e1tjuk.<br \/>\nAttil\u00e1t fellelkes\u00edtette ez az elegancia.<br \/>\n&#8211; Szeretn\u00e9m, ha tudn\u00e1d, mennyire nagyra \u00e9rt\u00e9kelem, hogy elfogadod ezt az&#8230; eg\u00e9szet, \u00e9s nem neheztelsz r\u00e1m.<br \/>\n&#8211; Mert k\u00e9ne? &#8211; kapta fel a fej\u00e9t Gajdos. Attila meg\u00e9rtette, hogy hib\u00e1zott. Gajdosnak feltett sz\u00e1nd\u00e9ka volt \u00fagy kezelni a kapcsolat\u00e1t Judittal, mint egy \u00e1tlagos viszonyt, ahol a vonzalmon k\u00edv\u00fcl nem kell m\u00e1s t\u00e9nyez\u0151ket figyelembe venni. Ha \u0151, Attila, m\u00e9gis \u00edgy tesz, akkor figyelembe vette. Megpr\u00f3b\u00e1lt sz\u00e9p\u00edteni:<br \/>\n&#8211; Nem \u2026 de engem az\u00e9rt b\u00e1ntott, hogy egy\u00fctt dolgoztunk, \u00e9s k\u00f6zben Judittal tal\u00e1lkozgattam an\u00e9lk\u00fcl, hogy err\u0151l tudt\u00e1l volna.<br \/>\n&#8211; Judit feln\u0151tt &#8211; a mag\u00e1n\u00e9let\u00e9t illet\u0151en semmilyen bejelent\u00e9si k\u00f6telezetts\u00e9ge nincs &#8211; \u00e9s ilyen nincs a te munkaszerz\u0151d\u00e9sedben sem. &#8211; Gajdos kicsit fesz\u00fclt lett, de amit hallott, nem az volt, ami legink\u00e1bb zavarta &#8211; volna.\u00a0 &#8211; Nyilv\u00e1n ez most m\u00e1r egy m\u00e1s helyzet. &#8211; Azt\u00e1n intett a pinc\u00e9rnek, \u00e9s l\u00e1that\u00f3an nem akart err\u0151l t\u00f6bbet besz\u00e9lni. &#8211; Na, egy poh\u00e1rral m\u00e9g iszunk. Ma csak 6-kor van t\u00e1rgyal\u00e1som, te pedig m\u00e9g ett\u0151l fel tudod venni a telefont.<br \/>\nAttila kicsit er\u0151ltetetten felnevetett, \u00e9s maga is azon volt, hogy m\u00e1sra terelje a sz\u00f3t. A vend\u00e9gl\u0151 lassan ben\u00e9pesedett, t\u00f6bben odaj\u00f6ttek, kezet fogtak Gajdossal, v\u00e1ltottak vele p\u00e1r sz\u00f3t, \u00e9s Attila nagyon h\u00e1l\u00e1s volt nekik, hogy megk\u00f6nny\u00edtik ezt szokatlan, nehezen viselt n\u00e9gyszemk\u00f6ztis\u00e9get. A v\u00e9g\u00e9n a tulajdonos is odaj\u00f6tt az asztalukhoz, \u00e9s azt mondta:<br \/>\n&#8211; Vez\u00e9rigazgat\u00f3 \u00far, a vend\u00e9geim voltak.<br \/>\n&#8211; Nem, Lajosk\u00e1m, semmik\u00e9ppen nem &#8211; r\u00e1zta a fej\u00e9t Gajdos, de \u201d Lajosk\u00e1m&#8221;-at nem lehetett jobb bel\u00e1t\u00e1sra b\u00edrni. A vend\u00e9gl\u0151 kapuj\u00e1ban Gajdos meg\u00e1llt.<br \/>\n&#8211; Attila, lenne m\u00e9g elint\u00e9znival\u00f3m, miel\u0151tt visszamegyek. Negyed\u00f3ra s\u00e9ta, nem gond, ugye?<br \/>\nEnn\u00e9l jobb, minthogy v\u00e9gre mag\u00e1ban marad ezut\u00e1n a t\u00f6bb, mint egy \u00f3r\u00e1s t\u00f6m\u00e9ny fesz\u00fcl\u00e9s ut\u00e1n, nem is t\u00f6rt\u00e9nhetett volna.<br \/>\n&#8211; Persze, ezut\u00e1n a finom eb\u00e9d ut\u00e1n j\u00f3l is fog esni egy kis s\u00e9ta. &#8222;Micsoda h\u00fclye k\u00f6zhelyeket mondok!&#8221;<br \/>\n&#8211; J\u00f3. \u00c1tk\u00fcldtem 2 levelet, k\u00e9rlek, m\u00e9g ma k\u00fcldd \u00e1t a ford\u00edt\u00e1sukat. \u00c9s&#8230; gondolom, ma is tal\u00e1lkozol Judittal&#8230; Esetleg mondd el neki, amir\u0151l besz\u00e9lt\u00fcnk &#8211; ezt a B\u00e9cs melletti munk\u00e1t. Nyilv\u00e1n \u0151t is \u00e9rinti, b\u00e1r \u00fagy tudom, sokat dolgozik online&#8230; \u00c9s: majd szeretn\u00e9nk megismerni mindannyian, a feles\u00e9gem is&#8230;<br \/>\nMiel\u0151tt Attila erre b\u00e1rmit is felelhetett volna, kezet fogott vele, \u00e9s elindult az aut\u00f3ja fel\u00e9. Attila k\u00f3tyagosan, el-elkalandozva s\u00e9t\u00e1lt vissza, egyszer el is v\u00e9tette az utat. Esz\u00e9be jutott, amikor el\u0151sz\u00f6r ment ezeken az utc\u00e1kon Gajdos c\u00e9g\u00e9hez. Mintha egy m\u00e1sik \u00e9letben lett volna&#8230;<\/p>\n<hr \/>\n<p><em>Folytatjuk<\/em><\/p>\n","protected":false},"excerpt":{"rendered":"<p>H\u00e9tf\u0151 reggel Attila beszorult gyomorral \u00e9rkezett az irod\u00e1ba. Gajdos m\u00e1r bent volt, hallotta a motoz\u00e1s\u00e1t, azt\u00e1n azt, hogy hosszan telefon\u00e1l. M\u00e1r f\u00e9l 10 fel\u00e9 j\u00e1rt, amikor kin\u00e9zett az ajtaj\u00e1n, \u00e9s csak annyit mondott: &#8211; Attila, ma eb\u00e9deljen velem. Van itt a k\u00f6zelben egy \u00e9tterem, j\u00f3 a konyh\u00e1ja. Attila b\u00f3lintott, \u00e9s komoly k\u00e9ts\u00e9gei voltak, vajon egyetlen [&hellip;]<\/p>\n","protected":false},"author":3,"featured_media":0,"comment_status":"open","ping_status":"open","sticky":false,"template":"","format":"standard","meta":{"_monsterinsights_skip_tracking":false,"_monsterinsights_sitenote_active":false,"_monsterinsights_sitenote_note":"","_monsterinsights_sitenote_category":0,"ngg_post_thumbnail":0,"footnotes":""},"categories":[6],"tags":[],"class_list":["post-97627","post","type-post","status-publish","format-standard","hentry","category-regeny"],"_links":{"self":[{"href":"https:\/\/ujkafe.website\/index.php?rest_route=\/wp\/v2\/posts\/97627","targetHints":{"allow":["GET"]}}],"collection":[{"href":"https:\/\/ujkafe.website\/index.php?rest_route=\/wp\/v2\/posts"}],"about":[{"href":"https:\/\/ujkafe.website\/index.php?rest_route=\/wp\/v2\/types\/post"}],"author":[{"embeddable":true,"href":"https:\/\/ujkafe.website\/index.php?rest_route=\/wp\/v2\/users\/3"}],"replies":[{"embeddable":true,"href":"https:\/\/ujkafe.website\/index.php?rest_route=%2Fwp%2Fv2%2Fcomments&post=97627"}],"version-history":[{"count":0,"href":"https:\/\/ujkafe.website\/index.php?rest_route=\/wp\/v2\/posts\/97627\/revisions"}],"wp:attachment":[{"href":"https:\/\/ujkafe.website\/index.php?rest_route=%2Fwp%2Fv2%2Fmedia&parent=97627"}],"wp:term":[{"taxonomy":"category","embeddable":true,"href":"https:\/\/ujkafe.website\/index.php?rest_route=%2Fwp%2Fv2%2Fcategories&post=97627"},{"taxonomy":"post_tag","embeddable":true,"href":"https:\/\/ujkafe.website\/index.php?rest_route=%2Fwp%2Fv2%2Ftags&post=97627"}],"curies":[{"name":"wp","href":"https:\/\/api.w.org\/{rel}","templated":true}]}}