
{"id":97803,"date":"2021-09-27T02:50:12","date_gmt":"2021-09-27T02:50:12","guid":{"rendered":"https:\/\/ujkafe.website\/?p=97803"},"modified":"2021-09-26T14:52:18","modified_gmt":"2021-09-26T14:52:18","slug":"szentgyorgyi-laszlo-tabula-rasa","status":"publish","type":"post","link":"https:\/\/ujkafe.website\/?p=97803","title":{"rendered":"Szentgy\u00f6rgyi L\u00e1szl\u00f3: Tabula rasa"},"content":{"rendered":"\r\n<p>Nem t\u00fal gyakori menek\u00fcl\u00e9si, \u00fajrakezd\u00e9si pr\u00f3b\u00e1lkoz\u00e1sainak egyike volt az, amit \u2212 mer\u0151 \u00f6nir\u00f3ni\u00e1b\u00f3l \u2212 tabular\u00e1z\u00e1snak nevezett. Tudta, hogy a m\u00e1soknak megel\u0151legezett, vagy \u00fajra megszavazott bizalomra ugyan tal\u00e1l\u00f3 lehet a megfogalmaz\u00e1s, de abban, hogy valaki val\u00f3ban tiszta lappal kezdheti, illetve folytathatja saj\u00e1t \u00e9lete \u00fajnak v\u00e1gyott fejezet\u00e9t, egy\u00e1ltal\u00e1n nem hitt. \u2212 Valahogy \u00fagy lehet\u00fcnk vele, m\u00e1rmint a tabular\u00e1z\u00e1ssal, ak\u00e1rcsak a szok\u00e1sos \u00faj\u00e9vi fogadalmakkal: egyet-egyet csak siker\u00fcl betartanunk bel\u0151l\u00fck. K\u00f6vetkez\u00e9sk\u00e9ppen nem teljesen hi\u00e1baval\u00f3 a pr\u00f3b\u00e1lkoz\u00e1s. B\u00e1r a tabula rasa v\u00e1gyott \u00e1llapota, ha egy\u00e1ltal\u00e1n volt ilyen, m\u00e9g egyszer az \u00e9letben el nem \u00e9rhet\u0151. Hacsak nem vetik al\u00e1 agymos\u00e1snak az embert \u2013 magyar\u00e1zta.<!--more--><br>\u00dagy tervezte, hogy el\u0151bb elmegy s\u00e1torozni a Hargit\u00e1ra, legal\u00e1bb egy h\u00f3napig nem olvas semmit \u2212 nem is \u00edr! \u2212, majd egy sz\u00e9kelyf\u00f6ldi kisv\u00e1rosba k\u00f6lt\u00f6zik. Abban rem\u00e9nykedett, hogy az \u00faj k\u00f6rnyezetben \u2013 kor\u00e1bbi eml\u00e9keit lehet\u0151leg feledve \u2013 ak\u00e1r \u00faj \u00e9letet is kezdhet. Ekkort\u00f3l sz\u00e1nd\u00e9kozott napl\u00f3t vezetni, amibe friss \u00e9lm\u00e9nyeit r\u00f6gz\u00edtette volna. Tervezte azt is, hogy \u00fajraolvas mindent, amit annak idej\u00e9n fontosnak v\u00e9lt. Volt n\u00e9h\u00e1ny kedvence, mint p\u00e9ld\u00e1ul J\u00f3zsef Attila, de szerette Adyt, Kr\u00fadyt, Babitsot, Kosztol\u00e1nyit, Szab\u00f3 L\u0151rincet, M\u00e1rait, az erd\u00e9lyiek k\u00f6z\u00fcl Tam\u00e1sit, Nyir\u0151t, \u00c1prilyt, valamint S\u00fct\u0151t, Sz\u00e9kely J\u00e1nost, Kir\u00e1ly L\u00e1szl\u00f3t, Farkas \u00c1rp\u00e1dot. \u00c9s v\u00e9g\u00fcl a legfrissebb \u00e9lm\u00e9ny\u00e9t, Fodor \u00c1kost, akinek \u00e9letm\u0171v\u00e9re nemr\u00e9g figyelt fel. Az \u00f6r\u00f6k kedvenc azonban Kar\u00e1csony Ben\u0151 maradt. Az \u00e1ltala megrajzolt m\u0171v\u00e9sz, Felm\u00e9ri K\u00e1zm\u00e9r alakja n\u0151tt legink\u00e1bb a sz\u00edv\u00e9hez, hagyta a legm\u00e9lyebb nyomot benne. Legink\u00e1bb az \u00e9lethez val\u00f3 viszonyul\u00e1s\u00e1t befoly\u00e1solta: undorodott a t\u00f6rtet\u0151 k\u00f6ny\u00f6kl\u00e9snek, a szem\u00e9tdombon val\u00f3 \u201e\u00e9lelmes\u201d kapirg\u00e1l\u00e1snak m\u00e9g a gondolat\u00e1t\u00f3l is.<br>Tabular\u00e1z\u00e1si k\u00eds\u00e9rlete bizat\u00f3an indult \u2212 kezdeni szeretett, a folytat\u00e1shoz sz\u00fcks\u00e9ges kitart\u00e1s, \u00e1llhatatoss\u00e1g viszont hi\u00e1nyzott bel\u0151le, elegend\u0151 volt n\u00e9h\u00e1ny v\u00e1ratlan buktat\u00f3, m\u00e1ris feladta \u2212, els\u0151k\u00e9nt a legfontosabbat, a csal\u00e1dj\u00e1t siker\u00fclt meggy\u0151znie. Feles\u00e9ge egy\u00e9bk\u00e9nt is mindenben kitartott mellette, a legrem\u00e9nytelenebb helyzetekben is szil\u00e1rd t\u00e1masza volt, fia saj\u00e1t l\u00e1b\u00e1ra \u00e1llva pr\u00f3b\u00e1lta v\u00e1ltakoz\u00f3 sikerrel megtal\u00e1lni a hely\u00e9t az \u00e9letben. M\u00e9g az \u00faj k\u00f6rnyezet kiv\u00e1laszt\u00e1sa el\u0151tt szabadulni pr\u00f3b\u00e1lt \u00e9lete f\u00f6l\u00f6slegesnek \u00edt\u00e9lt kell\u00e9keit\u0151l, k\u00f6zt\u00fck k\u00f6nyvt\u00e1r\u00e1nak darabjait\u00f3l. A selejtez\u00e9s k\u00f6nny\u0171 volt, a tulajdonk\u00e9ppeni csomagol\u00e1s el\u0151tt m\u00e1r \u00fcresen \u00e1llt a k\u00f6nyvespolc, csup\u00e1n a felsorolt k\u00f6tetek maradtak rajta. A legv\u00e9g\u00e9re nem maradt csup\u00e1n a J\u00f3zsef Attila-\u00f6sszes. Neh\u00e9z sz\u00edvvel ugyan, de v\u00e9g\u00fcl a Kar\u00e1csony-k\u00f6tetekt\u0151l is megv\u00e1lt.<br>A tabular\u00e1z\u00e1s ut\u00e1n igyekezett nem ott folytatni, ahol \u00e9ppen abbahagyta. A kor\u00e1bbiakt\u00f3l teljesen elt\u00e9r\u0151 p\u00e1szm\u00e1n pr\u00f3b\u00e1lkozott meg\u00e9lhet\u00e9s\u00e9t biztos\u00edtani. Mindez elker\u00fclhetetlen\u00fcl \u00faj kapcsolatokkal is j\u00e1rt, de amint azt kezdetben keser\u0171en tapasztalta, a r\u00e9giekt\u0151l sem tudott v\u00e9g\u00e9rv\u00e9nyesen szabadulni. N\u00e9h\u00e1ny fiatalkor\u00e1ban megszakadt bar\u00e1ti kapcsolat fel\u00e9leszt\u00e9s\u00e9re is alkalma ny\u00edlt. P\u00e9ld\u00e1ul annak az egykori oszt\u00e1lyt\u00e1rs\u00e1nak \u00f6r\u00fclt a legjobban, aki m\u00e1r \u00e9vtizedek \u00f3ta ott \u00e9lt a v\u00e1rosban, \u00e9s sz\u00fclei hal\u00e1la ut\u00e1n szinte teljesen elszakadt sz\u00fcl\u0151v\u00e1ros\u00e1t\u00f3l. Sorra, rendre siker\u00fclt fel\u00e9p\u00edtenie \u00faj \u00e9let\u00e9nek kereteit, egyre otthonosabban mozgott a v\u00e1rosban is. Igaz, azt nem \u00e1ll\u00edtotta, hogy sim\u00e1n befogadt\u00e1k, a k\u00f6z\u00f6s fiatalkori eml\u00e9kek, a szocializ\u00e1ci\u00f3s \u00e9lm\u00e9nyek hi\u00e1ny\u00e1ban nem is tehette volna. Ennek ellen\u00e9re sokkal ink\u00e1bb otthon \u00e9rezte mag\u00e1t \u00faj lakhely\u00e9n, mint egyre idegenebb\u00e9 v\u00e1l\u00f3 sz\u00fcl\u0151v\u00e1ros\u00e1ban.<br>A sz\u00e9kelyf\u00f6ldi kaland hirtelen \u00e9rt v\u00e9get. Munk\u00e1ja r\u00e1k\u00e9nyszer\u00edtette r\u00e9gi kapcsolatarendszer\u00e9nek \u00fajraolajoz\u00e1s\u00e1t, k\u00f6zben r\u00e1d\u00f6bbent, minden el\u0151z\u0151 \u00e9let\u00e9hez kapcsol\u00f3d\u00f3 sz\u00e1lat nem v\u00e1ghat el, ez\u00e9rt az arra \u00e9rdemesnek \u00edt\u00e9lteket \u00fajrabogozta. Alig \u00f6t esztend\u0151vel a tabular\u00e1z\u00e1s ut\u00e1n k\u00e9ptelen volt visszautas\u00edtani a kedvez\u0151 \u00e1ll\u00e1saj\u00e1nlatot, amely egy \u00fajabb kezdet lehet\u0151s\u00e9g\u00e9vel is kecsegtetett, s visszak\u00f6lt\u00f6z\u00f6tt sz\u00fcl\u0151v\u00e1ros\u00e1ba.<br>\u2212 S megint el\u00f6lr\u0151l \u2013 tette hozz\u00e1 r\u00f6vid hallgat\u00e1s ut\u00e1n, \u00e9s sejtelmesen mosolygott hozz\u00e1.<br><br><em><strong>Forr\u00e1s: Szentgy\u00f6rgyi L\u00e1szl\u00f3 \u2013 A montevide\u00f3i l\u00e1ny. Bookman Kiad\u00f3, Marosv\u00e1s\u00e1rhely, 2020.<\/strong><\/em><\/p>\r\n","protected":false},"excerpt":{"rendered":"<p>Nem t\u00fal gyakori menek\u00fcl\u00e9si, \u00fajrakezd\u00e9si pr\u00f3b\u00e1lkoz\u00e1sainak egyike volt az, amit \u2212 mer\u0151 \u00f6nir\u00f3ni\u00e1b\u00f3l \u2212 tabular\u00e1z\u00e1snak nevezett. Tudta, hogy a m\u00e1soknak megel\u0151legezett, vagy \u00fajra megszavazott bizalomra ugyan tal\u00e1l\u00f3 lehet a megfogalmaz\u00e1s, de abban, hogy valaki val\u00f3ban tiszta lappal kezdheti, illetve folytathatja saj\u00e1t \u00e9lete \u00fajnak v\u00e1gyott fejezet\u00e9t, egy\u00e1ltal\u00e1n nem hitt. \u2212 Valahogy \u00fagy lehet\u00fcnk vele, m\u00e1rmint a [&hellip;]<\/p>\n","protected":false},"author":3,"featured_media":0,"comment_status":"open","ping_status":"open","sticky":false,"template":"","format":"standard","meta":{"_monsterinsights_skip_tracking":false,"_monsterinsights_sitenote_active":false,"_monsterinsights_sitenote_note":"","_monsterinsights_sitenote_category":0,"ngg_post_thumbnail":0,"footnotes":""},"categories":[23],"tags":[],"class_list":["post-97803","post","type-post","status-publish","format-standard","hentry","category-rovidproza"],"_links":{"self":[{"href":"https:\/\/ujkafe.website\/index.php?rest_route=\/wp\/v2\/posts\/97803","targetHints":{"allow":["GET"]}}],"collection":[{"href":"https:\/\/ujkafe.website\/index.php?rest_route=\/wp\/v2\/posts"}],"about":[{"href":"https:\/\/ujkafe.website\/index.php?rest_route=\/wp\/v2\/types\/post"}],"author":[{"embeddable":true,"href":"https:\/\/ujkafe.website\/index.php?rest_route=\/wp\/v2\/users\/3"}],"replies":[{"embeddable":true,"href":"https:\/\/ujkafe.website\/index.php?rest_route=%2Fwp%2Fv2%2Fcomments&post=97803"}],"version-history":[{"count":0,"href":"https:\/\/ujkafe.website\/index.php?rest_route=\/wp\/v2\/posts\/97803\/revisions"}],"wp:attachment":[{"href":"https:\/\/ujkafe.website\/index.php?rest_route=%2Fwp%2Fv2%2Fmedia&parent=97803"}],"wp:term":[{"taxonomy":"category","embeddable":true,"href":"https:\/\/ujkafe.website\/index.php?rest_route=%2Fwp%2Fv2%2Fcategories&post=97803"},{"taxonomy":"post_tag","embeddable":true,"href":"https:\/\/ujkafe.website\/index.php?rest_route=%2Fwp%2Fv2%2Ftags&post=97803"}],"curies":[{"name":"wp","href":"https:\/\/api.w.org\/{rel}","templated":true}]}}