
{"id":97842,"date":"2021-09-30T02:50:35","date_gmt":"2021-09-30T02:50:35","guid":{"rendered":"https:\/\/ujkafe.website\/?p=97842"},"modified":"2021-09-29T14:11:46","modified_gmt":"2021-09-29T14:11:46","slug":"csata-erno-szekelykapu-allitas-2","status":"publish","type":"post","link":"https:\/\/ujkafe.website\/?p=97842","title":{"rendered":"Csata Ern\u0151: Sz\u00e9kelykapu \u00e1ll\u00edt\u00e1s*"},"content":{"rendered":"\r\n<p>Sz\u00e9kelyf\u00f6ld\u00f6n \u00fcnnep egy ilyen esem\u00e9ny, f\u0151leg, ha a megyei tan\u00e1cs is<br>felkarolja az \u00fcgyet.<br>M\u00e1r kor\u00e1n reggel j\u00f6ttek a farag\u00f3k:<br>J\u00f3ska b\u00e1ty\u00e1m, hoztuk a kaput, ahogy megegyezt\u00fcnk.<!--more--><br>Tegy\u00e9tek le az udvarra, \u00e9s foghatunk is neki fel\u00e1ll\u00edtani, mert a g\u00f6dr\u00f6k m\u00e1r ki vannak \u00e1sva a sasoknak.<br>R\u00e9gen a gyalog sz\u00e9kelyek csak ilyen, galambd\u00fac n\u00e9lk\u00fcli, kicsi kaput \u00e1ll\u00edthattak, ma m\u00e1r ki amilyent akar \u00e9s tud.<br>Ti r\u00e9g felkeltetek, nem vagytok \u00e9hesek?<br>Esz\u00fcnk majd, ha befejezt\u00fck a munk\u00e1t.<br>Ha este fejezitek be?<br>Akkor este esz\u00fcnk, v\u00e1laszolt\u00e1k r\u00f6viden a farag\u00f3k.<br>Ti munk\u00e1s emberek vagytok, ugyan bizony h\u00e1nyszor esztek egy nap?<br>H\u00e1t, eccer-eccer: eccer; \u00e9s eccer-eccer: eccer se.<br>De egy poh\u00e1r szilvap\u00e1link\u00e1t megisztok?<br>Azt nem \u00f6nten\u0151k a csizma sz\u00e1r\u00e1ba.<br>Ide teszem az \u00fcveget az \u00e1rny\u00e9kba, \u00e9s iszogassatok bel\u0151le, mikor akartok, csak meg ne r\u00e9szegedjetek.<br>Azt\u00e1n mindenki v\u00e9gezte a dolg\u00e1t, \u00e1ll\u00edtott\u00e1k a sasokat, d\u00f6ng\u00f6lt\u00e9k a f\u00f6ldet, ki mihez \u00e9rtett, \u00e9s d\u00e9l fel\u00e9 m\u00e1r \u00e1llott is a kapu.<br>Mit v\u00e9ss\u00fcnk a bej\u00e1rat f\u00f6l\u00e9?<br>Azt, hogy \u00e1ll\u00edtotta a feles\u00e9gem, velem.<br>Ezzel a farag\u00f3 elkezdte r\u00f3ni a bet\u0171ket sz\u00e9p sorban, ahogy szokta.<br>Ezen k\u00edv\u00fcl lesz m\u00e9g valami id\u00e9zet is?<br>Lesz bizony \u2013 sz\u00f3lt bele Vilma n\u00e9nje, a h\u00e1z asszonya \u2013, h\u00e1t a m\u00e9rn\u00f6k\u00e9kn\u00e9l is van, n\u00e1lunk m\u00e9rt ne lenne.<br>Mi legyen az?<br>Ott valami olyasmi van, hogy: ak\u00e1rhol l\u00e9gy, otthon l\u00e9gy.<br>Erre azt\u00e1n lett egy nagy kacag\u00e1s, f\u0151leg az \u00e9retts\u00e9gizett unoka nevetett.<br>Mama, azt Tam\u00e1si \u00c1ron mondta, csak nem \u00e9ppen \u00edgy. A m\u00e9rn\u00f6k\u00e9kn\u00e9l az van \u00edrva: ,,Az\u00e9rt vagyunk a vil\u00e1gon, hogy valahol otthon legy\u00fcnk<br>benne\u201d.<br>No, a rosseb enn\u00e9 meg, sz\u00f3lalt meg J\u00f3ska b\u00e1, mit lehet most tenni?<br>V\u00e9g\u00fcl az \u00edr\u00e1stud\u00f3 unoka \u00e1llt el\u0151 egy ment\u0151 \u00f6tlettel:<br>Az o bet\u0171nek kell v\u00e9sni egy kicsi sz\u00e1rat, \u00e9s akkor az lesz, hogy: \u00c1l-<br>l\u00edttatta.<br>Igen, de mi lesz akkor az \u00e9rtelme? \u2013 k\u00e9rdezte J\u00f3ska b\u00e1.<br>Az lesz az \u00e9rtelme, hogy \u201e\u00c1ll\u00edttatta a feles\u00e9gem velem\u201d, magyar\u00e1zta Sanyika, az unoka.<br>Noh\u00e1t, a pokolvar \u00e1lljon bel\u00e9! \u2013 m\u00e9rgel\u0151d\u00f6tt J\u00f3ska b\u00e1 \u2013, m\u00e1r a templomba vagy a kocsm\u00e1ba se tudok nyugodtan elmenni, rajtam fog r\u00f6h\u00f6gni az eg\u00e9sz falu. Nem el\u00e9g, hogy az asszony parancsol, de m\u00e9g a kapura is ki\u00edratom.<\/p>\r\n<hr>\r\n<p><br><em>Csata Ern\u0151 (1952), k\u00f6lt\u0151, Marosv\u00e1s\u00e1rhely<\/em><br><br><em><strong>*Forr\u00e1s: Aranyp\u00e1lca (Humoros r\u00f6vidpr\u00f3za-gy\u0171jtem\u00e9ny) Juventus Kiad\u00f3, Marosv\u00e1s\u00e1rhely, 2021. Szerkesztette B\u00f6l\u00f6ni Domokos<\/strong><\/em><\/p>\r\n","protected":false},"excerpt":{"rendered":"<p>Sz\u00e9kelyf\u00f6ld\u00f6n \u00fcnnep egy ilyen esem\u00e9ny, f\u0151leg, ha a megyei tan\u00e1cs isfelkarolja az \u00fcgyet.M\u00e1r kor\u00e1n reggel j\u00f6ttek a farag\u00f3k:J\u00f3ska b\u00e1ty\u00e1m, hoztuk a kaput, ahogy megegyezt\u00fcnk.<\/p>\n","protected":false},"author":3,"featured_media":0,"comment_status":"open","ping_status":"open","sticky":false,"template":"","format":"standard","meta":{"_monsterinsights_skip_tracking":false,"_monsterinsights_sitenote_active":false,"_monsterinsights_sitenote_note":"","_monsterinsights_sitenote_category":0,"ngg_post_thumbnail":0,"footnotes":""},"categories":[23],"tags":[],"class_list":["post-97842","post","type-post","status-publish","format-standard","hentry","category-rovidproza"],"_links":{"self":[{"href":"https:\/\/ujkafe.website\/index.php?rest_route=\/wp\/v2\/posts\/97842","targetHints":{"allow":["GET"]}}],"collection":[{"href":"https:\/\/ujkafe.website\/index.php?rest_route=\/wp\/v2\/posts"}],"about":[{"href":"https:\/\/ujkafe.website\/index.php?rest_route=\/wp\/v2\/types\/post"}],"author":[{"embeddable":true,"href":"https:\/\/ujkafe.website\/index.php?rest_route=\/wp\/v2\/users\/3"}],"replies":[{"embeddable":true,"href":"https:\/\/ujkafe.website\/index.php?rest_route=%2Fwp%2Fv2%2Fcomments&post=97842"}],"version-history":[{"count":0,"href":"https:\/\/ujkafe.website\/index.php?rest_route=\/wp\/v2\/posts\/97842\/revisions"}],"wp:attachment":[{"href":"https:\/\/ujkafe.website\/index.php?rest_route=%2Fwp%2Fv2%2Fmedia&parent=97842"}],"wp:term":[{"taxonomy":"category","embeddable":true,"href":"https:\/\/ujkafe.website\/index.php?rest_route=%2Fwp%2Fv2%2Fcategories&post=97842"},{"taxonomy":"post_tag","embeddable":true,"href":"https:\/\/ujkafe.website\/index.php?rest_route=%2Fwp%2Fv2%2Ftags&post=97842"}],"curies":[{"name":"wp","href":"https:\/\/api.w.org\/{rel}","templated":true}]}}