
{"id":97844,"date":"2021-09-30T02:53:23","date_gmt":"2021-09-30T02:53:23","guid":{"rendered":"https:\/\/ujkafe.website\/?p=97844"},"modified":"2021-09-29T14:21:11","modified_gmt":"2021-09-29T14:21:11","slug":"cseke-p-peter-latogtas-az-emberkertben","status":"publish","type":"post","link":"https:\/\/ujkafe.website\/?p=97844","title":{"rendered":"Cseke P. P\u00e9ter: L\u00e1togt\u00e1s az emberkertben*"},"content":{"rendered":"\r\n<p>Anya! Ezt n\u00e9zz\u00fck meg! \u0170, milyen \u00e9rdekes. Arra menj\u00fcnk, anya.<br>V\u00e1rj, kisfiam! Ne \u00f6sszevissza. Tegy\u00fck sorrendbe. Most menj\u00fcnk az afrikai r\u00e9szre.<br>Az unalmas, ott minden fekete.<br>Akkor tal\u00e1n az amerikai r\u00e9szre?<br>Azt sem szeretem, \u00e9s az \u00e1zsiai r\u00e9szt is unom m\u00e1r, olyan egyforma.<br>Akkor mi legyen?<br>Menj\u00fcnk az eur\u00f3pai r\u00e9szre, ott mindig van meglepet\u00e9s \u2013 lelkendezett a kis p\u00e1vi\u00e1n.<!--more--> <br>Menj\u00fcnk, mondta az anyuk\u00e1ja, \u00e9s ban\u00e1nt meg popkornt v\u00e1s\u00e1rolt, hogy legyen mit bedob\u00e1lni a r\u00e1cson, hab\u00e1r \u00f6tven m\u00e9terenk\u00e9nt t\u00e1bla jelezte, hogy az emberkert ter\u00fclet\u00e9n tilos az embereket etetni!<br>N\u00e9zd, anya, milyen \u00e9rdekesen \u00e1ll, mintha kar\u00f3t nyelt volna.<br>L\u00e1ssuk, mit \u00edr a t\u00e1bl\u00e1? \u201eA rideg angol\u201d \u2013 \u00e9rdekes faj.<br>Anya! Az emberek k\u00f6z\u00f6s rokonaink?<br>Szerencs\u00e9re nagyon t\u00e1voli rokonok!, kacagott P\u00e1vi\u00e1n mama, ha ilyen tehetetlenek lenn\u00e9nk, mint ezek, m\u00e1r r\u00e9g kihaltunk volna.<br>N\u00e9zd anya, egy m\u00e1sik. Mit \u00edr a t\u00e1bl\u00e1n?<br>\u201eA n\u00e9met vad\u00e1sz!\u201d<br>\u0170, anya! Akkor ez veszedelmes!<br>Van enn\u00e9l vesz\u00e9lyesebb is, fiam. N\u00e9zd ezt: \u201eA szenved\u00e9lyes olasz!\u201d \u201eA f\u00f6sv\u00e9ny sk\u00f3t!\u201d \u201eA harcos ukr\u00e1n!\u201d \u201eA pontos sv\u00e1jci!\u201d<br>Anya! Mikor hazamegy\u00fcnk, nekem veszel egy emberes kifest\u0151t? Tudod, olyan matric\u00e1st!<br>Persze, kicsim.<br>Nek\u00fcnk van otthon emberes k\u00f6nyv\u00fcnk?<br>Sok emberes k\u00f6nyv\u00fcnk van. Megvan egy h\u00edres medv\u00e9nek, Brumnak Az emberek vil\u00e1ga c\u00edm\u0171 k\u00f6nyve. Vagy egy nagyon h\u00edres galambnak, R\u00f3bert Gerl\u00e9nek az Emberi elm\u00e9k k\u00f6nyve.<br>L\u00e9tezett h\u00edres ember?<br>Igen, p\u00e9ld\u00e1ul Tarzan, akit majmok tan\u00edtottak \u00e9s neveltek, ez\u00e9rt tudott \u00e9lni a dzsungelben. K\u00e9pzeld, az iskol\u00e1ban, amikor valaki butas\u00e1got csin\u00e1l, szoktuk mondani: \u201eMekkora ember vagy!\u201d&#8230;<br>N\u00e9zd anya, ott az a ketrec \u00fcres.<br>Mib\u0151l gondolod?<br>Mert nincs el\u0151tte l\u00e1togat\u00f3, \u00e9s benne sem l\u00e1tok mozg\u00e1st.<br>Az m\u00e9g nem jelenti azt, hogy \u00fcres. Lehet, hogy nagyon is veszedelmes ember van benne, csak meg van h\u00faz\u00f3dva az \u00f3lban.<br>De anya, nincs l\u00e1togat\u00f3 el\u0151tte! Ez senkit nem \u00e9rdekel?<br>Lehet, fiam, hogy nem olyan fontos az eur\u00f3pai emberek k\u00f6z\u00f6tt, csak megt\u0171rik az emberkertben.<br>Mit \u00edr a t\u00e1bl\u00e1n?<br>\u201eAz elnyomott sz\u00e9kely!\u201d<br>Mi\u00e9rt van \u00f6sszekarmolva a t\u00e1bla a felirat alatt?<br>Nem karmol\u00e1s, fiam, az egyfajta ter\u00fcletjelz\u00e9s, az a neve, hogy sz\u00e9kely rov\u00e1s.<\/p>\r\n<hr>\r\n<p><em>Cseke P. P\u00e9ter sz\u00edn\u00e9sz (1974), Marosv\u00e1s\u00e1rhely<\/em><br><br><strong><em>* Forr\u00e1s: Aranyp\u00e1lca. (Humoros r\u00f6vidpr\u00f3za-gy\u0171jtem\u00e9ny) Juventus Kiad\u00f3, Marosv\u00e1s\u00e1rhely. 2021. Szerkeszt\u0151: B\u00f6l\u00f6ni Domokos<\/em><\/strong><\/p>\r\n","protected":false},"excerpt":{"rendered":"<p>Anya! Ezt n\u00e9zz\u00fck meg! \u0170, milyen \u00e9rdekes. Arra menj\u00fcnk, anya.V\u00e1rj, kisfiam! Ne \u00f6sszevissza. Tegy\u00fck sorrendbe. Most menj\u00fcnk az afrikai r\u00e9szre.Az unalmas, ott minden fekete.Akkor tal\u00e1n az amerikai r\u00e9szre?Azt sem szeretem, \u00e9s az \u00e1zsiai r\u00e9szt is unom m\u00e1r, olyan egyforma.Akkor mi legyen?Menj\u00fcnk az eur\u00f3pai r\u00e9szre, ott mindig van meglepet\u00e9s \u2013 lelkendezett a kis p\u00e1vi\u00e1n.<\/p>\n","protected":false},"author":3,"featured_media":0,"comment_status":"open","ping_status":"open","sticky":false,"template":"","format":"standard","meta":{"_monsterinsights_skip_tracking":false,"_monsterinsights_sitenote_active":false,"_monsterinsights_sitenote_note":"","_monsterinsights_sitenote_category":0,"ngg_post_thumbnail":0,"footnotes":""},"categories":[23],"tags":[],"class_list":["post-97844","post","type-post","status-publish","format-standard","hentry","category-rovidproza"],"_links":{"self":[{"href":"https:\/\/ujkafe.website\/index.php?rest_route=\/wp\/v2\/posts\/97844","targetHints":{"allow":["GET"]}}],"collection":[{"href":"https:\/\/ujkafe.website\/index.php?rest_route=\/wp\/v2\/posts"}],"about":[{"href":"https:\/\/ujkafe.website\/index.php?rest_route=\/wp\/v2\/types\/post"}],"author":[{"embeddable":true,"href":"https:\/\/ujkafe.website\/index.php?rest_route=\/wp\/v2\/users\/3"}],"replies":[{"embeddable":true,"href":"https:\/\/ujkafe.website\/index.php?rest_route=%2Fwp%2Fv2%2Fcomments&post=97844"}],"version-history":[{"count":0,"href":"https:\/\/ujkafe.website\/index.php?rest_route=\/wp\/v2\/posts\/97844\/revisions"}],"wp:attachment":[{"href":"https:\/\/ujkafe.website\/index.php?rest_route=%2Fwp%2Fv2%2Fmedia&parent=97844"}],"wp:term":[{"taxonomy":"category","embeddable":true,"href":"https:\/\/ujkafe.website\/index.php?rest_route=%2Fwp%2Fv2%2Fcategories&post=97844"},{"taxonomy":"post_tag","embeddable":true,"href":"https:\/\/ujkafe.website\/index.php?rest_route=%2Fwp%2Fv2%2Ftags&post=97844"}],"curies":[{"name":"wp","href":"https:\/\/api.w.org\/{rel}","templated":true}]}}