
{"id":98094,"date":"2021-10-16T02:54:36","date_gmt":"2021-10-16T02:54:36","guid":{"rendered":"https:\/\/ujkafe.website\/?p=98094"},"modified":"2021-10-15T14:46:34","modified_gmt":"2021-10-15T14:46:34","slug":"simo-marton-a-harangkent-szolgalo-rezmozsar","status":"publish","type":"post","link":"https:\/\/ujkafe.website\/?p=98094","title":{"rendered":"Sim\u00f3 M\u00e1rton: A harangk\u00e9nt szolg\u00e1l\u00f3 r\u00e9zmozs\u00e1r"},"content":{"rendered":"\r\n<p><em>Mik\u00e9nt kor\u00e1bban m\u00e1r jelezt\u00fck, B\u00f6l\u00f6ni Domokos bar\u00e1tunk az id\u00e9n bet\u00f6lt\u00f6tte a 75. \u00e9let\u00e9v\u00e9t. Ebb\u0151l az alkalomb\u00f3l lepte meg \u00f6nmag\u00e1t \u00e9s olvas\u00f3it egy \u00fajabb k\u00f6tettel. Az \u00faj k\u00f6nyv vegyes m\u0171faj\u00fa. Nem olyan, amilyennel akarnokok szoktak \u00e9let\u00fck bizonyos fordul\u00f3pontjai k\u00f6zeledt\u00e9vel el\u0151rukkolni, s nem olyan, mint az int\u00e9zm\u00e9nyi \u201ek\u00f6sz\u00f6nt\u0151k\u00f6nyvek\u201d szoknak lenni. Hanem mag\u00e1t\u00f3l \u00e9rtet\u0151d\u0151en reprezentat\u00edv. <strong>A Hargita N\u00e9pe M\u0171hely mell\u00e9klet\u00e9nek m\u00e9ltat\u00e1sa<\/strong>.<\/em><br><!--more--><br><strong>J\u00e1r\u00f3keret a 75.-hez<\/strong> \u2013 ez szerepel alc\u00edmk\u00e9nt a bor\u00edt\u00f3n. Ezzel mindj\u00e1rt mag\u00e1hoz is r\u00e1nt, mag\u00e1val sodor a szerz\u0151, hogy elk\u00eds\u00e9rj\u00fck \u0151t. Hov\u00e1? Merre is? H\u00e1t: oda. Menj\u00fcnk, haladjunk vele az \u00f6reged\u00e9s mezsgy\u00e9in. \u00c9s pr\u00f3b\u00e1ljuk meg\u00e9rteni, felfogni mindazt, ami felfoghatatlan.<br>Sokat nem sajn\u00e1lja vagy sajn\u00e1ltatja \u00f6nmag\u00e1t, hanem beleszabadul a t\u00e9m\u00e1iba, hogy el\u0151bbre l\u00e9pkedve az \u00e9let-erd\u0151 s\u0171r\u0171j\u00e9ben sz\u00f3ljon vissza nek\u00fcnk, hogy n\u00e9h\u00e1ny l\u00e9p\u00e9ssel od\u00e9bb mire sz\u00e1m\u00edthatunk, s mire nem. \u00c9vtizedek \u00f3ta nyilv\u00e1nval\u00f3, hogy \u00edr\u00f3nk a kispr\u00f3za mestere. M\u0171faji szempontb\u00f3l tal\u00e1n a karcolat \u201efekszik neki\u201d legink\u00e1bb, ezekben a kis remekl\u00e9sekben \u00e9rzi j\u00f3l mag\u00e1t. Ilyen vonatkoz\u00e1sban Miksz\u00e1th K\u00e1lm\u00e1n k\u00e9s\u0151i ut\u00f3da. Egyenes \u00e1gon. Ugyanabban, de m\u00e9gis m\u00e1s orsz\u00e1gban. \u00c9s m\u00e1sik id\u0151ben. Tov\u00e1bbfejleszti a j\u00f3 pal\u00f3c st\u00edlus\u00e1t, \u00e9s azokkal a felhangokkal gazdag\u00edtja, amelyek ma d\u00edvnak a Mez\u0151s\u00e9g \u00e9s a Sz\u00e9kelyf\u00f6ld metsz\u00e9spontj\u00e1n, a k\u00fcl\u00f6nb\u00f6z\u0151 erd\u00e9lyi \u201ekontinensek\u201d hat\u00e1rvid\u00e9k\u00e9n, ahov\u00e1 igencsak betette kombin\u00e1lt pat\u00e1j\u00e1t a balk\u00e1ni l\u00f3l\u00e1b. Ez a vid\u00e9k, val\u00f3ban az, \u201eszerette f\u00f6ld\u00fcnk\u201d, de m\u00e9gsem. Itt kell \u00e9ln\u00fcnk, ha a jobb helyek ellen\u00e9ben is, tal\u00e1n szerelemb\u0151l az elk\u00e1rhoz\u00e1snak ezt a m\u00f3dj\u00e1t, ezt az \u00e1t-nem-hidal\u00f3 megold\u00e1st v\u00e1lasztottuk. Miel\u0151tt m\u00e9g\u2026<!--more--><br>Egy pillanatra sem szabad k\u00e9ts\u00e9gbeesn\u00fcnk, hiszen l\u00e1tjuk, hogy B\u00f6l\u00f6ni sem f\u00e9l. Azt mondja, hogy k\u00fcl\u00f6n\u00f6sebben nem f\u00e1j az \u00f6reged\u00e9s, el lehet viselni, \u00e9s \u00e1ltal\u00e1ban kib\u00edrhat\u00f3. Felfog\u00e1s k\u00e9rd\u00e9se. \u201eHa pap voln\u00e9k \u2013 \u00edrja a k\u00f6tet h\u00e1tlapj\u00e1n tal\u00e1lhat\u00f3 \u2019haszn\u00e1lati utas\u00edt\u00e1sban\u2019 \u2013, minden temet\u00e9sen zokogva b\u00facs\u00faztatn\u00e1m az elhunytat.\u201d Hogy az \u00edr\u00f3 mire k\u00e9pes? Megfigyel. Elemez. Kiragad bizonyos r\u00e9szleteket. Felmutat. Nem hal bele. De mi sem. Ott van vel\u00fcnk, egy\u00fctt l\u00e9pdel minden \u00e9let- \u00e9s hal\u00e1lhelyzetben. A szatirikus szeml\u00e9letm\u00f3ddal seg\u00edt nek\u00fcnk, hogy nehogy elzsibbadjunk, s ne f\u00e1suljunk bele az elviselhetetlenbe, hanem \u00e9rdekl\u0151dve, l\u00e1t\u00f3 szemmel, \u00e9rt\u0151 f\u00fcllel, mindenre nyitott tudattal j\u00e1rjunk-kelj\u00fcnk a vil\u00e1gban, \u00e9s legy\u00fcnk k\u00e9pesek arra, hogy \u00e9let\u00fcnk \u00f6nn\u00f6n mozij\u00e1ban \u00fclve, ne a m\u00e1s m\u0171vi nyomor\u00fas\u00e1g\u00e1n s\u00edrjunk-nevess\u00fcnk, hanem a magunk\u00e9val ismerkedj\u00fcnk. Mert ez a mi\u00e9nk. T\u00e9nyleg?! \u00c9s nem is olyan rossz. Ennyi. Annyi. Lehet, hogy kev\u00e9snek t\u0171nik, de a mi talentumaink r\u00e9v\u00e9n lesz d\u00fas, \u00e9rtelmes \u00e9s jelent\u0151s\u00e9ggel tel\u00edtett. De sosem teljes.<br>A k\u00f6tetben szerepl\u0151 \u00edr\u00e1sok egy r\u00e9sz\u00e9vel m\u00e1r itt-ott tal\u00e1lkozhattunk. A f\u0151- \u00e9s mell\u00e9kalakokkal \u00fagyszint\u00e9n. Magam t\u00f6bb \u201earchet\u00edpust\u201d is felismertem. Olyan szem\u00e9lyek, altereg\u00f3k, \u201ehaverok\u201d, \u201eiv\u00f3cimbor\u00e1k\u201d bukkannak fel, \u00e9lnek, \u201eszuszognak\u201d, t\u00e9bl\u00e1bolnak, gy\u00f6tr\u0151dnek \u00e9s k\u00eds\u00e9rleteznek az \u00fcdv\u00f6z\u00fcl\u00e9ssel a mennyek \u00edg\u00e9rete n\u00e9lk\u00fcl, akik m\u00e1r \u00e9vtizedek \u00f3ta jelen vannak a B\u00f6l\u00f6ni-univerzumban. Nem kell f\u00e9lni t\u0151l\u00fck. Nem vernek \u00e1t. Nem hazudnak. Legfeljebb annyira kisst\u00edl\u0171ek, illetve olykor \u00f6nmagukat naggy\u00e1 \u00e1lmod\u00f3k, mint vagyunk olykor mi magunk. Egyik-m\u00e1sik karcolm\u00e1nyt, anekdot\u00e1t, t\u00f6rt\u00e9netet a szerz\u0151 el\u0151tte tesztelte: a vil\u00e1gh\u00e1l\u00f3 bugyraiba dobta, hadd l\u00e1ss\u00e1k, s hadd r\u00e1g\u00f3djanak rajtuk. \u00c9s a digitaliz\u00e1lt olvas\u00f3k vett\u00e9k a lapot. Hadd vegy\u00e9k most az anal\u00f3g maradiak is a k\u00f6nyv \u00e1ltal!<br>Szat\u00edra, k\u00f6nnyed pr\u00f3za\u2026 Ugyan. J\u00f3val s\u00falyosabb itt minden, ha \u00fagy vessz\u00fck. T\u00e9rj\u00fcnk csak vissza a c\u00edmad\u00f3 \u00edr\u00e1shoz p\u00e1r sz\u00f3 erej\u00e9ig. Tal\u00e1n mi magunk is pr\u00f3b\u00e1ltunk mozs\u00e1rral, meg egy\u00e9b alkalmatoss\u00e1gokkal kongatni. \u201eGy\u00f6ny\u00f6r\u0171en harangoz \u2013 \u00edrja \u2013. Egy kissebecsk\u2019 Atlantisz f\u00e1jdalma cs\u00f6ng ki bel\u0151le.\u201d \u00c9s hogy ne csak a k\u00f6nnyeds\u00e9g legyen tetten \u00e9rhet\u0151, hanem a nosztalgia is, az \u00e9g\u0151 v\u00e1gy, amellyel t\u00e1n hozz\u00e1\u00edrhat a szerz\u0151, s mi hozz\u00e1\u00e9rthet\u00fcnk-\u00e9lhet\u00fcnk ezt-azt az illan\u00f3 jelenben, s a holnapi marad\u00e9k-id\u0151ben: \u201eA bar\u00e1zd\u00e1k szalonn\u00e1j\u00e1n megt\u00f6rik az alkonyi nap r\u0151t l\u00e1ngja. Hideg a f\u00e9ny. Hegyi emberek hajtanak el a Kurvasz\u00f6ktet\u0151 szikla alatt gumir\u00e1dlis szekereikkel. Mi\u00e9rt nem ford\u00edtja le m\u00e1r valaki hollandra \u00c1prilyt?\u201d Mi\u00e9rt nem? Lehets\u00e9ges. Val\u00f3ban leford\u00edthat\u00f3. Azonban f\u0151leg nek\u00fcnk sz\u00f3l. A mi\u00e9nk. K\u00f6nnyen \u00e9rthet\u0151. K\u00f6nnyen \u00e9lhet\u0151, meg\u00e9rthet\u0151 \u00e9s \u00e9rtelmezhet\u0151, ami hangunkon sz\u00f3l, mint B\u00f6l\u00f6ni r\u00e9zmozsara. Olyan besz\u00e9dmodorral, olyan rezonanci\u00e1val, mely \u00e9let\u00fcnk kom\u00e9di\u00e1val vegyes szomor\u00fa-b\u00fas j\u00e1t\u00e9k\u00e1t vet\u00edti itt el\u00e9nk.<br><br><em>B\u00f6l\u00f6ni Domokos: Harangoz egy r\u00e9zmozs\u00e1r. Juventus Kiad\u00f3, Marosv\u00e1s\u00e1rhely, 2021. 180 old.<\/em><br><br><strong>Forr\u00e1s: Hargita N\u00e9pe, M\u0171hely mell\u00e9klet, 2021. okt\u00f3ber 15.<\/strong><\/p>\r\n","protected":false},"excerpt":{"rendered":"<p>Mik\u00e9nt kor\u00e1bban m\u00e1r jelezt\u00fck, B\u00f6l\u00f6ni Domokos bar\u00e1tunk az id\u00e9n bet\u00f6lt\u00f6tte a 75. \u00e9let\u00e9v\u00e9t. Ebb\u0151l az alkalomb\u00f3l lepte meg \u00f6nmag\u00e1t \u00e9s olvas\u00f3it egy \u00fajabb k\u00f6tettel. Az \u00faj k\u00f6nyv vegyes m\u0171faj\u00fa. Nem olyan, amilyennel akarnokok szoktak \u00e9let\u00fck bizonyos fordul\u00f3pontjai k\u00f6zeledt\u00e9vel el\u0151rukkolni, s nem olyan, mint az int\u00e9zm\u00e9nyi \u201ek\u00f6sz\u00f6nt\u0151k\u00f6nyvek\u201d szoknak lenni. Hanem mag\u00e1t\u00f3l \u00e9rtet\u0151d\u0151en reprezentat\u00edv. A Hargita N\u00e9pe [&hellip;]<\/p>\n","protected":false},"author":3,"featured_media":0,"comment_status":"open","ping_status":"open","sticky":false,"template":"","format":"standard","meta":{"_monsterinsights_skip_tracking":false,"_monsterinsights_sitenote_active":false,"_monsterinsights_sitenote_note":"","_monsterinsights_sitenote_category":0,"ngg_post_thumbnail":0,"footnotes":""},"categories":[22],"tags":[],"class_list":["post-98094","post","type-post","status-publish","format-standard","hentry","category-recenzio"],"_links":{"self":[{"href":"https:\/\/ujkafe.website\/index.php?rest_route=\/wp\/v2\/posts\/98094","targetHints":{"allow":["GET"]}}],"collection":[{"href":"https:\/\/ujkafe.website\/index.php?rest_route=\/wp\/v2\/posts"}],"about":[{"href":"https:\/\/ujkafe.website\/index.php?rest_route=\/wp\/v2\/types\/post"}],"author":[{"embeddable":true,"href":"https:\/\/ujkafe.website\/index.php?rest_route=\/wp\/v2\/users\/3"}],"replies":[{"embeddable":true,"href":"https:\/\/ujkafe.website\/index.php?rest_route=%2Fwp%2Fv2%2Fcomments&post=98094"}],"version-history":[{"count":0,"href":"https:\/\/ujkafe.website\/index.php?rest_route=\/wp\/v2\/posts\/98094\/revisions"}],"wp:attachment":[{"href":"https:\/\/ujkafe.website\/index.php?rest_route=%2Fwp%2Fv2%2Fmedia&parent=98094"}],"wp:term":[{"taxonomy":"category","embeddable":true,"href":"https:\/\/ujkafe.website\/index.php?rest_route=%2Fwp%2Fv2%2Fcategories&post=98094"},{"taxonomy":"post_tag","embeddable":true,"href":"https:\/\/ujkafe.website\/index.php?rest_route=%2Fwp%2Fv2%2Ftags&post=98094"}],"curies":[{"name":"wp","href":"https:\/\/api.w.org\/{rel}","templated":true}]}}