
{"id":98214,"date":"2021-10-24T02:51:52","date_gmt":"2021-10-24T02:51:52","guid":{"rendered":"https:\/\/ujkafe.website\/?p=98214"},"modified":"2021-10-23T11:10:42","modified_gmt":"2021-10-23T11:10:42","slug":"szakonyi-karoly-a-matroz-2","status":"publish","type":"post","link":"https:\/\/ujkafe.website\/?p=98214","title":{"rendered":"Szakonyi K\u00e1roly: A matr\u00f3z"},"content":{"rendered":"\r\n<p>\u0150 volt az a matr\u00f3z, aki \u00e9szrevette az \u00e1rbockos\u00e1rb\u00f3l \u2013 amire m\u00e1r epedve, t\u00fcrelmetlen\u00fcl v\u00e1rtak \u2013, s ki\u00e1ltotta: \u2013 F\u00f6ld! F\u00f6ld!\u2026 \u2013 Hogy ujjongtak akkor a t\u00f6bbiek odalenn a fed\u00e9lzeten! M\u00e9g a kapit\u00e1ny is! T\u00e9rdre vetett\u00e9k magukat, s im\u00e1dkoztak; tikkadtan, p\u00fcffedt nyelvvel, rekedten suttogt\u00e1k a h\u00e1l\u00e1t. \u0150 meg \u00f6r\u00f6mk\u00f6nnyeivel k\u00fcszk\u00f6dve \u00e9s dagad\u00f3 kebellel mindegyre csak ki\u00e1ltozta: \u2013 F\u00f6ld! F\u00f6ld!\u2026 \u2013 M\u00e9g akkor sem sz\u0171nt sz\u00e1j\u00e1r\u00f3l a ki\u00e1lt\u00e1s, amikor partot \u00e9rtek, noha hangja beleveszett a rettent\u0151 zsivajba. \u2013 F\u00f6ld! \u2013 rikoltozta egyre; de m\u00e1r senki sem \u00fcgyelt r\u00e1, pedig odakinn, a ny\u00edlt v\u00edzen, a v\u00e1rakoz\u00e1s neh\u00e9z \u00f3r\u00e1iban mennyire az \u00f6v\u00e9 volt a dics\u0151s\u00e9g! M\u00e9gsem f\u00e9kezhette mag\u00e1t, j\u00e1rt-kelt k\u00f6z\u00f6tt\u00fck: \u2013 F\u00f6ld, f\u00f6ld!\u2026 \u2013 ny\u00f6gte hangjavesztetten. \u2013 F\u00f6ld, f\u00f6ld!\u2026 \u2013 Nem fogta fel, hogy lelkendez\u00e9se imm\u00e1r hi\u00e1baval\u00f3. \u2013 Ugye, l\u00e1tod, pajt\u00e1s, f\u00f6ld! Bizony megl\u00e1ttam \u00e9n mindj\u00e1rt az \u00e1rbockos\u00e1rb\u00f3l, a szemem, ak\u00e1r a sas szeme, \u00fagy \u00e1m!\u2026 \u2013 De elmentek mellette, vagy m\u00e9g ink\u00e1bb: f\u00e9lretaszig\u00e1lt\u00e1k az \u00fatb\u00f3l; el voltak foglalva a kik\u00f6t\u00e9s ut\u00e1ni munk\u00e1kkal: l\u00e1d\u00e1kat, hord\u00f3kat, fegyvereket cipeltek a partra, l\u00e1ncot cs\u00f6rgettek, c\u00f6l\u00f6p\u00f6ket vertek a f\u00f6venybe, t\u00fczet gy\u00fajtottak, ny\u00e1rson forgatt\u00e1k a sebtiben elejtett vad h\u00fas\u00e1t, \u00e9s nagyokat kortyoltak a rumb\u00f3l. De \u0151 m\u00e9g meg-megsz\u00f3l\u00edtgatta t\u00e1rsait; tal\u00e1n dics\u00e9retet v\u00e1rt? Mit akart? Ut\u00f3bb azt\u00e1n maga is azt hitte, meghibbant a boldogs\u00e1gt\u00f3l, a dics\u0151s\u00e9gt\u0151l. Nem tudott betelni vele. Azt gondolta tal\u00e1n, hogy \u00f6v\u00e9 az \u00e9rdem? Hiszen a haj\u00f3 mindenk\u00e9ppen partot \u00e9rt volna, ha \u0151 nem l\u00e1tja is meg a f\u00f6ldnyelvet. Alighanem \u00edgy okoskodtak a t\u00f6bbiek mind, maga a kapit\u00e1ny is. Rosszall\u00f3an n\u00e9zt\u00e9k, hogy egyre csak motyog, motyog b\u00f3dultan: \u2013 F\u00f6ld\u2026 f\u00f6ld! \u00c9n l\u00e1ttam meg! \u00c9n!\u2026 \u2013 M\u00e1r csaknem haraggal sz\u00f3ltak r\u00e1, hogy el\u00e9g legyen ebb\u0151l! \u00c9jf\u00e9l fel\u00e9 azt\u00e1n \u0151 is jobbnak l\u00e1tta feledni az eg\u00e9szet. Elcs\u00f6ndesedett h\u00e1t, \u00e9s be\u00e1llt a lakm\u00e1roz\u00f3k t\u00f6meg\u00e9be.<br><br><em><strong>Forr\u00e1s: Szakonyi K\u00e1roly &#8211; Mag\u00e1nyos biciklista. DIA.<\/strong><\/em><\/p>\r\n","protected":false},"excerpt":{"rendered":"<p>\u0150 volt az a matr\u00f3z, aki \u00e9szrevette az \u00e1rbockos\u00e1rb\u00f3l \u2013 amire m\u00e1r epedve, t\u00fcrelmetlen\u00fcl v\u00e1rtak \u2013, s ki\u00e1ltotta: \u2013 F\u00f6ld! F\u00f6ld!\u2026 \u2013 Hogy ujjongtak akkor a t\u00f6bbiek odalenn a fed\u00e9lzeten! M\u00e9g a kapit\u00e1ny is! T\u00e9rdre vetett\u00e9k magukat, s im\u00e1dkoztak; tikkadtan, p\u00fcffedt nyelvvel, rekedten suttogt\u00e1k a h\u00e1l\u00e1t. \u0150 meg \u00f6r\u00f6mk\u00f6nnyeivel k\u00fcszk\u00f6dve \u00e9s dagad\u00f3 kebellel mindegyre csak [&hellip;]<\/p>\n","protected":false},"author":3,"featured_media":0,"comment_status":"open","ping_status":"open","sticky":false,"template":"","format":"standard","meta":{"_monsterinsights_skip_tracking":false,"_monsterinsights_sitenote_active":false,"_monsterinsights_sitenote_note":"","_monsterinsights_sitenote_category":0,"ngg_post_thumbnail":0,"footnotes":""},"categories":[23],"tags":[],"class_list":["post-98214","post","type-post","status-publish","format-standard","hentry","category-rovidproza"],"_links":{"self":[{"href":"https:\/\/ujkafe.website\/index.php?rest_route=\/wp\/v2\/posts\/98214","targetHints":{"allow":["GET"]}}],"collection":[{"href":"https:\/\/ujkafe.website\/index.php?rest_route=\/wp\/v2\/posts"}],"about":[{"href":"https:\/\/ujkafe.website\/index.php?rest_route=\/wp\/v2\/types\/post"}],"author":[{"embeddable":true,"href":"https:\/\/ujkafe.website\/index.php?rest_route=\/wp\/v2\/users\/3"}],"replies":[{"embeddable":true,"href":"https:\/\/ujkafe.website\/index.php?rest_route=%2Fwp%2Fv2%2Fcomments&post=98214"}],"version-history":[{"count":0,"href":"https:\/\/ujkafe.website\/index.php?rest_route=\/wp\/v2\/posts\/98214\/revisions"}],"wp:attachment":[{"href":"https:\/\/ujkafe.website\/index.php?rest_route=%2Fwp%2Fv2%2Fmedia&parent=98214"}],"wp:term":[{"taxonomy":"category","embeddable":true,"href":"https:\/\/ujkafe.website\/index.php?rest_route=%2Fwp%2Fv2%2Fcategories&post=98214"},{"taxonomy":"post_tag","embeddable":true,"href":"https:\/\/ujkafe.website\/index.php?rest_route=%2Fwp%2Fv2%2Ftags&post=98214"}],"curies":[{"name":"wp","href":"https:\/\/api.w.org\/{rel}","templated":true}]}}