
{"id":98399,"date":"2021-11-06T02:50:48","date_gmt":"2021-11-06T02:50:48","guid":{"rendered":"https:\/\/ujkafe.website\/?p=98399"},"modified":"2021-11-05T18:56:41","modified_gmt":"2021-11-05T18:56:41","slug":"ferencz-imre-peremvidek","status":"publish","type":"post","link":"https:\/\/ujkafe.website\/?p=98399","title":{"rendered":"Ferencz Imre: Peremvid\u00e9k"},"content":{"rendered":"\r\n<p>B\u0151 m\u00e1sf\u00e9l \u00e9ve k\u00fcl\u00f6nb\u00f6z\u0151 korl\u00e1toz\u00e1sok szabnak hat\u00e1rokat mindennapi \u00e9let\u00fcnknek. A bez\u00e1rts\u00e1g ideig-\u00f3r\u00e1ig kedvezett az alkot\u00f3knak, b\u0151ven jutott id\u0151 a befejezetlen k\u00e9ziratok v\u00e9gleges\u00edt\u00e9s\u00e9re. Sz\u00e1mos j\u00f3 k\u00e9ziratb\u00f3l k\u00f6nyv lett \u2014 mi t\u00f6bb: j\u00f3 k\u00f6nyv is lett nem egy \u2014 de a k\u00f6nyv \u00fatja a nyomd\u00e1t\u00f3l az olvas\u00f3ig szinte teljes\u00edthetetlen t\u00e1vnak t\u0171nik: elmaradt a k\u00f6nyvbemutat\u00f3k bevett szok\u00e1sa, elmaradtak vagy besz\u0171k\u00fcltek a hagyom\u00e1nyos v\u00e1s\u00e1rok, s az interneten zajl\u00f3 k\u00f6nyvbemutat\u00f3 lehet el\u00e9g arra, hogy megmutatkozzon a szerz\u0151, a kiad\u00f3, de olyan csup\u00e1n, mint a f\u0151z\u0151m\u0171sor: n\u00e9zni lehet, m\u00e9g ak\u00e1r kellemes is a szemnek, de \u00edz\u00e9t-illat\u00e1t nem \u00e9rezni.<!--more--> <br>Online bemutat\u00f3n nem lehet a k\u00f6nyvet k\u00e9zbe venni, nem lehet a szerz\u0151vel megbesz\u00e9lni a felmer\u00fcl\u0151 k\u00e9rd\u00e9seket, \u00e9s nem lehet v\u00e1s\u00e1rolni, dedik\u00e1lni. Azaz a k\u00f6nyv nem jut el az olvas\u00f3hoz.<br><br>Ferencz Imre leg\u00fajabb k\u00f6tete is a ny\u00e1r derek\u00e1n jelent meg. Imm\u00e1r megszoktuk, hogy a term\u00e9keny szerz\u0151 \u00e9vente \u00fajabb k\u00f6tettel lepi meg az olvas\u00f3t, id\u00e9n azonban elmaradt a bemutat\u00e1s lehet\u0151s\u00e9ge. Ugyan\u00fagy, mint sok m\u00e1s k\u00f6nyv\u00e9. Pedig k\u00e1r \u00e9rte, mert a szerz\u0151 hozta a form\u00e1j\u00e1t: folytatta a v\u00e9g\u00e9rv\u00e9nyesen let\u0171n\u0151 hagyom\u00e1nyos paraszti vil\u00e1g v\u00e9g\u00f3r\u00e1inak meg\u00f6r\u00f6k\u00edt\u00e9s\u00e9t, f\u00e1jdalmasan sz\u00e9p sorokba s\u0171r\u00edtve gondolatait. &#8222;Fogynak az es\u00e9lyeim, ami a j\u00f6v\u0151t illeti,\/ f\u00e9lek, hogy belel\u00e9pek egy rozsd\u00e1s szegbe ott,\/ ahol \u00e9ppen most d\u00f3zerolj\u00e1k le a m\u00faltat, \/ s ahol rendszerint nosztalgi\u00e1zva \u00e1csorognak \/ a magamfajt\u00e1k. ..&#8221; \u2014 \u00edrja Egyre ink\u00e1bb c\u00edm\u0171 vers\u00e9ben.<br><br>Jelen k\u00f6tet anyag\u00e1t is ciklusokba szervezte, \u00e9l\u00e9re egy J\u00f3zsef Attila-i hangulatot id\u00e9z\u0151 sz\u00fclet\u00e9snapi verset tett, Hetvenkett\u0151 a c\u00edme, tudom\u00e1sul veszi benne az id\u0151 m\u00fal\u00e1s\u00e1t, de megfogalmazza a rem\u00e9nyt is: \u201e\u00c9lek m\u00e9g, am\u00edg csak lehet, \/ kib\u00edrok m\u00e9g n\u00e9h\u00e1ny telet, \/ rem\u00e9nykedem. <br>A ciklusok c\u00edmsorai alkalmi versbe szervez\u0151dnek, mintegy szint\u00e9zis\u00e9t adva a k\u00f6tetnek. \u00c9letrajzi vallom\u00e1sok, a mindennapok gondjai, a cselekv\u0151 \u00e9s gondolkod\u00f3 \u00e9rtelmis\u00e9gi dilemm\u00e1i \u00e9s t\u00e9pel\u0151d\u00e9sei hatj\u00e1k \u00e1t a sorokat, a versek hol feszes form\u00e1t \u00f6ltenek, hogy l\u00fcktet\u0151 pr\u00f3z\u00e1ban h\u00f6mp\u00f6ly\u00f6gnek, \u00e1tcsapva a k\u00f6tet v\u00e9g\u00e9re l\u00edrai publicisztik\u00e1ba vagy laza sz\u00f6v\u00e9s\u0171 l\u00edr\u00e1ba. Mint maga a szerz\u0151 mondja, a tengerbe \u00f6ml\u0151 foly\u00f3hoz hasonl\u00f3 a k\u00f6tet anyaga, a torkolatn\u00e1l delt\u00e1sodik, tereb\u00e9lyesedik&#8230; A csobog\u00f3, rohan\u00f3 hegyi patak h\u00f6mp\u00f6lyg\u0151 folyamm\u00e1 lesz, de sodr\u00e1sa mindenk\u00e9pp mag\u00e1val ragadja az olvas\u00f3t.<br>B\u00edzzunk benne, hogy miel\u0151bb k\u00f6nyvbemutat\u00f3n tal\u00e1lkozhatunk a szerz\u0151vel \u00e9s leg\u00fajabb k\u00f6nyv\u00e9vel. Addig is megv\u00e1s\u00e1rolhatjuk a Kele K\u00f6nyv V\u00e1rban a Peremvid\u00e9k c. k\u00f6tetet.<em> (Kiad\u00f3 : Pro-Print)<\/em><\/p>\r\n<p><a href=\"https:\/\/ujkafe.website\/wp-content\/uploads\/2021\/11\/peremvidek.jpg\"><img loading=\"lazy\" decoding=\"async\" class=\"alignnone size-full wp-image-98402\" src=\"https:\/\/ujkafe.website\/wp-content\/uploads\/2021\/11\/peremvidek.jpg\" alt=\"\" width=\"286\" height=\"437\" srcset=\"https:\/\/ujkafe.website\/wp-content\/uploads\/2021\/11\/peremvidek.jpg 286w, https:\/\/ujkafe.website\/wp-content\/uploads\/2021\/11\/peremvidek-196x300.jpg 196w\" sizes=\"auto, (max-width: 286px) 100vw, 286px\" \/><\/a><br><br><em><strong>Sar\u00e1ny Istv\u00e1n<\/strong><\/em><br><br><em>Forr\u00e1s: Hargita N\u00e9pe, M\u0171hely mell\u00e9klet, 2021. november 5.<\/em><\/p>\r\n","protected":false},"excerpt":{"rendered":"<p>B\u0151 m\u00e1sf\u00e9l \u00e9ve k\u00fcl\u00f6nb\u00f6z\u0151 korl\u00e1toz\u00e1sok szabnak hat\u00e1rokat mindennapi \u00e9let\u00fcnknek. A bez\u00e1rts\u00e1g ideig-\u00f3r\u00e1ig kedvezett az alkot\u00f3knak, b\u0151ven jutott id\u0151 a befejezetlen k\u00e9ziratok v\u00e9gleges\u00edt\u00e9s\u00e9re. Sz\u00e1mos j\u00f3 k\u00e9ziratb\u00f3l k\u00f6nyv lett \u2014 mi t\u00f6bb: j\u00f3 k\u00f6nyv is lett nem egy \u2014 de a k\u00f6nyv \u00fatja a nyomd\u00e1t\u00f3l az olvas\u00f3ig szinte teljes\u00edthetetlen t\u00e1vnak t\u0171nik: elmaradt a k\u00f6nyvbemutat\u00f3k bevett szok\u00e1sa, elmaradtak [&hellip;]<\/p>\n","protected":false},"author":3,"featured_media":0,"comment_status":"open","ping_status":"open","sticky":false,"template":"","format":"standard","meta":{"_monsterinsights_skip_tracking":false,"_monsterinsights_sitenote_active":false,"_monsterinsights_sitenote_note":"","_monsterinsights_sitenote_category":0,"ngg_post_thumbnail":0,"footnotes":""},"categories":[22],"tags":[],"class_list":["post-98399","post","type-post","status-publish","format-standard","hentry","category-recenzio"],"_links":{"self":[{"href":"https:\/\/ujkafe.website\/index.php?rest_route=\/wp\/v2\/posts\/98399","targetHints":{"allow":["GET"]}}],"collection":[{"href":"https:\/\/ujkafe.website\/index.php?rest_route=\/wp\/v2\/posts"}],"about":[{"href":"https:\/\/ujkafe.website\/index.php?rest_route=\/wp\/v2\/types\/post"}],"author":[{"embeddable":true,"href":"https:\/\/ujkafe.website\/index.php?rest_route=\/wp\/v2\/users\/3"}],"replies":[{"embeddable":true,"href":"https:\/\/ujkafe.website\/index.php?rest_route=%2Fwp%2Fv2%2Fcomments&post=98399"}],"version-history":[{"count":0,"href":"https:\/\/ujkafe.website\/index.php?rest_route=\/wp\/v2\/posts\/98399\/revisions"}],"wp:attachment":[{"href":"https:\/\/ujkafe.website\/index.php?rest_route=%2Fwp%2Fv2%2Fmedia&parent=98399"}],"wp:term":[{"taxonomy":"category","embeddable":true,"href":"https:\/\/ujkafe.website\/index.php?rest_route=%2Fwp%2Fv2%2Fcategories&post=98399"},{"taxonomy":"post_tag","embeddable":true,"href":"https:\/\/ujkafe.website\/index.php?rest_route=%2Fwp%2Fv2%2Ftags&post=98399"}],"curies":[{"name":"wp","href":"https:\/\/api.w.org\/{rel}","templated":true}]}}