
{"id":98463,"date":"2021-11-10T02:58:33","date_gmt":"2021-11-10T02:58:33","guid":{"rendered":"https:\/\/ujkafe.website\/?p=98463"},"modified":"2021-11-08T21:30:48","modified_gmt":"2021-11-08T21:30:48","slug":"sarany-istvan-konyv-az-osszeeskuves-elmeletekrol","status":"publish","type":"post","link":"https:\/\/ujkafe.website\/?p=98463","title":{"rendered":"Sar\u00e1ny Istv\u00e1n: K\u00f6nyv az \u00f6sszeesk\u00fcv\u00e9s-elm\u00e9letekr\u0151l"},"content":{"rendered":"\r\n<p>Minap azon sz\u00f6rny\u00fclk\u00f6dtem, hogy mennyi tudom\u00e1nyos-fantasztikus t\u00f6rt\u00e9net kering k\u00f6zsz\u00e1jon egy-egy adott t\u00e9ma \u2014 f\u0151k\u00e9nt a j\u00e1rv\u00e1ny \u00e9s az olt\u00e1s \u2014 kapcs\u00e1n. Felh\u00e1lor\u00edt\u00f3an fiatal koll\u00e9gan\u0151m kijav\u00edtott: nem tudom\u00e1nyos-fantasztikus t\u00f6rt\u00e9netek ezek, mert akkor val\u00f3s tudom\u00e1nyos alapjuk lenne, csup\u00e1n fantasy-sztorik , amivel az emberek etetik egym\u00e1st. <br>S mennyire igaza van! <br>Mert mi a tudom\u00e1nyos a gy\u00edkemberekhen, a lapos f\u00f6ldben, a h\u00e1rom nemzed\u00e9ken \u00e1t \u00f6r\u00f6kl\u0151d\u0151 medd\u0151s\u00e9gben \u00e9s t\u00e1rsaikhan?<!--more--><br>Err\u0151l jutott eszemhe, hogy szer\u00e9ny m\u00e9ret\u0171, nem t\u00fal felt\u0171n\u0151 kivitelez\u00e9s\u0171 k\u00f6nyvet kaptam post\u00e1n, m\u00e9g a ny\u00e1ron: Kust\u00e1n Magyari Attila akkor m\u00e9g \u00fajs\u00e1g\u00edr\u00f3-koll\u00e9g\u00e1m jegyzi a k\u00f6tetet, amelyben szociol\u00f3giai megk\u00f6zel\u00edt\u00e9sben, a gyakorl\u00f3 \u00fajs\u00e1g\u00edr\u00f3 rutinj\u00e1val, egyszer\u0171 szavakkal, k\u00f6z\u00e9rthet\u0151en, s szinte \u00e9szrev\u00e9tlen\u00fcl didaktikusan \u00edrja le a napjainkban k\u00f6zsz\u00e1jon forg\u00f3 \u00f6sszeesk\u00fcv\u00e9s-elm\u00e9leteket, sz\u00e1mos p\u00e9ld\u00e1t sorakoztatva fel sz\u0171kebb \u00e9s t\u00e1gabb k\u00f6rnyezet\u00fcnkb\u0151l.<br>M\u00e1r a Hubbes L\u00e1szl\u00f3-Attila, a Sapientia egyetem oktat\u00f3ja \u00e1ltal jegyzett el\u0151sz\u00f3 felkeltette a k\u00edv\u00e1ncsis\u00e1gomat: \u201eSz\u00edvesen aj\u00e1nlom teh\u00e1t ezt az \u00e9bred\u0151kr\u0151l sz\u00f3l\u00f3 k\u00f6nyvet a k\u00e9rd\u00e9s ir\u00e1nt \u00e9rdekl\u0151d\u0151knek \u2014 azoknak is, akik \u00f6sszeesk\u00fcv\u00e9sekben hisznek, azoknak is, akik nem hisznek, de nem \u00e9rtik, hogyan hisznek m\u00e1sok, \u00e9s azoknak is, akik hisznek is, meg nem is, \u00e9rtik is, meg nem is. Az \u00e9bred\u0151knek \u00e9s az \u00e1lmatlanoknak \u2014 akiket nyugtalan\u00edtanak korunk rejt\u0151zk\u00f6d\u0151 \u00e9s rejtetlen igazs\u00e1gai.&#8221;<br>A szerz\u0151 is megindokolja azt, \u201eami\u00e9rt az olvas\u00f3t \u00e9rdekelheti a t\u00e9ma&#8221;: \u201enem mindegy, hogy miben hisz\u00fcnk, \u00e9s hogy miben hisznek embert\u00e1rsaink. Az \u00f6sszeesk\u00fcv\u00e9s-elm\u00e9letek, ahogyan az ideol\u00f3gi\u00e1k, a vall\u00e1sok, a hagyom\u00e1nyok, szok\u00e1sok, t\u00e1rsadalmi norm\u00e1k \u00e9s k\u00e9nyszerek is, befoly\u00e1solj\u00e1k a cselekedeteinket.&#8221; A kijelent\u00e9s igazs\u00e1g\u00e1t nap mint nap megtapasztalhatjuk a k\u00f6z\u00f6ss\u00e9gi m\u00e9di\u00e1ban zajl\u00f3 komment\u00f6z\u00f6nt olvasva, k\u00f6zvetlen ismer\u0151seinket, bar\u00e1tainkat, rokonainkat hallgatva, f\u0151k\u00e9nt ami\u00f3ta a vil\u00e1gj\u00e1rv\u00e1ny \u00e9s a k\u00f6vetkezt\u00e9ben meghozott korl\u00e1toz\u00f3 int\u00e9zked\u00e9sek felbor\u00edtott\u00e1k mindennapjainkat, megv\u00e1ltoztatt\u00e1k napi rutinunkat. Az emberek ezel\u0151tt egy j\u00f3 b\u0151 \u00e9vvel m\u00e9g a hatalom meg\u00edt\u00e9l\u00e9se, a politikainak mondott meggy\u0151z\u0151d\u00e9s ment\u00e9n szervez\u0151dtek m\u00e1r-m\u00e1r kib\u00e9k\u00edthetetlen szek\u00e9rt\u00e1borokba, ma m\u00e1r a j\u00e1rv\u00e1nyhoz, az olt\u00e1shoz val\u00f3 viszonyul\u00e1s m\u00e9g m\u00e9lyebb szakad\u00e9kokat hozott l\u00e9tre par\u00e1nyi \u00e9s t\u00f6r\u00e9keny t\u00e1rsadalmunkban.<br>Kust\u00e1n Magyari Attila elemzi a konte\u00f3k k\u00e9mi\u00e1j\u00e1t, fontos \u00f6sszetev\u0151k\u00e9nt jel\u00f6lve meg a tervet \u00e9s a titoktart\u00e1st, lelt\u00e1rba veszi az \u00f6sszeesk\u00fcv\u00e9s-elm\u00e9letek tipol\u00f3gi\u00e1j\u00e1t, majd v\u00e1laszt keres arra a k\u00e9rd\u00e9sre, hogy mi\u00e9rt sz\u00fcletnek ezek az elm\u00e9letek. V\u00e1lasz\u00e1ban k\u00e9t kulcselemet jel\u00f6l meg: a befogad\u00f3 k\u00f6zegben a mint\u00e1k megtal\u00e1l\u00e1s\u00e1ra val\u00f3 hajlamot \u00e9s a s\u00e9r\u00fcl\u00e9keny t\u00e1rsadalmi r\u00e9tegek fog\u00e9konys\u00e1g\u00e1t. <br>A szerz\u0151 k\u00f6rbej\u00e1rja az \u00f6sszeesk\u00fcv\u00e9s-elm\u00e9leteklen h\u00edv\u0151 t\u00e1rsaink meg\u00edt\u00e9l\u00e9s\u00e9t, tud\u00e1suk \u00e9rtelmez\u00e9s\u00e9t \u00e9s besorol\u00e1s\u00e1t, s k\u00eds\u00e9rletet tesz arra is, hogy bemutassa a konte\u00f3k m\u0171k\u00f6d\u00e9s\u00e9t.<br>Izgalmas r\u00e9sze a k\u00f6tetnek a sz\u0171kebb \u00e9s t\u00e1gabb k\u00f6rnyezet\u00fcnkben \u00e9l\u0151 \u00f6sszeesk\u00fcv\u00e9s-elm\u00e9letek sz\u00e1mlav\u00e9tele. Mint \u00edrja, kies haz\u00e1nkban is tal\u00e1lkozhattunk olyan esem\u00e9nyekkel \u00e9s szerepl\u0151kkel, \u201eakik gyakran alkalmaznak\/alkalmaztak \u00f6sszeesk\u00fcv\u00e9s-elm\u00e9leteket a politikai \u00e1ll\u00e1spontok meger\u00f6s\u00edt\u00e9s\u00e9hez&#8221;, nemegyszer felhozva \u201ea magyarok \u00e1sk\u00e1l\u00f3d\u00e1sa \u00e9s Erd\u00e9ly elcsatol\u00e1s\u00e1nak \u00e9vsz\u00e1zados vesz\u00e9lye, de az eg\u00e9szs\u00e9g\u00fcgyi k\u00e1rtya \u00e9s az olt\u00e1sok, a zsid\u00f3knak tulajdon\u00edtott titkos tervek, az LMBTQ-k\u00f6z\u00f6ss\u00e9g akt\u00edv jogv\u00e9delme&#8221; t\u00e9m\u00e1j\u00e1t. De ilyen t\u00e9ma a rendszerv\u00e1lt\u00e1s t\u00f6rt\u00e9n\u00e9sein\u00e9l magyar\u00e1zata, az ellopott forradatom m\u00edtosza s ebben kulcsszerepet j\u00e1tszanak az \u201eidegenek&#8221;, az arab terrorist\u00e1kt\u00f3l kezdve az idegen zsoldosokon \u00e1t a \u201erendbont\u00f3 elemeknek\u201d titul\u00e1lt rom\u00e1kig \u00e9s hulig\u00e1nokig, s\u0151t mag\u00e1t Ceausescut is igyekeztek cig\u00e1nynak vagy tat\u00e1rnak felt\u00fcntetni, mintegy magyar\u00e1zatk\u00e9nt cselekedeteire. A szerz\u0151 kit\u00e9r az olykor felbukkan\u00f3 \u0151sis\u00e9gelm\u00e9letekre, mint pl. az, hogy a rom\u00e1nok \u201ea J\u00f3isten \u00e1ltal az \u00e9deni Daci\u00e1ban hagyott \u0151si n\u00e9p, a g\u00e9ta-d\u00e1kok lesz\u00e1rmazottjai&#8221;&#8216;, vagy az Eminescu nagys\u00e1g\u00e1t bizonygat\u00f3 okfejt\u00e9sekre, t\u00f6bbek k\u00f6z\u00f6tt egy mulats\u00e1gos konspir\u00e1ci\u00f3s t\u00f6rt\u00e9netet is le\u00edr: \u201e2015 m\u00e1jus\u00e1ban jelent meg egy cikk a [Napoca&#8217;News] port\u00e1lon, amely szerint a kolozsv\u00e1ri magyar vend\u00e9gl\u0151s\u00f6k \u00f6sszehangoltan szolg\u00e1lj\u00e1k ki vend\u00e9geiket Nagy-Magyarorsz\u00e1g alak\u00fa s\u00fclt h\u00fassal, mell\u00e9 pedig m\u00e9g egy t\u00e9rk\u00e9pet is adnak a r\u00e9gi Magyarorsz\u00e1gr\u00f3l. Az \u00edr\u00e1s, hogy tov\u00e1bb fokozza a hangulatot, \u00bbkulin\u00e1ris usz\u00edt\u00e1snak\u00ab nevezte az \u00f6sszeesk\u00fcv\u00e9st, felt\u00e9ve a k\u00e9rd\u00e9st, hogy mikor fog az Orsz\u00e1gos Fogyaszt\u00f3v\u00e9delmi Hat\u00f3s\u00e1g ellen\u0151rz\u00e9st tartani az \u00fcgyben.&#8221; De megjelennek \u201eaz ortodox egyh\u00e1z d\u00e9monai&#8221;, mint a v\u00e9d\u0151olt\u00e1sok, az eg\u00e9szs\u00e9g\u00fcgyi k\u00e1rtya, vagy az \u00f6kumenizmus, mint \u201eaz Antiknsztus vall\u00e1sa&#8221;.<br>A szerz\u0151 kit\u00e9r a magyar \u00f6sszeesk\u00fcv\u00e9s-elm\u00e9letekre is, mint az Erd\u00e9lyt ellep\u0151 migr\u00e1nsokt\u00f3l val\u00f3 f\u00e9lelemre, Erd\u00e9ly Rom\u00e1ni\u00e1t\u00f3l val\u00f3 elszakad\u00e1s\u00e1nak t\u00e9nyk\u00e9nt val\u00f3 t\u00e1lal\u00e1s\u00e1ra, a magyarok sz\u00e1rmaz\u00e1st\u00f6rt\u00e9net\u00e9re vonatkoz\u00f3 narrat\u00edv\u00e1kra, a szabadk\u0151m\u0171vesek t\u00e9nyked\u00e9seire, a zsidok meg\u00edt\u00e9l\u00e9s\u00e9re, ugyanakkor lelt\u00e1rt k\u00e9sz\u00edt a glob\u00e1lis \u00e9s k\u00fclf\u00f6ldi \u00f6sszeesk\u00fcv\u00e9s-elm\u00e9letekr\u0151l is.<br>K\u00f6tete v\u00e9g\u00e9n a szerz\u0151 lesz\u00f6gezi: \u201eaz \u00f6sszeesk\u00fcv\u00e9s-elm\u00e9letek rohamos terjed\u00e9se nemcsak az olvas\u00f3k t\u00e1j\u00e9kozatlans\u00e1g\u00e1b\u00f3l, az internetes forr\u00e1sok hiteless\u00e9g\u00e9vel szembeni \u00e9rdektelens\u00e9gb\u0151l fakad, \u00e9s nem is csak abb\u00f3l, hogy a k\u00edn\u00e1lati oldalon \u00e9lnek a lehet\u0151s\u00e9ggel.&#8221; Lehets\u00e9ges okk\u00e9nt jel\u00f6li meg azt, hogy \u201e\u00e1ltal\u00e1nos bizalmatlans\u00e1g alakult ki nemcsak a politik\u00e1val szemben, de a sajt\u00f3val \u00e9s az akad\u00e9miai r\u00e9teggel szemben is.&#8221;<br>Hogy mit hoz a j\u00f6v\u0151? \u201eJelen pillanatban \u00fagy t\u0171nik, a sajt\u00f3 els\u0151sorban [&#8230;] adatokkal t\u00f6lti meg a fej\u00fcnket, amelyeket azonban k\u00e9ptelenek vagyunk \u00e9rtelmezni, vagy ha kapunk is magyar\u00e1zatot, azok nem f\u00f6lt\u00e9tlen\u00fcl el\u00e9gs\u00e9gesek&#8221;.<br>A szerz\u0151 sz\u00e1nd\u00e9ka megval\u00f3sult, r\u00e1vil\u00e1g\u00edtott egy fontos k\u00e9rd\u00e9sre: \u201earra, hogy a gondosan \u0151rizgetett tud\u00e1saink \u00fctk\u00f6znek egy t\u00e9rben, \u00e9s ebben a t\u00e9rben id\u0151nk\u00e9nt vesz\u00e9lyes alternat\u00edv\u00e1k t\u00f6rnek utat, mik\u00f6zben a centrumban l\u00e9v\u0151k gyakran igazs\u00e1gtalanul viseltetnek a perif\u00e9ri\u00e1n l\u00e9v\u0151kkel szemben. Mindenki maga kell hogy m\u00e9rlegelje, mik\u00e9nt igazodik ki ebben a k\u00fczdelemlen.&#8221; Ehhez adott n\u00e9h\u00e1ny fog\u00f3dz\u00f3t a szerz\u0151.<br>K\u00f6nyve nem fantasy, s m\u00e9g csak nem is sci-fi. De seg\u00edt megk\u00fcl\u00f6nb\u00f6ztetni egym\u00e1st\u00f3l e k\u00e9t m\u0171fajt, s mindkett\u0151t a val\u00f3s\u00e1gt\u00f3l.<br><br><em>Forr\u00e1s: Hargita N\u00e9pe, 2021. november 8.<\/em><\/p>\r\n","protected":false},"excerpt":{"rendered":"<p>Minap azon sz\u00f6rny\u00fclk\u00f6dtem, hogy mennyi tudom\u00e1nyos-fantasztikus t\u00f6rt\u00e9net kering k\u00f6zsz\u00e1jon egy-egy adott t\u00e9ma \u2014 f\u0151k\u00e9nt a j\u00e1rv\u00e1ny \u00e9s az olt\u00e1s \u2014 kapcs\u00e1n. Felh\u00e1lor\u00edt\u00f3an fiatal koll\u00e9gan\u0151m kijav\u00edtott: nem tudom\u00e1nyos-fantasztikus t\u00f6rt\u00e9netek ezek, mert akkor val\u00f3s tudom\u00e1nyos alapjuk lenne, csup\u00e1n fantasy-sztorik , amivel az emberek etetik egym\u00e1st. S mennyire igaza van! Mert mi a tudom\u00e1nyos a gy\u00edkemberekhen, a lapos [&hellip;]<\/p>\n","protected":false},"author":3,"featured_media":0,"comment_status":"open","ping_status":"open","sticky":false,"template":"","format":"standard","meta":{"_monsterinsights_skip_tracking":false,"_monsterinsights_sitenote_active":false,"_monsterinsights_sitenote_note":"","_monsterinsights_sitenote_category":0,"ngg_post_thumbnail":0,"footnotes":""},"categories":[22],"tags":[],"class_list":["post-98463","post","type-post","status-publish","format-standard","hentry","category-recenzio"],"_links":{"self":[{"href":"https:\/\/ujkafe.website\/index.php?rest_route=\/wp\/v2\/posts\/98463","targetHints":{"allow":["GET"]}}],"collection":[{"href":"https:\/\/ujkafe.website\/index.php?rest_route=\/wp\/v2\/posts"}],"about":[{"href":"https:\/\/ujkafe.website\/index.php?rest_route=\/wp\/v2\/types\/post"}],"author":[{"embeddable":true,"href":"https:\/\/ujkafe.website\/index.php?rest_route=\/wp\/v2\/users\/3"}],"replies":[{"embeddable":true,"href":"https:\/\/ujkafe.website\/index.php?rest_route=%2Fwp%2Fv2%2Fcomments&post=98463"}],"version-history":[{"count":0,"href":"https:\/\/ujkafe.website\/index.php?rest_route=\/wp\/v2\/posts\/98463\/revisions"}],"wp:attachment":[{"href":"https:\/\/ujkafe.website\/index.php?rest_route=%2Fwp%2Fv2%2Fmedia&parent=98463"}],"wp:term":[{"taxonomy":"category","embeddable":true,"href":"https:\/\/ujkafe.website\/index.php?rest_route=%2Fwp%2Fv2%2Fcategories&post=98463"},{"taxonomy":"post_tag","embeddable":true,"href":"https:\/\/ujkafe.website\/index.php?rest_route=%2Fwp%2Fv2%2Ftags&post=98463"}],"curies":[{"name":"wp","href":"https:\/\/api.w.org\/{rel}","templated":true}]}}