
{"id":98807,"date":"2021-12-04T02:51:18","date_gmt":"2021-12-04T02:51:18","guid":{"rendered":"https:\/\/ujkafe.website\/?p=98807"},"modified":"2021-12-03T20:17:16","modified_gmt":"2021-12-03T20:17:16","slug":"korosi-csoma-sandor-kalandjai","status":"publish","type":"post","link":"https:\/\/ujkafe.website\/?p=98807","title":{"rendered":"K\u0151r\u00f6si Csoma S\u00e1ndor kalandjai"},"content":{"rendered":"\r\n<p>Moln\u00e1r Vilmos \u00faj k\u00f6nyve egyest\u00e9s olvasm\u00e1ny. S nem f\u00f6lt\u00e9tlen\u00fcl a terjedelme miatt egyest\u00e9s, hanem az\u00e9rt, mert nem lehet letenni: a t\u00f6rt\u00e9netf\u00fcz\u00e9r lebilincsel\u0151, mag\u00e1val ragad\u00f3. M\u00e1r \u00fagy l\u00e1ttam hozz\u00e1 olvas\u00e1s\u00e1hoz, hogy leny\u0171g\u00f6z\u0151 lesz az \u00e9lm\u00e9ny, ugyanis gyermekkorom sz\u00e1mos eml\u00e9ke f\u0171z\u0151d\u00f6tt Moln\u00e1r Vilmos h\u0151s\u00e9nek eml\u00e9kezet\u00e9hez: Csutak Levente grafikus sz\u00e1mtalan alkot\u00e1s\u00e1n \u00f6r\u00f6k\u00edtette meg a jeles utaz\u00f3, kutat\u00f3 portr\u00e9j\u00e1t, s e portr\u00e9k egyike kov\u00e1sznai rokonaim nappalij\u00e1t d\u00edsz\u00edtette.<!--more--> Sz\u00e1mtalanszor megcsod\u00e1ltam a messzes\u00e9gbe vesz\u0151 tekintet\u00e9t, der\u0171s arc\u00e1t, illetve keleti \u00fatja \u00e1llom\u00e1sait megid\u00e9z\u0151 k\u00e9peket, amelyek mandalak\u00e9nt \u00f6vezt\u00e9k a portr\u00e9t. Szerettem hallgatni nagyb\u00e1ty\u00e1m t\u00f6rt\u00e9neteit a szomsz\u00e9dos Csomak\u0151r\u00f6sr\u0151l, a jeles utaz\u00f3 sz\u00fcl\u0151faluj\u00e1r\u00f3l \u00e9s ott \u00e9l\u0151 eml\u00e9k\u00e9r\u0151l. Serd\u00fcl\u0151korom utaz\u00e1sra cs\u00e1b\u00edt\u00f3 olvasm\u00e1nya volt a ny\u00fajt\u00f3di aty\u00e1mfia, Jakabos \u00d6d\u00f6n barangol\u00f3k\u00f6nyve, s \u00e1h\u00edtattal hallgattam a legend\u00e1s kov\u00e1sznai tan\u00e1rh\u00e1zasp\u00e1r, Gazda J\u00f3zsef \u00e9s Gazd\u00e1n\u00e9 Olosz Ella besz\u00e1mol\u00f3it arr\u00f3l, hogy mik\u00e9nt v\u00e1gtak neki t\u00f6bbsz\u00f6r is, hogy legal\u00e1bb r\u00e9szben v\u00e9gigj\u00e1rj\u00e1k Csoma \u00fatj\u00e1t, m\u00edg f\u00e9lsiker koron\u00e1zta \u00fatjukat. Ami azonban h\u0151stett volt a nyolcvanas \u00e9vek elej\u00e9n\u2026 Nemr\u00e9giben Csomak\u0151r\u00f6s\u00f6n l\u00e1togattam meg a Csoma S\u00e1ndor-eml\u00e9keket: a nagy nev\u0171 el\u0151d felt\u00e9telezett sz\u00fcl\u0151h\u00e1za hely\u00e9n emelt eml\u00e9kh\u00e1zat, a kult\u00farotthonban berendezett eml\u00e9kszob\u00e1t, az udvarhelysz\u00e9ki Orb\u00e1n \u00c1ron szobr\u00e1szm\u0171v\u00e9sz kalandos sors\u00fa alkot\u00e1s\u00e1t a m\u0171vel\u0151d\u00e9si h\u00e1z \u00e9s a reform\u00e1tus templom el\u0151tti t\u00e9ren.<br>Teh\u00e1t nagy elv\u00e1r\u00e1sokkal \u00fct\u00f6ttem fel a k\u00f6nyvet, term\u00e9szetesen miut\u00e1n megcsod\u00e1ltam a remek kivitelez\u00e9st: a k\u00e9zbe ill\u0151 form\u00e1t, a habk\u00f6nny\u0171 famentes pap\u00edrt, a telital\u00e1latnak bizonyult bet\u0171v\u00e1laszt\u00e1st, \u00e1ltal\u00e1ban az egyszer\u0171s\u00e9g\u00e9ben leny\u0171g\u00f6z\u0151 tipogr\u00e1fi\u00e1t, majd egym\u00e1s ut\u00e1n faltam az oldalakat, a r\u00f6vid t\u00f6rt\u00e9neteket. Mi j\u00f6n m\u00e9g? Mi k\u00f6vetkezik? Mibe bonyol\u00f3dik megint a f\u0151h\u0151s? Az egym\u00e1s ut\u00e1n felmer\u00fcl\u0151 k\u00e9rd\u00e9sekre pedig azonnal v\u00e1laszt kellett keresni. A v\u00e1laszt pedig az \u00f6nmag\u00e1t olvastat\u00f3 sz\u00f6veg adta\u2026<br>A t\u00f6rt\u00e9netekb\u0151l megtudhattuk, hogy K\u0151r\u00f6si Csoma S\u00e1ndor \u2013 Moln\u00e1r Vilmos csak a teljes nev\u00e9n emlegeti f\u0151h\u0151s\u00e9t! \u2013 m\u00e1r suhanckor\u00e1ban magasra t\u00f6rt, l\u00e1sd a nagy f\u00e1hoz f\u0171z\u0151d\u0151 t\u00f6rt\u00e9netet, \u00e9s m\u00e1r \u201egyermekkor\u00e1ban is szeretett elk\u00f3dorogni, hamar r\u00e1\u00e1llt erre a l\u00e1ba\u201d. A magas f\u00e1n is h\u00e1rom napot \u00e9s h\u00e1rom \u00e9jszak\u00e1t t\u00f6lt\u00f6tt, mert \u201e\u00fagy \u00e9reztem, mintha odafentr\u0151l h\u00edvn\u00e1nak. \u00dagy \u00e9reztem, hirtelen hivat\u00e1som t\u00e1madt.\u201d Apja \u00e9rtetlen\u00fcl hallgatta a magyar\u00e1zatot: \u201eLehet, hogy\u2026 hivat\u00e1sod t\u00e1madt, de az bizonyos, hogy k\u00fcldet\u00e9sed nem, mivel sem \u00e9n, sem m\u00e1s nem k\u00fcld\u00f6tt\u201d. Azt\u00e1n K\u0151r\u00f6si Csoma S\u00e1ndort iskol\u00e1ba adt\u00e1k Nagyenyedre, s amikor \u201eel\u0151sz\u00f6r ment be a h\u00edres koll\u00e9giumba, a lend\u00fclett\u0151l szinte kij\u00f6tt t\u00falfel\u0151l\u201d. S k\u00f6zben elt\u0171nt a logikatan\u00e1r. Azt\u00e1n K\u0151r\u00f6si Csoma S\u00e1ndor elindult \u201emegkeresni a magyarok \u0151shaz\u00e1j\u00e1t \u00c1zsi\u00e1ban\u201d. A hat\u00f3s\u00e1gok azonban h\u00fazt\u00e1k az id\u0151t \u00fati okm\u00e1nyok kiad\u00e1s\u00e1val. \u201eK\u0151r\u00f6si Csoma S\u00e1ndor v\u00e9gre elindulhatott a nagy \u00fatra. Hogy v\u00e9g\u00fcl m\u00e9gsem tal\u00e1lta meg a magyarok \u0151shaz\u00e1j\u00e1t, pedig m\u00e1r er\u0151sen k\u00f6zel j\u00e1rt hozz\u00e1, annak az id\u0151h\u00faz\u00f3 hivatalnokok az okai. Pontosan annyi id\u0151 hi\u00e1nyzott a nagy felfedez\u00e9shez, amennyi az \u00fati iratokra v\u00e1rva elfecs\u00e9rl\u0151d\u00f6tt.\u201d Teh\u00e1t elindult, s ha ment, ha le\u00fclt pihenni, tusakodott, mert \u201ehuncut dolog a pakolm\u00e1ny: sok, ha vinni kell, kev\u00e9s, ha enni kell\u201d. \u201eV\u00e9g\u00fcl hagyta a tusakod\u00e1st a b\u00fasba.\u201d Azt\u00e1n Egyiptomban tal\u00e1lkozott a Szfinxszel \u00e9s meg\u00fctk\u00f6z\u00f6tt \u201eszemeinek furcsa mozg\u00e1s\u00e1n\u201d, k\u00e9telyt \u00e9breszt\u0151 b\u00f6lcsess\u00e9g\u00e9n. Sz\u00edri\u00e1ban egy arab meg egy zsid\u00f3 vit\u00e1j\u00e1ban v\u00e1llalta a d\u00f6nt\u0151b\u00edr\u00f3 szerep\u00e9t, m\u00edgnem \u201emegb\u00e9k\u00e9ltek eg\u00e9szen\u201d. Bagdadban a kalif\u00e1nak mondott tanmes\u00e9t, pedig \u201eK\u0151r\u00f6si Csoma S\u00e1ndor kev\u00e9s besz\u00e9d\u0171 ember volt, szem szerette f\u00f6l\u00f6slegesen j\u00e1rtatni a sz\u00e1j\u00e1t. Csak n\u00e9zett \u00e9s hallgatta a t\u00f6bbieket. De olyan besz\u00e9desen tudott n\u00e9zni, annyi minden volt a tekintet\u00e9ben, hogy a f\u0151mufti m\u00e1r gy\u0151ztesnek akarta nyilv\u00e1n\u00edtani an\u00e9lk\u00fcl, hogy sz\u00f3lt volna egy \u00e1rva sz\u00f3t is.\u201d K\u00e9s\u0151bb K\u0151r\u00f6si Csoma S\u00e1ndor sz\u00e1raz l\u00e1bbal kelt \u00e1t az el\u0151tte megny\u00edl\u00f3 foly\u00f3n, egy kalm\u00e1r pedig p\u00e9nzz\u00e9 akarta tenni ezt a k\u00e9pess\u00e9g\u00e9t. Az \u00fczb\u00e9gekn\u00e9l j\u00e1rva K\u0151r\u00f6si Csoma S\u00e1ndor lovagolt egy kicsit, r\u00f6vid kalandja sor\u00e1n pedig megtiszt\u00edtotta a vid\u00e9ket a gar\u00e1zd\u00e1lkod\u00f3 rabl\u00f3kt\u00f3l. Azt\u00e1n a sok gyalogl\u00e1st\u00f3l elszenderedett egy csipkebokor t\u00f6v\u00e9ben \u00e9s \u00e1lmot l\u00e1tott. \u00c1lm\u00e1ban is barangolt, k\u00fcl\u00f6n\u00f6s alak\u00fa szikla mellett vitt \u00fatja. \u201eBen\u00e9zett a szikla m\u00f6g\u00e9, s h\u00e1t \u2013 Uram, Teremt\u0151m! \u2013 ott volt a magyar \u0151shaza. Sz\u00edn\u00fcltig teli \u0151smagyarokkal.\u201d Azt\u00e1n egyszer, mikor Afganiszt\u00e1n hegyei k\u00f6z\u00f6tt j\u00e1rt \u2013 \u201eHegyvid\u00e9kr\u0151l sz\u00e1rmazott \u0151 is, szerette, ha nem lapos a t\u00e1j, hanem fodroz\u00f3dik\u201d \u2013 megszel\u00edd\u00edtett k\u00e9t marcona rabl\u00f3t \u00e9s el\u00e1rulta nekik a pity\u00f3ka termeszt\u00e9s\u00e9nek titk\u00e1t, meg azt, hogy \u201eSz\u00e1zf\u00e9lek\u00e9ppen is el lehet k\u00e9sz\u00edteni, s micsoda fels\u00e9ges eledel mind a sz\u00e1z!\u201d. Azt\u00e1n az angolok, akik \u201ekital\u00e1lt\u00e1k, hogy nemcsak v\u00edzszintesen, hanem f\u00fcgg\u0151legesen is terjeszkedni k\u00e9ne\u201d, elfoglalt\u00e1k Tibetet. \u201eIgen \u00e1m, de kider\u00fclt, hogy az angol birodalomban senki nem tud tibeti\u00fcl.\u201d Itt j\u00f6tt a k\u00e9pbe K\u0151r\u00f6si Csoma S\u00e1ndor, aki el is k\u00e9sz\u00edtette a tibeti\u2013angol sz\u00f3t\u00e1rt\u2026 sz\u00edvess\u00e9g\u00e9rt cser\u00e9be. Az \u00f6rd\u00f6ggel is tal\u00e1lkozott K\u0151r\u00f6si Csoma S\u00e1ndor, \u00e9s h\u0151siesen ellen\u00e1llt cs\u00e1b\u00edt\u00e1s\u00e1nak. De az \u00daristennel is \u00f6sszefutott a Himal\u00e1ja hegy\u00e9n \u2013 miut\u00e1n a hegy l\u00e1b\u00e1n\u00e1l a falusiakn\u00e1l sz\u00e1llt meg, s este \u201erepet\u00e1t is k\u00e9rt a rizsk\u00e1s\u00e1b\u00f3l, hogy m\u00e1snap legyen ereje\u201d \u2013, s k\u00e9rte, hogy \u201evegye m\u00e1r kicsit kez\u00e9be a sz\u00e9kelyek sors\u00e1t, egyenes\u00edtse ki azt, ami a sok sum\u00e1k hozz\u00e1matat\u00e1s sor\u00e1n elg\u00f6rb\u00fclt\u201d. Buddh\u00e1val is tal\u00e1lkozott, aki \u00f6regasszony k\u00e9p\u00e9ben jelent meg el\u0151tte, s mikor az csatlakozni akart hozz\u00e1, hogy egy\u00fctt keress\u00e9k a magyar \u0151shaz\u00e1t, meggy\u0151zte, \u201emaradjon veszteg ott, ahol van.\u201d Hogy teljesebb legyen a t\u00f6rt\u00e9net, K\u0151r\u00f6si Csoma S\u00e1ndor \u00f6nmag\u00e1val is tal\u00e1lkozott. Az \u00fagy t\u00f6rt\u00e9nt, hogy miut\u00e1n \u201eannyi nyelven annyi k\u00f6nyvet elolvasott\u201d, megdupl\u00e1zta \u00f6nmag\u00e1t: \u201eAz ember kit\u00e9p egy hajsz\u00e1lat a fej\u00e9r\u0151l, nagyot k\u00f6p r\u00e1, mormol p\u00e1r b\u0171v\u00f6s sz\u00f3t, m\u00e1ris k\u00e9sz az \u00faj p\u00e9ld\u00e1ny bel\u0151le.\u201d A dolgot praktikusnak tartotta, mert ha az egyik K\u0151r\u00f6si Csoma S\u00e1ndor el is hal\u00e1lozik id\u0151nap el\u0151tt, a m\u00e1sik tov\u00e1bb keresheti az \u0151shaz\u00e1t. Na, addig-addig, hogy K\u0151r\u00f6si Csoma S\u00e1ndor a hal\u00e1llal is tal\u00e1lkozott. Elj\u00f6tt \u00e9rte. \u201eNem akarta K\u0151r\u00f6si Csoma S\u00e1ndor sem t\u00fal hosszan h\u00fazni-halasztani a dolgot, megpimp\u00f3sodik az elhal\u00e1loz\u00e1s is, ha sok\u00e1ig ny\u00fajtj\u00e1k.\u201d V\u00e9g\u00fcl a m\u00e1svil\u00e1gon barangolt K\u0151r\u00f6si Csoma S\u00e1ndor, \u201eott is arrafel\u00e9 szeretett b\u00f3kl\u00e1szni, ahol a felh\u0151k m\u00f6g\u00fcl kilesve le tudott l\u00e1tni a magyar \u0151shaz\u00e1ra\u201d. Pet\u0151fi S\u00e1ndorral tal\u00e1lkozott a mennyekben, s m\u00e1r ketten n\u00e9zegetik, hogy mi t\u00f6rt\u00e9nik idelent. \u201eA l\u00e1tottakon istenesen felh\u00fazz\u00e1k magukat.\u201d<br>A szerz\u0151i sz\u00e1nd\u00e9k teljes\u00fclt: K\u0151r\u00f6si Csoma S\u00e1ndor \u00e9let\u00e9nek feh\u00e9r foltjait t\u00f6lt\u00f6tte ki a mese eszk\u00f6zeivel: \u201eA fikci\u00f3 nem a val\u00f3s\u00e1gt\u00f3l val\u00f3 elrugaszkod\u00e1s, hanem a l\u00e9nyeg megragad\u00e1s\u00e1nak m\u00f3dja a fant\u00e1zia j\u00e1t\u00e9kos, n\u00e9ha humort sem n\u00e9lk\u00fcl\u00f6z\u0151 ig\u00e9nybev\u00e9tel\u00e9vel.\u201d<br><br><em><strong>Sar\u00e1ny Istv\u00e1n<\/strong><\/em><\/p>\r\n<p><em>Forr\u00e1s: Hrgita N\u00e9pe, M\u0171hely mell\u00e9klet, 2021. december 3.<\/em><\/p>\r\n","protected":false},"excerpt":{"rendered":"<p>Moln\u00e1r Vilmos \u00faj k\u00f6nyve egyest\u00e9s olvasm\u00e1ny. S nem f\u00f6lt\u00e9tlen\u00fcl a terjedelme miatt egyest\u00e9s, hanem az\u00e9rt, mert nem lehet letenni: a t\u00f6rt\u00e9netf\u00fcz\u00e9r lebilincsel\u0151, mag\u00e1val ragad\u00f3. M\u00e1r \u00fagy l\u00e1ttam hozz\u00e1 olvas\u00e1s\u00e1hoz, hogy leny\u0171g\u00f6z\u0151 lesz az \u00e9lm\u00e9ny, ugyanis gyermekkorom sz\u00e1mos eml\u00e9ke f\u0171z\u0151d\u00f6tt Moln\u00e1r Vilmos h\u0151s\u00e9nek eml\u00e9kezet\u00e9hez: Csutak Levente grafikus sz\u00e1mtalan alkot\u00e1s\u00e1n \u00f6r\u00f6k\u00edtette meg a jeles utaz\u00f3, kutat\u00f3 portr\u00e9j\u00e1t, [&hellip;]<\/p>\n","protected":false},"author":3,"featured_media":0,"comment_status":"open","ping_status":"open","sticky":false,"template":"","format":"standard","meta":{"_monsterinsights_skip_tracking":false,"_monsterinsights_sitenote_active":false,"_monsterinsights_sitenote_note":"","_monsterinsights_sitenote_category":0,"ngg_post_thumbnail":0,"footnotes":""},"categories":[22],"tags":[],"class_list":["post-98807","post","type-post","status-publish","format-standard","hentry","category-recenzio"],"_links":{"self":[{"href":"https:\/\/ujkafe.website\/index.php?rest_route=\/wp\/v2\/posts\/98807","targetHints":{"allow":["GET"]}}],"collection":[{"href":"https:\/\/ujkafe.website\/index.php?rest_route=\/wp\/v2\/posts"}],"about":[{"href":"https:\/\/ujkafe.website\/index.php?rest_route=\/wp\/v2\/types\/post"}],"author":[{"embeddable":true,"href":"https:\/\/ujkafe.website\/index.php?rest_route=\/wp\/v2\/users\/3"}],"replies":[{"embeddable":true,"href":"https:\/\/ujkafe.website\/index.php?rest_route=%2Fwp%2Fv2%2Fcomments&post=98807"}],"version-history":[{"count":0,"href":"https:\/\/ujkafe.website\/index.php?rest_route=\/wp\/v2\/posts\/98807\/revisions"}],"wp:attachment":[{"href":"https:\/\/ujkafe.website\/index.php?rest_route=%2Fwp%2Fv2%2Fmedia&parent=98807"}],"wp:term":[{"taxonomy":"category","embeddable":true,"href":"https:\/\/ujkafe.website\/index.php?rest_route=%2Fwp%2Fv2%2Fcategories&post=98807"},{"taxonomy":"post_tag","embeddable":true,"href":"https:\/\/ujkafe.website\/index.php?rest_route=%2Fwp%2Fv2%2Ftags&post=98807"}],"curies":[{"name":"wp","href":"https:\/\/api.w.org\/{rel}","templated":true}]}}