
{"id":98851,"date":"2021-12-07T02:54:08","date_gmt":"2021-12-07T02:54:08","guid":{"rendered":"https:\/\/ujkafe.website\/?p=98851"},"modified":"2021-12-06T15:49:46","modified_gmt":"2021-12-06T15:49:46","slug":"lorincz-jozsef-koltoi-imai","status":"publish","type":"post","link":"https:\/\/ujkafe.website\/?p=98851","title":{"rendered":"L\u0151rincz J\u00f3zsef k\u00f6lt\u0151i im\u00e1i"},"content":{"rendered":"\r\n<p><em>Vas\u00e1rnap a Sz\u00e9kelyudvarhely Belv\u00e1rosi Reform\u00e1tus Egyh\u00e1zk\u00f6zs\u00e9g nemr\u00e9g fel\u00faj\u00edtott templom\u00e1ban, a f\u00e9l 11-kor kezd\u0151d\u0151 istentiszteletet k\u00f6vet\u0151en ker\u00fclt sor az Imaid\u0151 (Multiradix Kiad\u00f3, Kolozsv\u00e1r, 2021) c\u00edm\u0171 versesk\u00f6tet bemutat\u00f3j\u00e1ra.<\/em><br><br>L\u0151rincz J\u00f3zsef nyugalmazott magyartan\u00e1r, \u00edr\u00f3, k\u00f6lt\u0151, n\u00e9prajzkutat\u00f3 egy\u00e1ltal\u00e1n nem t\u00e9tlenkedett az elm\u00falt k\u00e9t esztend\u0151ben. Bevallja, sz\u00e1m\u00e1ra a koronav\u00edrus-j\u00e1rv\u00e1ny arra volt, azt szolg\u00e1lta, hogy el\u0151vegye r\u00e9g\u00f3ta d\u00e9delgetett terveit. \u00cdgy sz\u00fclethetett meg a Sz\u00e9kelypetki lakodalom (Top Invest Kiad\u00f3, Sz\u00e9kelyudvarhely, 2021) c\u00edm\u0171 n\u00e9prajzi k\u00f6tete, olyan gy\u0171jt\u00e9sek alapj\u00e1n, amelyekhez m\u00e9g a hetvenes-nyolcvanas \u00e9vekben l\u00e1tott hozz\u00e1; Sodr\u00f3d\u00e1sban c\u00edm\u0171 versk\u00f6tete (Top Invest Kiad\u00f3, Sz\u00e9kelyudvarhely, 2021) m\u00e1r v\u00e1logat\u00e1s az \u00fajabb kelet\u0171 k\u00f6ltem\u00e9nyekb\u0151l, az Imaid\u0151 pedig egyfajta ad\u00f3ss\u00e1g lerov\u00e1sa.<!--more--><br>\u00cdgy vall a hitr\u0151l:<em> \u201eAki hisz az \u00darban, az nem f\u00e9l.\/ Az\u00e9rt akarj\u00e1k ellopni t\u0151l\u00fcnk Istent,\/ de h\u00e9t lakat \u00f3vja \u0150t lelkemben itt bent:\/ b\u00e1ntani nev\u00e9t sem engedem \u00e9n\/ (\u2026) \u00c9rzem, hogy ima \u00e1ltal velem vagy, \u00e9s bet\u00f6lt\/ Szent l\u00e9nyeged, v\u00e9ghetetlen er\u0151d.\u201d<\/em><br>A hittel, a hit megvall\u00e1s\u00e1val \u00fagy volt abban az id\u0151ben, amikor m\u00e9g pedag\u00f3gusk\u00e9nt \u00e9s kult\u00faraszervez\u0151k\u00e9nt m\u0171k\u00f6d\u00f6tt vid\u00e9ki \u00e1llom\u00e1shelyein, hogy sem \u00f6nmag\u00e1t, sem tan\u00edtv\u00e1nyait nem engedte elt\u00e1volodni a templomt\u00f3l, az egyh\u00e1zt\u00f3l \u00e9s a ragaszkod\u00e1s megvall\u00e1s\u00e1t\u00f3l. Az Istent-f\u00e9l\u0151 \u0151s\u00f6k \u00e9let- \u00e9s hitp\u00e9ld\u00e1ja lebegett el\u0151tte, \u00e9s tiszt\u00e1ban volt azzal, hogy a hagym\u00e1zas materializmus muland\u00f3, azokkal egy\u00fctt, akik hirdetik, akik az ideol\u00f3gi\u00e1j\u00e1t sugallj\u00e1k. Mindv\u00e9gig im\u00e1dkozott. R\u00e9gi \u00e9s saj\u00e1t versek \u00e1ltal.<br>Most, amikor a bez\u00e1rts\u00e1gban annyi minden el\u00e9rt\u00e9ktelenedik \u00e9s sz\u00e9tm\u00e1llik m\u00e1sfajta er\u0151k \u00e1ltal vez\u00e9relt anyagias vil\u00e1gunkban, amikor nem csak a v\u00edrusos k\u00f3r, hanem annak sz\u00e1mos j\u00e1rul\u00e9ka puszt\u00edt k\u00edv\u00fcl \u00e9s bel\u00fcl egyar\u00e1nt, k\u00e9nyszer\u0171s\u00e9gben ugyan, de \u00f6nk\u00e9ntelen\u00fcl t\u00e9rt vissza L\u0151rincz J\u00f3zsef a \u201esaj\u00e1t im\u00e1hoz\u201d.<br><em>\u201cBeutazom a mindens\u00e9get\/ Krisztusommal besz\u00e9lgetve\/ Egy f\u00e9nynyal\u00e1bon\u201d<\/em><br><br><em>\u201eA magyar l\u00e9lek eg\u00e9szen \u00f6sszen\u0151tt a r\u00edmes, verses form\u00e1val, az imaversek alkalmasaknak t\u0171nnek arra, hogy seg\u00edts\u00e9g\u00fcnkkel f\u00f6lemelkedj\u00fcnk Isten\u00fcnkh\u00f6z\u201d<\/em> \u2013 \u00edrja a k\u00f6tet h\u00e1tlapj\u00e1n munk\u00e1ir\u00f3l. Ily m\u00f3don mi sem volt term\u00e9szetesebb ann\u00e1l, hogy kil\u00e9pjen az emberek k\u00f6z\u00e9, \u00e9s bet\u00e9rve a szent hajl\u00e9kba, az \u00dar asztala k\u00f6zel\u00e9b\u0151l sz\u00f3l\u00edtsa meg az im\u00e1dkozni v\u00e1gy\u00f3 olvas\u00f3t. \u00cdgy a k\u00f6nyv, \u00e9s az ima is c\u00e9lba juthat a kar\u00e1csonyt v\u00e1r\u00f3 k\u00e9sz\u00fcletben, meg a mindenkori imaid\u0151ben. A tiszta hangra, a meggy\u0151z\u0151d\u00e9s kimond\u00e1s\u00e1ra, a ragaszkod\u00e1s megvall\u00e1s\u00e1ra ma nagyobb sz\u00fcks\u00e9g van, mint volt valaha. Hiszen: <em>\u201eV\u00e9dnek \u00e9gi \u00e9s f\u00f6ldi angyalok:\/ Csak csod\u00e1lkozom. \u00c9s vagyok.\u201d<\/em><br><br><em><strong>Sim\u00f3 M\u00e1rton<\/strong><\/em><br><br>Forr\u00e1s: <a href=\"https:\/\/hargitanepe.ro\/138636-2\">https:\/\/hargitanepe.ro\/138636-2<\/a>\/<\/p>\r\n","protected":false},"excerpt":{"rendered":"<p>Vas\u00e1rnap a Sz\u00e9kelyudvarhely Belv\u00e1rosi Reform\u00e1tus Egyh\u00e1zk\u00f6zs\u00e9g nemr\u00e9g fel\u00faj\u00edtott templom\u00e1ban, a f\u00e9l 11-kor kezd\u0151d\u0151 istentiszteletet k\u00f6vet\u0151en ker\u00fclt sor az Imaid\u0151 (Multiradix Kiad\u00f3, Kolozsv\u00e1r, 2021) c\u00edm\u0171 versesk\u00f6tet bemutat\u00f3j\u00e1ra. L\u0151rincz J\u00f3zsef nyugalmazott magyartan\u00e1r, \u00edr\u00f3, k\u00f6lt\u0151, n\u00e9prajzkutat\u00f3 egy\u00e1ltal\u00e1n nem t\u00e9tlenkedett az elm\u00falt k\u00e9t esztend\u0151ben. Bevallja, sz\u00e1m\u00e1ra a koronav\u00edrus-j\u00e1rv\u00e1ny arra volt, azt szolg\u00e1lta, hogy el\u0151vegye r\u00e9g\u00f3ta d\u00e9delgetett terveit. \u00cdgy sz\u00fclethetett [&hellip;]<\/p>\n","protected":false},"author":3,"featured_media":0,"comment_status":"open","ping_status":"open","sticky":false,"template":"","format":"standard","meta":{"_monsterinsights_skip_tracking":false,"_monsterinsights_sitenote_active":false,"_monsterinsights_sitenote_note":"","_monsterinsights_sitenote_category":0,"ngg_post_thumbnail":0,"footnotes":""},"categories":[126],"tags":[],"class_list":["post-98851","post","type-post","status-publish","format-standard","hentry","category-riport"],"_links":{"self":[{"href":"https:\/\/ujkafe.website\/index.php?rest_route=\/wp\/v2\/posts\/98851","targetHints":{"allow":["GET"]}}],"collection":[{"href":"https:\/\/ujkafe.website\/index.php?rest_route=\/wp\/v2\/posts"}],"about":[{"href":"https:\/\/ujkafe.website\/index.php?rest_route=\/wp\/v2\/types\/post"}],"author":[{"embeddable":true,"href":"https:\/\/ujkafe.website\/index.php?rest_route=\/wp\/v2\/users\/3"}],"replies":[{"embeddable":true,"href":"https:\/\/ujkafe.website\/index.php?rest_route=%2Fwp%2Fv2%2Fcomments&post=98851"}],"version-history":[{"count":0,"href":"https:\/\/ujkafe.website\/index.php?rest_route=\/wp\/v2\/posts\/98851\/revisions"}],"wp:attachment":[{"href":"https:\/\/ujkafe.website\/index.php?rest_route=%2Fwp%2Fv2%2Fmedia&parent=98851"}],"wp:term":[{"taxonomy":"category","embeddable":true,"href":"https:\/\/ujkafe.website\/index.php?rest_route=%2Fwp%2Fv2%2Fcategories&post=98851"},{"taxonomy":"post_tag","embeddable":true,"href":"https:\/\/ujkafe.website\/index.php?rest_route=%2Fwp%2Fv2%2Ftags&post=98851"}],"curies":[{"name":"wp","href":"https:\/\/api.w.org\/{rel}","templated":true}]}}