
{"id":98980,"date":"2021-12-16T02:52:32","date_gmt":"2021-12-16T02:52:32","guid":{"rendered":"https:\/\/ujkafe.website\/?p=98980"},"modified":"2021-12-15T21:10:48","modified_gmt":"2021-12-15T21:10:48","slug":"farkas-jozsef-gyorgy-baross-gabor-rijeka-fiume-horvatorszag","status":"publish","type":"post","link":"https:\/\/ujkafe.website\/?p=98980","title":{"rendered":"Farkas J\u00f3zsef Gy\u00f6rgy: Baross G\u00e1bor \u2013 Rijeka\/Fiume (Horv\u00e1torsz\u00e1g)"},"content":{"rendered":"\r\n<p>Mind\u00f6ssze 44 \u00e9vet \u00e9lt, \u00e1m ez alatt siker\u00fclt olyan tekint\u00e9lyre szert tennie, ami ritkas\u00e1gsz\u00e1mba megy a K\u00e1rp\u00e1t-medenc\u00e9ben. A t\u00f6rt\u00e9nelmi Magyarorsz\u00e1g modern k\u00f6zleked\u00e9si, mindenekel\u0151tt vas\u00fati rendszer\u00e9nek megtervez\u00e9s\u00e9\u00e9rt \u00e9s j\u00f3r\u00e9szt megval\u00f3s\u00edt\u00e1s\u00e1\u00e9rt m\u00e1r \u00e9let\u00e9ben megkapta kort\u00e1rsait\u00f3l a \u201evasminiszter\u201d elnevez\u00e9st.<!--more--><br>A k\u00f6vetkezetess\u00e9g\u00e9r\u0151l \u00e9s hat\u00e1rozotts\u00e1g\u00e1r\u00f3l hamar ismertt\u00e9 v\u00e1lt Baross G\u00e1bor (1848-92) a ma Szlov\u00e1ki\u00e1ban tal\u00e1lhat\u00f3 Pruzsin\u00e1n sz\u00fcletett (\u00e9szaki szomsz\u00e9daink is nagyra becs\u00fclik eml\u00e9k\u00e9t), Pesten szerzett jogi diplom\u00e1t, majd Trencs\u00e9nben f\u0151jegyz\u0151k\u00e9nt v\u00e1lt egy-kett\u0151re ismertt\u00e9. Ennek k\u00f6sz\u00f6nhet\u0151en az ugyancsak felvid\u00e9ki Puh\u00f3ban 1875-ben parlamenti k\u00e9pvisel\u0151v\u00e9 v\u00e1lasztott\u00e1k. Szabadelv\u0171 honatyak\u00e9nt h\u00e1rom \u00e9v m\u00falt\u00e1n m\u00e1r az Orsz\u00e1ggy\u0171l\u00e9s jegyz\u0151je lett, Tisza K\u00e1lm\u00e1n minisztereln\u00f6k pedig \u2013 fant\u00e1zi\u00e1t l\u00e1tv\u00e1n az akkor harminc\u00e9ves politikusban \u2013 nyugat-eur\u00f3pai tanulm\u00e1ny\u00fatra k\u00fcldte Barosst.<\/p>\r\n<p><a href=\"https:\/\/ujkafe.website\/wp-content\/uploads\/2021\/12\/67xbarosstotal.jpg\"><img loading=\"lazy\" decoding=\"async\" class=\"alignnone wp-image-98983\" src=\"https:\/\/ujkafe.website\/wp-content\/uploads\/2021\/12\/67xbarosstotal.jpg\" alt=\"\" width=\"625\" height=\"469\" srcset=\"https:\/\/ujkafe.website\/wp-content\/uploads\/2021\/12\/67xbarosstotal.jpg 1600w, https:\/\/ujkafe.website\/wp-content\/uploads\/2021\/12\/67xbarosstotal-300x225.jpg 300w, https:\/\/ujkafe.website\/wp-content\/uploads\/2021\/12\/67xbarosstotal-1024x768.jpg 1024w, https:\/\/ujkafe.website\/wp-content\/uploads\/2021\/12\/67xbarosstotal-768x576.jpg 768w, https:\/\/ujkafe.website\/wp-content\/uploads\/2021\/12\/67xbarosstotal-1536x1152.jpg 1536w\" sizes=\"auto, (max-width: 625px) 100vw, 625px\" \/><\/a><br>Magyarorsz\u00e1g szerencs\u00e9j\u00e9re h\u0151s\u00fcnk alapvet\u0151en a gazdas\u00e1gi \u00e9s kereskedelmi kapcsolatok t\u00e9mak\u00f6r\u00e9ben m\u00e9lyedt el, ahonnan egyenes \u00fat vezetett a sz\u00e1ll\u00edt\u00e1s, vagyis a k\u00f6zleked\u00e9s fejleszt\u00e9s\u00e9hez. El\u0151bb k\u00f6zleked\u00e9si \u00e1llamtitk\u00e1rr\u00e1, majd 1886-ban k\u00f6zmunka- \u00e9s k\u00f6zleked\u00e9s\u00fcgyi miniszterr\u00e9 nevezt\u00e9k ki. E min\u0151s\u00e9g\u00e9ben sikeresen \u00e1llamos\u00edttatta a vasutat, fejlesztette a h\u00e1l\u00f3zatot, jelent\u0151sen gyarap\u00edtotta a mozdony- \u00e9s vagonparkot. Kiemelten kezelte az Olaszorsz\u00e1g fel\u00e9 ir\u00e1nyul\u00f3 forgalmat, nev\u00e9hez f\u0171z\u0151dik Fiume tengeri kik\u00f6t\u0151j\u00e9nek ki\u00e9p\u00edt\u00e9se is. Ezt a rijekai belv\u00e1rosban, a Transadria nemzetk\u00f6zi sz\u00e1ll\u00edtm\u00e1nyoz\u00e1si c\u00e9g \u00e9p\u00fclet\u00e9nek fal\u00e1n felavatott, st\u00edlszer\u0171en vasb\u00f3l k\u00e9sz\u00fclt eml\u00e9kt\u00e1bla is meg\u00f6r\u00f6k\u00edti, Baross ugyancsak vas-domborm\u0171 arck\u00e9pe szomsz\u00e9ds\u00e1g\u00e1ban. A t\u00e1bla a csepeli \u00f6nkorm\u00e1nyzat t\u00e1mogat\u00e1s\u00e1val k\u00e9sz\u00fclt, Csepelen \u00f6nt\u00f6tt\u00e9k, mert Csepel Rijeka testv\u00e9rv\u00e1rosa. (\u00c9s r\u00f6gt\u00f6n tegy\u00fck hozz\u00e1, a kik\u00f6t\u0151 is a magyar politikusr\u00f3l kapta a nev\u00e9t: Porto Baros.)<\/p>\r\n<p><a href=\"https:\/\/ujkafe.website\/wp-content\/uploads\/2021\/12\/67xbarosstabla.jpg\"><img loading=\"lazy\" decoding=\"async\" class=\"alignnone wp-image-98984\" src=\"https:\/\/ujkafe.website\/wp-content\/uploads\/2021\/12\/67xbarosstabla.jpg\" alt=\"\" width=\"625\" height=\"335\" srcset=\"https:\/\/ujkafe.website\/wp-content\/uploads\/2021\/12\/67xbarosstabla.jpg 1516w, https:\/\/ujkafe.website\/wp-content\/uploads\/2021\/12\/67xbarosstabla-300x161.jpg 300w, https:\/\/ujkafe.website\/wp-content\/uploads\/2021\/12\/67xbarosstabla-1024x548.jpg 1024w, https:\/\/ujkafe.website\/wp-content\/uploads\/2021\/12\/67xbarosstabla-768x411.jpg 768w\" sizes=\"auto, (max-width: 625px) 100vw, 625px\" \/><\/a><br>Baross G\u00e1bor miniszters\u00e9ge idej\u00e9n vezett\u00e9k be n\u00e1lunk az egys\u00e9ges k\u00f6z\u00e9p-eur\u00f3pai id\u0151sz\u00e1m\u00edt\u00e1st, lehet\u0151v\u00e9 t\u00e9ve a menetrendek addigi kuszas\u00e1g\u00e1nak felsz\u00e1mol\u00e1s\u00e1t. Jelent\u0151s m\u00e9rt\u00e9kben cs\u00f6kkentette a vas\u00fati szem\u00e9lysz\u00e1ll\u00edt\u00e1s viteld\u00edjait (\u201ez\u00f3natarifa\u201d), a tehersz\u00e1ll\u00edt\u00e1sok d\u00edjszab\u00e1s\u00e1t is egys\u00e9ges\u00edtette, nyeres\u00e9gess\u00e9 t\u00e9ve a vasutat. Az addig haszn\u00e1lt n\u00e9met nyelv\u0171 levelez\u00e9s helyett a magyar nyelv\u0171t vezette be, a vas\u00fati tisztvisel\u0151kn\u00e9l k\u00f6telez\u0151v\u00e9 tette a magyar nyelvtud\u00e1st. Megalkotta az els\u0151 modern \u00fatt\u00f6rv\u00e9nyt, v\u00e1ltoztatott a k\u00f6zutak oszt\u00e1lybesorol\u00e1s\u00e1n, az \u00fat- \u00e9s h\u00eddv\u00e1mok addigi \u201et\u00f6rt\u00e9nelmi\u201d k\u00e1osz\u00e1ban is rendet v\u00e1gott. Nem feledkezett meg a k\u00f6zleked\u00e9s t\u00f6bbi \u00e1g\u00e1r\u00f3l sem, fejlesztette a dunai haj\u00f3z\u00e1st, a magyar tengerhaj\u00f3z\u00e1st, kiemelten kezelte a Vaskapu szoros Al-Duna-szab\u00e1lyoz\u00e1s\u00e1nak munk\u00e1latait. Ez ut\u00f3bbit szem\u00e9lyesen is ellen\u0151rizte, \u00e1m ott megbetegedett, \u00e9s ez vezetett korai hal\u00e1l\u00e1hoz is. N\u00e9pszer\u0171s\u00e9ge cs\u00facs\u00e1n ragadta el a hast\u00edfusz, az orsz\u00e1gban azonnal egy\u00e9rtelm\u0171 t\u00e1mogat\u00e1st \u00e9lvezett eml\u00e9k\u00e9nek m\u00e9lt\u00f3 meg\u00f6r\u00f6k\u00edt\u00e9se. Baross G\u00e1bor impoz\u00e1ns szobra 1898 \u00f3ta \u00e1ll a r\u00f3la elnevezett t\u00e9ren, a budapesti Keleti p\u00e1lyaudvar el\u0151tt (Sz\u00e9csi Antal alkot\u00e1sa). Orsz\u00e1gszerte sz\u00e1mos utca, t\u00e9r, oktat\u00e1si int\u00e9zm\u00e9nyt viseli a nev\u00e9t.<\/p>\r\n<p><a href=\"https:\/\/ujkafe.website\/wp-content\/uploads\/2021\/12\/67xbarossfestmeny.jpg\"><img loading=\"lazy\" decoding=\"async\" class=\"alignnone wp-image-98985\" src=\"https:\/\/ujkafe.website\/wp-content\/uploads\/2021\/12\/67xbarossfestmeny.jpg\" alt=\"\" width=\"425\" height=\"637\" srcset=\"https:\/\/ujkafe.website\/wp-content\/uploads\/2021\/12\/67xbarossfestmeny.jpg 630w, https:\/\/ujkafe.website\/wp-content\/uploads\/2021\/12\/67xbarossfestmeny-200x300.jpg 200w\" sizes=\"auto, (max-width: 425px) 100vw, 425px\" \/><\/a><br><br><em>J\u00f3kai M\u00f3r \u00edrta meg a szoborfel\u00e1ll\u00edt\u00e1s k\u00f6lts\u00e9geinek fedez\u00e9s\u00e9re ind\u00edtand\u00f3 gy\u0171jt\u00e9si felsz\u00f3l\u00edt\u00e1st: \u201e\u00c9rc szobrot annak, aki eg\u00e9sz \u00e9let\u00e9ben is \u00e9rc volt. Mint\u00e1ja az igaz f\u00e9rfinak, hazafi\u00fanak, a korm\u00e1nyf\u00e9rfi\u00fanak\u2026 Aki Magyarorsz\u00e1got \u00f6nmag\u00e1hoz k\u00f6zel hozta, a honi ipart \u00e9s kereskedelmet a saj\u00e1t erk\u00f6lcsi magaslat\u00e1ra emelte\u2026 Baross G\u00e1bor szobra legyen az ut\u00f3kor el\u0151tt l\u00e1that\u00f3 jelv\u00e9nye a munka megdics\u0151\u00edt\u00e9s\u00e9nek\u2026<\/em>\u201d<\/p>\r\n","protected":false},"excerpt":{"rendered":"<p>Mind\u00f6ssze 44 \u00e9vet \u00e9lt, \u00e1m ez alatt siker\u00fclt olyan tekint\u00e9lyre szert tennie, ami ritkas\u00e1gsz\u00e1mba megy a K\u00e1rp\u00e1t-medenc\u00e9ben. A t\u00f6rt\u00e9nelmi Magyarorsz\u00e1g modern k\u00f6zleked\u00e9si, mindenekel\u0151tt vas\u00fati rendszer\u00e9nek megtervez\u00e9s\u00e9\u00e9rt \u00e9s j\u00f3r\u00e9szt megval\u00f3s\u00edt\u00e1s\u00e1\u00e9rt m\u00e1r \u00e9let\u00e9ben megkapta kort\u00e1rsait\u00f3l a \u201evasminiszter\u201d elnevez\u00e9st.<\/p>\n","protected":false},"author":3,"featured_media":0,"comment_status":"open","ping_status":"open","sticky":false,"template":"","format":"standard","meta":{"_monsterinsights_skip_tracking":false,"_monsterinsights_sitenote_active":false,"_monsterinsights_sitenote_note":"","_monsterinsights_sitenote_category":0,"ngg_post_thumbnail":0,"footnotes":""},"categories":[126],"tags":[],"class_list":["post-98980","post","type-post","status-publish","format-standard","hentry","category-riport"],"_links":{"self":[{"href":"https:\/\/ujkafe.website\/index.php?rest_route=\/wp\/v2\/posts\/98980","targetHints":{"allow":["GET"]}}],"collection":[{"href":"https:\/\/ujkafe.website\/index.php?rest_route=\/wp\/v2\/posts"}],"about":[{"href":"https:\/\/ujkafe.website\/index.php?rest_route=\/wp\/v2\/types\/post"}],"author":[{"embeddable":true,"href":"https:\/\/ujkafe.website\/index.php?rest_route=\/wp\/v2\/users\/3"}],"replies":[{"embeddable":true,"href":"https:\/\/ujkafe.website\/index.php?rest_route=%2Fwp%2Fv2%2Fcomments&post=98980"}],"version-history":[{"count":0,"href":"https:\/\/ujkafe.website\/index.php?rest_route=\/wp\/v2\/posts\/98980\/revisions"}],"wp:attachment":[{"href":"https:\/\/ujkafe.website\/index.php?rest_route=%2Fwp%2Fv2%2Fmedia&parent=98980"}],"wp:term":[{"taxonomy":"category","embeddable":true,"href":"https:\/\/ujkafe.website\/index.php?rest_route=%2Fwp%2Fv2%2Fcategories&post=98980"},{"taxonomy":"post_tag","embeddable":true,"href":"https:\/\/ujkafe.website\/index.php?rest_route=%2Fwp%2Fv2%2Ftags&post=98980"}],"curies":[{"name":"wp","href":"https:\/\/api.w.org\/{rel}","templated":true}]}}