
{"id":99282,"date":"2022-01-06T02:55:26","date_gmt":"2022-01-06T02:55:26","guid":{"rendered":"https:\/\/ujkafe.website\/?p=99282"},"modified":"2022-01-05T21:12:53","modified_gmt":"2022-01-05T21:12:53","slug":"petofi-emlekev-2022-olvassuk-egyutt-a-kolto-verseit-7","status":"publish","type":"post","link":"https:\/\/ujkafe.website\/?p=99282","title":{"rendered":"Pet\u0151fi-eml\u00e9k\u00e9v \u2013 2022; Olvassuk egy\u00fctt a k\u00f6lt\u0151 verseit (7)"},"content":{"rendered":"\r\n<p><em>&#8230;A hatodik iskol\u00e1ban, a pesti evang\u00e9likus gimn\u00e1ziumban sincs hossz\u00fa tart\u00f3zkod\u00e1sa. Pesten nem a legszebb h\u00e1zban lakik, m\u00e9g sz\u00e9pben sem. Rokonokn\u00e1l, \u00e9gy lovashajd\u00fan\u00e1l van sz\u00e1ll\u00e1sa. Mennyivel m\u00e1s k\u00f6rnyezet ez, mint a s\u00e1rszentl\u0151rinci. Itt nem v\u00e1lik ki t\u00f6bb\u00e9 t\u00e1rsai k\u00f6z\u00fcl sem csinoss\u00e1g\u00e1val, sem \u00fcgyess\u00e9g\u00e9vel \u2014 ez az oka annak, hogy szorgalm\u00e1val sem? Az els\u0151 f\u00e9l\u00e9vben a 114 tanul\u00f3 k\u00f6z\u00f6tt a 108-ik helyre szorul h\u00e1tra. Az apa \u2014 gondoss\u00e1g\u00e1t nem gy\u0151zi csod\u00e1lni az ember \u2014 erre ebb\u0151l az iskol\u00e1b\u00f3l<\/em> <em>is kiveszi, s a k\u00f6vetkez\u0151 \u00e9vre a pesti piarist\u00e1khoz \u00edratja. Enn\u00e9l jobb iskola azt\u00e1n m\u00e1r az eg\u00e9sz orsz\u00e1gban nem lehet. Tan\u00e1rai arr\u00f3l ismertek \u2014 de m\u00e9g a &#8211; titkosrend\u0151rs\u00e9gen is \u2014, hogy \u201evadmagyarok&#8221;. A fi\u00fa azonban itt is csak a magyar nyelvben t\u0171nik ki. Nem nagy dics\u0151s\u00e9g olyan v\u00e1rosban, ahol a lakosok nagy r\u00e9sze n\u00e9met. Igyekszik teh\u00e1t arra b\u00fcszke lenni, hogy \u0151 magyar. De ez sem olyan egyszer\u0171.<\/em><br><em>A konfirm\u00e1ci\u00f3ra a pesti evang\u00e9likus szlov\u00e1kok lelk\u00e9sze k\u00e9sz\u00edti el\u0151, Koll\u00e1r J\u00e1nos, a cseh \u00e9s szlov\u00e1k egys\u00e9g els\u0151 hirdet\u0151je, a lelkes p\u00e1nszl\u00e1v k\u00f6lt\u0151, a szlov\u00e1kok V\u00f6r\u00f6smartyja. \u0150 tan\u00edtja hittanra is. Val\u00f3sz\u00edn\u0171, hogy tan\u00edtv\u00e1ny\u00e1t Koll\u00e1r szlov\u00e1knak sz\u00e1m\u00edtotta, vagy legal\u00e1bb azz\u00e1 akarta tenni. A leck\u00e9k hat\u00e1s\u00e1ra k\u00f6vetkeztethet\u00fcnk abb\u00f3l a k\u00e9s\u0151bbi jelenetb\u0151l, amikor esztend\u0151k m\u00falt\u00e1n a tan\u00edtv\u00e1ny megtagadja vall\u00e1s\u00e1t, s reform\u00e1tusnak mondja mag\u00e1t. A k\u00f6r\u00fcl\u00f6tte \u00e1ll\u00f3k tudj\u00e1k, hogy evang\u00e9likusnak keresztelt\u00e9k, \u00e9s csod\u00e1lkozva, tal\u00e1n egy kicsit g\u00fanyosan is v\u00e1rj\u00e1k a magyar\u00e1zatot. \u201eNem akarom, hogy csak a vall\u00e1som miatt is tal\u00e1n t\u00f3tnak tartsanak&#8221; \u2014 mondja inger\u00fclten a hajdani tan\u00edtv\u00e1ny, \u00e9s mereven a k\u00e9rdez\u0151k szem\u00e9be n\u00e9z&#8230;<\/em> <em><strong>(Illy\u00e9s Gyula: Pet\u0151fi S\u00e1ndor)<\/strong><\/em><br><br><br><\/p>\r\n<h2><em><strong>Pet\u0151fi S\u00e1ndor: F\u00dcRDIK A HOLDVIL\u00c1G AZ \u00c9G TENGER\u00c9BEN&#8230;<\/strong><\/em><br><br><\/h2>\r\n<p>F\u00fcrdik a holdvil\u00e1g az \u00e9g tenger\u00e9ben,<br>M\u00e9l\u00e1z a haramja erd\u0151 k\u00f6zep\u00e9ben:<br>S\u0171r\u0171 a f\u00fcv\u00f6n az \u00e9j harmatoz\u00e1sa,<br>De s\u0171r\u0171bb k\u00e9t szeme k\u00f6nny\u00e9nek hull\u00e1sa.<!--more--><br><br>Balt\u00e1ja nyel\u00e9re t\u00e1maszkodva mondja:<br>&#8222;M\u00e9rt vetettem fejem tilalmas dolgokra!<br>\u00c9desany\u00e1m, mindig javamat akartad;<br>\u00c9desany\u00e1m, m\u00e9rt nem fogadtam szavadat?<br><br>Elhagytam h\u00e1zadat, f\u00f6ld\u00f6nfut\u00f3 lettem,<br>Rabl\u00f3k, fosztogat\u00f3k k\u00f6z\u00e9 keveredtem;<br>Most is k\u00f6zt\u00fck \u00e9lek magam sz\u00e9gyen\u00e9re,<br>\u00c1rtatlan \u00fatasok nagy veszedelm\u00e9re.<br><br>Elmenn\u00e9k \u00e9n haza, itt hagyn\u00e1m ezeket,<br>\u00d6r\u00f6mest itt hagyn\u00e1m, de most m\u00e1r nem lehet:<br>\u00c9desany\u00e1m meghalt&#8230; kis h\u00e1zunk az\u00f3ta<br>R\u00e9gen \u00f6sszeroskadt&#8230; s \u00e1ll az akaszt\u00f3fa.&#8221;<br><br><em>Pest, 1844. \u00e1prilis<\/em><br><br><br><em><strong>A CSAPL\u00c1RN\u00c9 A BETY\u00c1RT SZERETTE&#8230;<\/strong><\/em><br><br>A csapl\u00e1rn\u00e9 a bety\u00e1rt szerette,<br>De a bety\u00e1r \u0151tet nem szerette.<br>Csapl\u00e1rn\u00e9nak \u00f6r\u00f6kbevett ly\u00e1nya<br>Volt a bety\u00e1r eg\u00e9sz boldogs\u00e1ga.<br><br>A csapl\u00e1rn\u00e9 ezt megirigyelte,<br>Ir\u00edgys\u00e9gb\u0151l a le\u00e1nyt elverte,<br>Elverte a h\u00e1zt\u00f3l a vil\u00e1gba;<br>Pedig ott kinn t\u00e9l, fagy volt jav\u00e1ba&#8217;.<br><br>A szeg\u00e9ny ly\u00e1ny ment egy kis darabot,<br>Azt\u00e1n le\u0171lt, \u0171lt\u00e9ben megfagyott.<br>Esett ez a bety\u00e1rnak tudt\u00e1ra,<br>S csapl\u00e1rn\u00e9nak lett k\u00ednos hal\u00e1la.<br><br>Bety\u00e1r ez\u00e9rt h\u00f3h\u00e9rk\u00e9zre ker\u0171lt,<br>De nem b\u00e1nta \u0151, m\u00e9g ink\u00e1bb \u00f6r\u0171lt;<br>Mert mi\u00f3ta a ly\u00e1nyt elvesztette:<br>Pipa doh\u00e1nyt sem \u00e9rt az \u00e9lete.<br><br><em>Pest, 1844. \u00e1prilis<\/em><br><br><br><em><strong>MAG\u00c1NY<\/strong><\/em><br><br>Messze, messze a vil\u00e1g zaj\u00e1tul<br>E kis faluban,<br>Itt kiv\u00e1nok \u00e9lni \u00e9n ezentul<br>Csendben, boldogan.<br><br>Boldogan! mert haj a nagy vil\u00e1gban<br>Boldog nem val\u00e9k;<br>\u00dcld\u00f6z\u00f6tt az utc\u00e1n \u00e9s szob\u00e1mban<br>A f\u00f6ld \u00e9s az \u00e9g.<br><br>Nem volt biztos sem napom, sem \u00e9jem;<br>Vad hi\u00faz-szemek<br>T\u00e1mad\u00e1sra, elfog\u00e1sra k\u00e9szen<br>Egyre lestenek.<br><br>\u00d6sszeszedtem v\u00e9gre s\u00e1torf\u00e1mat,<br>S sz\u00e9pen megsz\u00f6k\u00e9m,<br>S itt vagyok, hol a nap \u00fajra t\u00e1mad<br>\u00c9ltem b\u00fas eg\u00e9n.<br><br>Szent mag\u00e1ny! hegyl\u00e1ncaid tet\u0151in<br>\u00c1t nem l\u00e1tnak \u0151k,<br>Sz\u00edvtelen, r\u00e9marcu \u00fcld\u00f6z\u0151im<br>&#8230; A hitelez\u0151k.<br><br><em>Dunavecse, 1844. \u00e1prilis<\/em><br><br><br><em><strong>EB\u00c9D UT\u00c1N<\/strong><\/em><br><br>Ugy j\u00f3llaktam, hogy m\u00e9g!&#8230;<br>Egyet nyujt\u00f3zom, \u00e9s<br>Azt\u00e1n tied vagyok,<br>Im\u00e1dott hever\u00e9s!<br><br>Oh kedves pamlagom,<br>Be \u00e1ldott puha vagy!<br>Ki t\u00e9ged f\u00f6ltal\u00e1lt,<br>Az volt \u00e1m m\u00e9g az agy. &#8211;<br><br>K\u00f6ly\u00f6k, pip\u00e1t ide&#8230;<br>Siess, a nagyap\u00e1d!<br>Nincs r\u00fatabb valami,<br>Mint az a lomhas\u00e1g.<br><br>Add err\u00e9bb h\u00e1t, \u00f6k\u00f6r!<br>\u00c9n nyuljak \u00e9rte t\u00e1n?<br>Nem el\u00e9g t\u0151lem, hogy<br>F\u00f6lt\u00e1tom r\u00e1 a sz\u00e1m? &#8211;<br><br>Istentelen legye!<br>Ingerkedik velem&#8230;<br>Kergesd el&#8230; a kutya<br>Ott \u0171l a f\u00fclemen.<br><br>Az ember \u00e9lete<br>M\u00e9reggel van tele;<br>Csod\u00e1k csod\u00e1ja, hogy<br>Meg nem pukkad bele.<br><br>H\u00fazd a f\u00fcgg\u00f6nyt od\u00e1bb<br>Azon az ablakon;<br>Hadd l\u00e1m, az \u00e9p\u00edt\u00e9s<br>Ott kinn meddig vagyon?<br><br>\u00c1, sz\u00e9pecsk\u00e9n halad,<br>Munk\u00e1lnak minden\u00fctt&#8230;<br>De tedd b&#8217; az ablakot,<br>A nap szemembe s\u00fct.<br><br>Diszn\u00f3 forr\u00f3 id\u0151!&#8230;<br>No semmi; legal\u00e1bb<br>Ki ott kinn dolgozik,<br>Nem h\u0171ti meg mag\u00e1t.<br><br><em>Dunavecse, 1844. \u00e1prilis-m\u00e1jus<\/em><br><br><br><\/p>\r\n","protected":false},"excerpt":{"rendered":"<p>&#8230;A hatodik iskol\u00e1ban, a pesti evang\u00e9likus gimn\u00e1ziumban sincs hossz\u00fa tart\u00f3zkod\u00e1sa. Pesten nem a legszebb h\u00e1zban lakik, m\u00e9g sz\u00e9pben sem. Rokonokn\u00e1l, \u00e9gy lovashajd\u00fan\u00e1l van sz\u00e1ll\u00e1sa. Mennyivel m\u00e1s k\u00f6rnyezet ez, mint a s\u00e1rszentl\u0151rinci. Itt nem v\u00e1lik ki t\u00f6bb\u00e9 t\u00e1rsai k\u00f6z\u00fcl sem csinoss\u00e1g\u00e1val, sem \u00fcgyess\u00e9g\u00e9vel \u2014 ez az oka annak, hogy szorgalm\u00e1val sem? Az els\u0151 f\u00e9l\u00e9vben a 114 [&hellip;]<\/p>\n","protected":false},"author":3,"featured_media":0,"comment_status":"open","ping_status":"open","sticky":false,"template":"","format":"standard","meta":{"_monsterinsights_skip_tracking":false,"_monsterinsights_sitenote_active":false,"_monsterinsights_sitenote_note":"","_monsterinsights_sitenote_category":0,"ngg_post_thumbnail":0,"footnotes":""},"categories":[120,4],"tags":[],"class_list":["post-99282","post","type-post","status-publish","format-standard","hentry","category-essze","category-vers"],"_links":{"self":[{"href":"https:\/\/ujkafe.website\/index.php?rest_route=\/wp\/v2\/posts\/99282","targetHints":{"allow":["GET"]}}],"collection":[{"href":"https:\/\/ujkafe.website\/index.php?rest_route=\/wp\/v2\/posts"}],"about":[{"href":"https:\/\/ujkafe.website\/index.php?rest_route=\/wp\/v2\/types\/post"}],"author":[{"embeddable":true,"href":"https:\/\/ujkafe.website\/index.php?rest_route=\/wp\/v2\/users\/3"}],"replies":[{"embeddable":true,"href":"https:\/\/ujkafe.website\/index.php?rest_route=%2Fwp%2Fv2%2Fcomments&post=99282"}],"version-history":[{"count":0,"href":"https:\/\/ujkafe.website\/index.php?rest_route=\/wp\/v2\/posts\/99282\/revisions"}],"wp:attachment":[{"href":"https:\/\/ujkafe.website\/index.php?rest_route=%2Fwp%2Fv2%2Fmedia&parent=99282"}],"wp:term":[{"taxonomy":"category","embeddable":true,"href":"https:\/\/ujkafe.website\/index.php?rest_route=%2Fwp%2Fv2%2Fcategories&post=99282"},{"taxonomy":"post_tag","embeddable":true,"href":"https:\/\/ujkafe.website\/index.php?rest_route=%2Fwp%2Fv2%2Ftags&post=99282"}],"curies":[{"name":"wp","href":"https:\/\/api.w.org\/{rel}","templated":true}]}}