
{"id":99404,"date":"2022-01-14T02:50:37","date_gmt":"2022-01-14T02:50:37","guid":{"rendered":"https:\/\/ujkafe.website\/?p=99404"},"modified":"2022-01-13T16:34:18","modified_gmt":"2022-01-13T16:34:18","slug":"petofi-emlekev-2022-olvassuk-egyutt-a-kolto-verseit-15","status":"publish","type":"post","link":"https:\/\/ujkafe.website\/?p=99404","title":{"rendered":"Pet\u0151fi-eml\u00e9k\u00e9v: 2022 \u2013 Olvassuk egy\u00fctt a k\u00f6lt\u0151 verseit (15)"},"content":{"rendered":"\r\n<p><em>A kamasz katona z\u00e1rk\u00f3zott \u00e9s visszavonult. Szabadnapjain meg-megl\u00e1togatja bar\u00e1tait, P\u00e1khot \u00e9s Orlayt, akik a szeg\u00e9ny di\u00e1ksz\u00e1ll\u00e1sokon alig \u00e9lnek k\u00e9nyelmesebben, mint \u0151 a kasz\u00e1rny\u00e1ban, Sass Istv\u00e1nt, aki a s\u00e1rszentl\u0151rinci iskola ut\u00e1n most Sopronban tanul.<\/em><br><em>De a gyermek katona csak a r\u00e9gi j\u00f3bar\u00e1tnak nyitja meg sz\u00edv\u00e9t. A t\u00f6bbiekkel a kamaszok szok\u00e1sos j\u00f3kedv\u0171 hangj\u00e1n besz\u00e9l. Eltr\u00e9f\u00e1l\u00f3dik vel\u00fck \u2014 a kics\u00f6ppentek, a b\u00fcszke sz\u00edvvel szenved\u0151k mint\u00e1j\u00e1ra els\u0151sorban saj\u00e1t helyzet\u00e9t nevetteti ki. De fel\u00fclr\u0151l, a t\u00e1rsadalom \u00e9s a sors kegyyeltjeit\u0151l nem t\u0171r t\u00f6bb tr\u00e9f\u00e1t&#8230;<\/em><br><em>A katon\u00e1k p\u00e1ros\u00e1val alszanak egy \u00e1gyban; a sors gondos k\u00e9zzel a hajdani \u00farigyerek, a Horatiust \u00e9s Schillert fal\u00f3 k\u00f6zvit\u00e9z mell\u00e9 a sz\u00e1zad legmocskosabb alakj\u00e1t, egy szutykos cig\u00e1nyt helyez, esztend\u0151k m\u00falva fog kider\u00fclni, mi c\u00e9lb\u00f3l. Mindenhat\u00f3 \u00farnak f\u00f6l\u00e9be egy ostoba k\u00e1pl\u00e1rt \u00e1ll\u00edt, aki \u00e9l is a hatalommal. A h\u00edres \u00edr\u00e1stud\u00f3nak a kasz\u00e1rnyaudvart kell s\u00f6p\u00f6rnie; az \u0151rhelyen majd megveszi az isten hidege; j\u00f3 lesz ez is \u00e9lm\u00e9nyanyagnak. \u00c9jszaka olvasni akarja a k\u00f6nyvet, amelyet a l\u00edceum k\u00f6nyvt\u00e1r\u00e1b\u00f3l k\u00f6lcs\u00f6nz\u00f6tt, az egyik baka orozva elf\u00fajja a gyerty\u00e1t, hadd ismerkedj\u00e9k a tintanyal\u00f3 a n\u00e9pl\u00e9lekkel. Amikor pedig az k\u00f6zib\u00fck v\u00e1gja a szurony\u00e1t, h\u00e1t r\u00e1ad\u00e1sul m\u00e1snap m\u00e9g \u0151t is k\u00f6zder\u00fclts\u00e9g\u00fcl kurtavasra juttatj\u00e1k, hadd legyen valami fogalma annak a t\u00f6meghangulatr\u00f3l is. Amikor pedig egy percnyi pihen\u00e9s\u00fcl a kasz\u00e1rnyaablakba k\u00f6ny\u00f6k\u00f6l pip\u00e1zni: a k\u00f6z\u00f6s szoba legj\u00e1mborabb, legszel\u00eddebb tagja \u00e9pp a f\u00f6l\u00f6tte lev\u0151 ablakb\u00f3l veti ki mag\u00e1t, el\u0151tte zuhan le az udvar k\u0151kock\u00e1ira. Ez is az \u00e9lethez, a leck\u00e9hez tartozik. De mindezt elviselteti a rem\u00e9ny, hogy v\u00e9g\u00fcl m\u00e9gis Tirolba jut. Most m\u00e1r csak az\u00e9rt v\u00e1gyik oda, hogy tal\u00e1n onnan \u00e1tsz\u00f6khet Sv\u00e1jcba, \u201eTell Vilmos \u00e9s a Szabads\u00e1g haz\u00e1j\u00e1ba&#8221;!\u00ed<\/em><br><em>Olaszorsz\u00e1g is \u00e1lom marad.<\/em><\/p>\r\n<p><!--more--><br><em>Az ezredet Horv\u00e1torsz\u00e1gba ir\u00e1ny\u00edtj\u00e1k. A fiatal katona a k\u00f3rh\u00e1zi \u00e1gyb\u00f3l \u00e1ll be a sorba. 1840 m\u00e1jus\u00e1ban \u00e9s j\u00fanius\u00e1ban t\u00edfuszban fek\u00fcdt.<\/em><br><em>\u00c1gynak esik r\u00f6gt\u00f6n az els\u0151 \u00e1llom\u00e1son, Z\u00e1gr\u00e1bban h\u00e1rom h\u00f3napig \u00e1polj\u00e1k a katonai k\u00f3rh\u00e1zban \u201eminden k\u00f6vetelm\u00e9nynek megfelel\u0151en&#8221;. Hasztalan. V\u00e9rt h\u00e1ny, a t\u00edfuszt felv\u00e1ltja a \u201ehajlam a t\u00fcd\u0151bajokra \u00e9s sz\u00edved\u00e9nyek t\u00e1gul\u00e1s\u00e1ra&#8221;. R\u00e9szt vesz m\u00e9gis a hadgyakorlaton. Szeptember \u00fajra a k\u00f3rh\u00e1zban tal\u00e1lja. Vers ebb\u0151l az id\u0151b\u0151l nem maradt fenn. <\/em><br><em>&#8230;Decemberben R\u00f6mer, az ezredorvos agg\u00f3dva \u00e1ll meg az \u00e1gya el\u0151tt. 1841. janu\u00e1r 15-\u00e9n az embers\u00e9ges, magyarul j\u00f3l besz\u00e9l\u0151 orvos jelent\u00e9se szerint \u201ea t\u00e9nyleges rokkants\u00e1ghoz nagyon k\u00f6zeledik&#8221;. Febru\u00e1r 23-\u00e1n f\u00f6lmentik a szolg\u00e1lat al\u00f3l, Sopronba sz\u00e1ll\u00edtj\u00e1k, azaz gyalogoltatj\u00e1k. \u201eTreu und redlich gedient&#8221; \u2014 mondja az obsit, amelyet febru\u00e1r 28-\u00e1n kez\u00e9be nyomnak.<strong> (Illy\u00e9s Gyula: Pet\u0151fi S\u00e1ndor)<\/strong><\/em><br><br><br><\/p>\r\n<h2><em><strong>Pet\u0151fi S\u00e1ndor: HA \u00c9BREN MEG NEM L\u00c1TOGATSZ&#8230;<\/strong><\/em><br><br><\/h2>\r\n<p>Ha \u00e9bren meg nem l\u00e1togatsz,<br>J\u0151j hozz\u00e1m \u00e1lmaimban,<br>J\u0151j hozz\u00e1m, meghalt \u00e9letem!<br>Sok mondanival\u00f3m van.<br><br>Hisz egym\u00e1ssal mi ekkorig<br>Oly keveset besz\u00e9lt\u00fcnk;<br>Csak egy-k\u00e9t gyorsan illan\u00f3<br>Tekintet volt besz\u00e9d\u00fcnk.<br><br>Tudod, ha hozz\u00e1tok men\u00e9k,<br>Te mindig \u00fagy futott\u00e1l;<br>De m\u00e1s szob\u00e1b\u00f3l titkosan<br>R\u00e1m gyakran pillantott\u00e1l.<br><br>S \u00f6r\u00f6m volt, l\u00e1tnom t\u00e9ged ott<br>F\u00e9lig ny\u00edlt ajt\u00f3 mellett,<br>Mik\u00e9ntha l\u00e1ttam volna az<br>Eg\u00e9szen megnyilt mennyet.<br><br>Ha t\u00e1voz\u00e1m: az ablakb\u00f3l<br>Tekintett\u00e9l ut\u00e1nam;<br>V\u00e9lted, hogy \u00e9szre nem veszem?<br>Oh, \u00e9n mindent j\u00f3l l\u00e1ttam.<br><br>De l\u00e1ttam temet\u00e9sed is&#8230;<br>Csak ezt ne l\u00e1ttam volna!<br>Az a g\u00f6d\u00f6r, mely s\u00edrod lett,<br>Az lett szivemnek pokla.<br><br>Egyszerre lelkemet ezer<br>Mennyk\u0151 csap\u00e1sa \u00e9rte&#8230;<br>Ekkor hullott al\u00e1 a f\u00f6ld<br>Kopors\u00f3d f\u00f6del\u00e9re.<br><br>Ott vagy te most, szent angyalom!<br>Elj\u0151sz-e hozz\u00e1m vajjon?<br>Mindenkor t\u00e1rva lesz karom,<br>Ha j\u0151sz, hogy \u00e1tkaroljon.<br><br>Csak \u00e9rintsen lehellete<br>K\u00f6zelg\u0151 szellemednek:<br>A mennybe f\u00f6l, vagy s\u00edrba le,<br>Mindenhov\u00e1 k\u00f6vetlek!<br><br><em>Pest, 1845. janu\u00e1r<\/em><br><br><\/p>\r\n<p><em><strong>MI\u00c9RT TEKINTESZ BE SZOB\u00c1MBA?<\/strong><\/em><br><br>Mi\u00e9rt tekintesz be szob\u00e1mba?<br>Kiv\u00e1ncsi hold!<br>Nem \u00fagy foly m\u00e1r itt a vil\u00e1g, mint<br>Hajdanta folyt.<br><br>Egykor ha pillant\u00e1sod hozz\u00e1m<br>Bet\u00e9vedett:<br>L\u00e1t\u00e1d a sz\u00edvben meg nem f\u00e9r\u0151<br>L\u00e1ng\u00e9letet.<br><br>B\u00fa, kedv k\u00f6z\u00f6tt \u00e9let-hal\u00e1lra<br>L\u00e1t\u00e1l csat\u00e1t,<br>De gy\u0151zedelmeskedni a b\u00fat<br>Nem l\u00e1that\u00e1d.<br><br>Ez akkor volt, &#8211; ha megtekinted<br>Most arcomat,<br>Azt v\u00e9lheted: t\u00fck\u00f6rben l\u00e1tod<br>Tenmagadat.<br><br>Hideg vagyok \u00e9s sz\u00f3talan, mint<br>&#8211; Ahonnan j\u0151<br>E hidegs\u00e9gem, sz\u00f3tlans\u00e1gom, &#8211;<br>A temet\u0151.<br><br>Pest, 1845. janu\u00e1r<br><br><br><em><strong>HOL VAGY TE, R\u00c9GI KEDVEM?<\/strong><\/em><br><br>Hol vagy te, r\u00e9gi kedvem?<br>Te pajkos, vad fi\u00fa!<br>F\u00f6lv\u00e1lta ly\u00e1nytestv\u00e9red,<br>A sz\u00f3tlan, m\u00e9la b\u00fa.<br><br>J\u00e1t\u00e9kszered volt sz\u00edvem,<br>Hov\u00e1 nem hordoz\u00e1d!<br>Nyilk\u00e9nt rohanva, vitted<br>A nagy vil\u00e1gon \u00e1t,<br><br>M\u00edg v\u00e9gre megbotlott\u00e1l<br>Egy s\u00edrhalom f\u00f6l\u00f6tt<br>S estedben a j\u00e1t\u00e9kszer,<br>Szivem, kett\u00e9t\u00f6r\u00f6tt.<br><br><em>Pest, 1845. janu\u00e1r<\/em><br><br><br><em><strong>PANASZKOD\u00c1M H\u00c1T?&#8230;<\/strong><\/em><br><br>Panaszkod\u00e1m h\u00e1t? elpanaszol\u00e1m<br>Szivem baj\u00e1t, b\u00faj\u00e1t az embereknek?<br>Mik\u00e9nt, ha ujj\u00e1t megmetsz\u00e9, a gyermek<br>Panaszkodik&#8230; sz\u00e9gyen, sz\u00e9gyen re\u00e1m!<br><br>S volt a panasz v\u00e9gt\u00e9re is mi\u00e9rt?<br>Hisz keserv\u00e9t mutat\u00f3 kebelnek<br>Vagy sz\u00e1nalommal vagy g\u00fannyal fizetnek,<br>S egyik sem kell&#8230; egyik, mint m\u00e1sik s\u00e9rt.<br><br>Vagy elmondhattam sz\u00f3val sorsomat?<br>Elmondhat\u00e1m? mi az: mid\u0151n a l\u00e9lek,<br>S\u00edrhalma mellett porl\u00f3 kedves\u00e9nek,<br>Egy k\u00ednba f\u00fal\u00f3 \u00e9letet sirat.<br><br>\u00c9s \u00e9n m\u00e9gis, m\u00e9gis panaszkod\u00e1m<br>Kislelk\u00fcen, gy\u00e1v\u00e1n az embereknek,<br>Mik\u00e9nt, ha ujj\u00e1t megmetsz\u00e9, a gyermek<br>Panaszkodik&#8230; sz\u00e9gyen, sz\u00e9gyen re\u00e1m!<br><br>De t\u00f6bb\u00e9, t\u00f6bb\u00e9 nem panaszkodom,<br>B\u00fcv\u00f6s szigett\u00e9 fog v\u00e1ltozni keblem,<br>Honnan ki nem fog \u00fat vezetni, melyben<br>El\u00e1tkozottan \u00e9l a f\u00e1jdalom.<br><br><em>Pest, 1845. janu\u00e1r-febru\u00e1r<\/em><\/p>\r\n","protected":false},"excerpt":{"rendered":"<p>A kamasz katona z\u00e1rk\u00f3zott \u00e9s visszavonult. Szabadnapjain meg-megl\u00e1togatja bar\u00e1tait, P\u00e1khot \u00e9s Orlayt, akik a szeg\u00e9ny di\u00e1ksz\u00e1ll\u00e1sokon alig \u00e9lnek k\u00e9nyelmesebben, mint \u0151 a kasz\u00e1rny\u00e1ban, Sass Istv\u00e1nt, aki a s\u00e1rszentl\u0151rinci iskola ut\u00e1n most Sopronban tanul.De a gyermek katona csak a r\u00e9gi j\u00f3bar\u00e1tnak nyitja meg sz\u00edv\u00e9t. A t\u00f6bbiekkel a kamaszok szok\u00e1sos j\u00f3kedv\u0171 hangj\u00e1n besz\u00e9l. Eltr\u00e9f\u00e1l\u00f3dik vel\u00fck \u2014 a [&hellip;]<\/p>\n","protected":false},"author":3,"featured_media":0,"comment_status":"open","ping_status":"open","sticky":false,"template":"","format":"standard","meta":{"_monsterinsights_skip_tracking":false,"_monsterinsights_sitenote_active":false,"_monsterinsights_sitenote_note":"","_monsterinsights_sitenote_category":0,"ngg_post_thumbnail":0,"footnotes":""},"categories":[120,4],"tags":[],"class_list":["post-99404","post","type-post","status-publish","format-standard","hentry","category-essze","category-vers"],"_links":{"self":[{"href":"https:\/\/ujkafe.website\/index.php?rest_route=\/wp\/v2\/posts\/99404","targetHints":{"allow":["GET"]}}],"collection":[{"href":"https:\/\/ujkafe.website\/index.php?rest_route=\/wp\/v2\/posts"}],"about":[{"href":"https:\/\/ujkafe.website\/index.php?rest_route=\/wp\/v2\/types\/post"}],"author":[{"embeddable":true,"href":"https:\/\/ujkafe.website\/index.php?rest_route=\/wp\/v2\/users\/3"}],"replies":[{"embeddable":true,"href":"https:\/\/ujkafe.website\/index.php?rest_route=%2Fwp%2Fv2%2Fcomments&post=99404"}],"version-history":[{"count":0,"href":"https:\/\/ujkafe.website\/index.php?rest_route=\/wp\/v2\/posts\/99404\/revisions"}],"wp:attachment":[{"href":"https:\/\/ujkafe.website\/index.php?rest_route=%2Fwp%2Fv2%2Fmedia&parent=99404"}],"wp:term":[{"taxonomy":"category","embeddable":true,"href":"https:\/\/ujkafe.website\/index.php?rest_route=%2Fwp%2Fv2%2Fcategories&post=99404"},{"taxonomy":"post_tag","embeddable":true,"href":"https:\/\/ujkafe.website\/index.php?rest_route=%2Fwp%2Fv2%2Ftags&post=99404"}],"curies":[{"name":"wp","href":"https:\/\/api.w.org\/{rel}","templated":true}]}}