
{"id":9948,"date":"2011-07-09T18:20:06","date_gmt":"2011-07-09T18:20:06","guid":{"rendered":"https:\/\/ujkafe.website\/?p=9948"},"modified":"2011-12-02T06:27:03","modified_gmt":"2011-12-02T06:27:03","slug":"lirai-tozsde-szemelt-versek-17","status":"publish","type":"post","link":"https:\/\/ujkafe.website\/?p=9948","title":{"rendered":"L\u00edrai t\u0151zsde. SZEMELT versek (16)"},"content":{"rendered":"<p><strong><em>BAUDOLINO<br \/>\nTaganrogi f\u00e1k<\/em><\/strong><\/p>\n<p>Egy sosem volt ny\u00e1r hev\u00e9ben, m\u00falik az \u00e9let.<br \/>\nMag\u00e1nyos n\u0151k szem\u00e9ben csal\u00f3ka k\u00e9pek.<\/p>\n<p>A b\u0171v\u00f6s t\u00f3 t\u00fckr\u00e9n a sir\u00e1ly rep\u00fcl m\u00e9g.<br \/>\nCsendes a t\u00e1rsas\u00e1g, a pisztoly t\u00f6ltve m\u00e1r.<!--more--><\/p>\n<p>Ragyog a ny\u00edrf\u00e1k k\u00e9rge, mind kir\u00fcgyeznek.<br \/>\nA moszkvai boldog napok \u00fajra \u00fczennek.<\/p>\n<p>B\u00e1natos \u00e9kk\u00f6vek, szem\u00fckben f\u00e9nylenek,<br \/>\ns az \u00e9gre festve \u00e9g az alkonyi messzes\u00e9g.<\/p>\n<p>Taganrogi f\u00e1k, majd elj\u00f6n a ny\u00e1r,s a sz\u00e9l belet\u00e9p hajatokba.<br \/>\nTaganrogi f\u00e1k, mind, ami f\u00e1j, csak \u0151rizitek magatokba.<\/p>\n<p>\u00dcres teraszon  \u00e1ll egy ter\u00edtett asztal.<br \/>\nIndulni k\u00e9ne, senki nem marasztal.<\/p>\n<p>Valakik j\u00f6nnek, majd elt\u00fcnedeznek.<br \/>\nA semmibe nagyot l\u00e9pnek a szit\u00e1l\u00f3 \u0151szi f\u00e9nyben.<\/p>\n<p>T\u00e9l van Meluhov\u00f3ban, s mind tovat\u0171ntek.<br \/>\nA sz\u00e1ntalp a puha h\u00f3ba hogy\u2019 beles\u00fcpped.<\/p>\n<p>S a titok a sz\u00f3ban, az elapad\u00f3ban,<br \/>\nmint a sz\u00e1n nyoma iramlik tova.<\/p>\n<p>Taganrogi f\u00e1k, majd elj\u00f6n a ny\u00e1r,s a sz\u00e9l belet\u00e9p hajatokba.<br \/>\nTaganrogi f\u00e1k, mind, ami f\u00e1j, csak \u0151rizitek magatokba.<\/p>\n<p><strong><em>Baudolino (alias Szab\u00f3 Zolt\u00e1n)<\/em><\/strong> <em>tan\u00e1rnak vallja mag\u00e1t s Kecskem\u00e9t mellett \u00e9l egy tany\u00e1n. Nem remete, cselekv\u0151 szellemi epikureizmusban utazik. Dalsz\u00f6vegei, dalai l\u00edrai m\u00e9lys\u00e9gekig hatolnak, esem\u00e9nny\u00e9 avatj\u00e1k a bar\u00e1tai r\u00e9szv\u00e9tel\u00e9vel tavaszonk\u00e9nt megrendezett Macskak\u00f6zi Woodstockot; k\u00f6lt\u0151i \u00e9rz\u00e9kenys\u00e9ge nem egyszer serkent\u0151en meg\u00e9rintett, mik\u00e9nt e felesel\u0151 dalban-ellendalban.<\/em><\/p>\n<p><strong><em>CSEKE G\u00c1BOR<br \/>\nmadarak \u00f3r\u00e1ja<\/em><\/strong><\/p>\n<p>d\u00fas cs\u00f6ppekben potyog a csurog a cs\u00f6nd a f\u00e1kr\u00f3l<br \/>\nmadarak \u00f3r\u00e1ja ez a ny\u00e1l kicsordul a sz\u00e1mb\u00f3l<br \/>\nm\u00edg f\u00e9szkel\u0151dve fordulok az \u00e1gyon<br \/>\nolvatag e vil\u00e1g \u00f6sszeomlik az \u00e1lom<br \/>\nmely addig \u00e9letben tartotta lebeg\u0151 feled\u00e9sem<br \/>\nsz\u00e1ll\u00f3 homok lepi be zsibbadt testem eg\u00e9szen<br \/>\nh\u0171s v\u00e1sznak lebegnek l\u00e1ngol\u00f3 arcomba csap\u00f3dnak<br \/>\nnincs m\u00e1r ott helye se cs\u00f3knak se pofonnak<br \/>\nelsz\u00f3lja mag\u00e1t egy \u00e9led\u0151 cs\u00edz majd m\u00e9g egy m\u00e1r h\u00e1rom<br \/>\ncsipk\u00e9zi a cs\u00f6ndet \u00e9n meg szorongva v\u00e1rom<br \/>\nhogy a h\u00e1ts\u00f3 gondolatok el\u0151re nyomulnak<br \/>\n\u00e9s mint az \u00e1tok fej\u00fcnkre vissza-visszahullnak<br \/>\nm\u00edg \u00e9letre kel a k\u00f3rus \u00e9s f\u00e9ny der\u00fcl napunkra<br \/>\ns megsz\u0171nnek a titkok indul a szokott ugrabugra<\/p>\n<p>de m\u00e9g csak a madarak \u00f3r\u00e1ja ez amit most \u00edm kilest\u00fcnk<br \/>\nhaldoklik a cs\u00f6nd s a mad\u00e1rsz\u00f3 untig csattog felett\u00fcnk<\/p>\n<p>*<\/p>\n<p><em>A dalok zen\u00e9s v\u00e1ltozata meghallgathat\u00f3 al\u00e1bb:<\/em><\/p>\n<p><strong><a href=\"http:\/\/ingyenvisz.com\/index.php?option=com_content&amp;view=article&amp;id=36821:amerikai-bajok-te-ezek-az-amerikaiak-a-nyari-koncertbl&amp;catid=2601:luxemburg&amp;Itemid=2781\">1. Taganrogi f\u00e1k<\/a><\/strong> <strong><a href=\"http:\/\/ingyenvisz.com\/index.php?option=com_content&amp;view=article&amp;id=37001:madarak-vers-cseke-gabor-zene-baudolino&amp;catid=1821:dalok&amp;Itemid=2141\"> 2. Madarak \u00f3r\u00e1ja<\/a><\/strong><\/p>\n","protected":false},"excerpt":{"rendered":"<p>BAUDOLINO Taganrogi f\u00e1k Egy sosem volt ny\u00e1r hev\u00e9ben, m\u00falik az \u00e9let. Mag\u00e1nyos n\u0151k szem\u00e9ben csal\u00f3ka k\u00e9pek. A b\u0171v\u00f6s t\u00f3 t\u00fckr\u00e9n a sir\u00e1ly rep\u00fcl m\u00e9g. Csendes a t\u00e1rsas\u00e1g, a pisztoly t\u00f6ltve m\u00e1r.<\/p>\n","protected":false},"author":3,"featured_media":0,"comment_status":"open","ping_status":"open","sticky":false,"template":"","format":"standard","meta":{"_monsterinsights_skip_tracking":false,"_monsterinsights_sitenote_active":false,"_monsterinsights_sitenote_note":"","_monsterinsights_sitenote_category":0,"ngg_post_thumbnail":0,"footnotes":""},"categories":[28,4],"tags":[],"class_list":["post-9948","post","type-post","status-publish","format-standard","hentry","category-dal","category-vers"],"_links":{"self":[{"href":"https:\/\/ujkafe.website\/index.php?rest_route=\/wp\/v2\/posts\/9948","targetHints":{"allow":["GET"]}}],"collection":[{"href":"https:\/\/ujkafe.website\/index.php?rest_route=\/wp\/v2\/posts"}],"about":[{"href":"https:\/\/ujkafe.website\/index.php?rest_route=\/wp\/v2\/types\/post"}],"author":[{"embeddable":true,"href":"https:\/\/ujkafe.website\/index.php?rest_route=\/wp\/v2\/users\/3"}],"replies":[{"embeddable":true,"href":"https:\/\/ujkafe.website\/index.php?rest_route=%2Fwp%2Fv2%2Fcomments&post=9948"}],"version-history":[{"count":0,"href":"https:\/\/ujkafe.website\/index.php?rest_route=\/wp\/v2\/posts\/9948\/revisions"}],"wp:attachment":[{"href":"https:\/\/ujkafe.website\/index.php?rest_route=%2Fwp%2Fv2%2Fmedia&parent=9948"}],"wp:term":[{"taxonomy":"category","embeddable":true,"href":"https:\/\/ujkafe.website\/index.php?rest_route=%2Fwp%2Fv2%2Fcategories&post=9948"},{"taxonomy":"post_tag","embeddable":true,"href":"https:\/\/ujkafe.website\/index.php?rest_route=%2Fwp%2Fv2%2Ftags&post=9948"}],"curies":[{"name":"wp","href":"https:\/\/api.w.org\/{rel}","templated":true}]}}