
{"id":99490,"date":"2022-01-20T02:54:45","date_gmt":"2022-01-20T02:54:45","guid":{"rendered":"https:\/\/ujkafe.website\/?p=99490"},"modified":"2022-01-19T21:48:25","modified_gmt":"2022-01-19T21:48:25","slug":"petofi-emlekev-2022-olvassuk-egyutt-a-kolto-verseit-21","status":"publish","type":"post","link":"https:\/\/ujkafe.website\/?p=99490","title":{"rendered":"Pet\u0151fi-eml\u00e9k\u00e9v: 2022 \u2013 Olvassuk egy\u00fctt a k\u00f6lt\u0151 verseit (21)"},"content":{"rendered":"\r\n<p><em>&#8230;Mi \u00fcld\u00f6zte el Kecskem\u00e9tr\u0151l? A nyomor, amely mint tudjuk, mag\u00e1t csalf\u00e1n mindig helyi jelens\u00e9gnek t\u00fcnteti f\u00f6l, vagy a sz\u00edn\u00e9szek k\u00f6zt minden\u00fctt egyform\u00e1n d\u00fal\u00f3 \u00e1rm\u00e1ny? Vagy a h\u00e1l\u00f3t\u00e1rs N\u00e9methy f\u00f6ltev\u00e9s\u00e9t kell elfogadnunk, aki szerint a Pestre szerz\u0151d\u00f6tt Mimi de Caux kedv\u00e9\u00e9rt hagyta ott Kecskem\u00e9tet, az egyetlen kedv\u00e9\u00e9rt, akit a sz\u00edn\u00e9szn\u0151k k\u00f6z\u00f6tt meg-megl\u00e1togatott? K\u00e9s\u00e9ssel<\/em> <em>\u00e9rkezik Pestre, nemcsak az\u00e9rt, mert kocsira \u00e9s \u00fatraval\u00f3ra p\u00e9nze most sincsen: gyalogl\u00e1s k\u00f6zben er\u0151t vesz rajta a betegs\u00e9g, napokig hentereg valami \u00fatsz\u00e9li cs\u00e1rda vagy jobb\u00e1gyh\u00e1z szalmazs\u00fapj\u00e1n. Ki \u00e1polta? Mivel tudta el\u00e9rni, hogy egy fill\u00e9r fizets\u00e9g n\u00e9lk\u00fcl is akadt, aki most is elgondozta \u0151t, a kezelhetetlent? Pesten V\u00f6r\u00f6smarty n\u00e9h\u00e1ny forintot ad neki, szem\u00e9rmesen bor\u00edt\u00e9kba z\u00e1rva, ahogy m\u00e1r az \u00e9rz\u00e9keny lelk\u0171 k\u00f6lt\u0151ket d\u00edjazni szok\u00e1s. Pozsonyba k\u00e9sz\u00fcl, de k\u00f6zben m\u00e9g ler\u00e1ndul P\u00e1p\u00e1ra.<\/em><br><em>Itt ism\u00e9t Orlay fogadja, ez\u00fattal is meglep\u0151dve. \u201eMost is \u00e9l\u00e9nken eml\u00e9kezetemben van az az \u00e1mulat, melybe v\u00e9letlen megjelen\u00e9s\u00e9vel \u00e9ppen n\u00e1lam lev\u0151 n\u00e9h\u00e1ny bar\u00e1taimat ejtette. K\u00fcl\u00f6nben is fak\u00f3 ruh\u00e1ja az \u00fat por\u00e1t\u00f3l el volt lepve, s oldalt kid\u0171lt csizm\u00e1j\u00e1n kapc\u00e1ja kandik\u00e1lt ki, batyuj\u00e1t k\u00f6nnyen b\u00edrta, mert abban vajmi kev\u00e9s volt. De az\u00e9rt der\u00fclt arccal borult nyakunkba, \u00f6sszevissza cs\u00f3kolt, s oly vidoran tr\u00e9f\u00e1lt meg\u00fctk\u00f6z\u00e9s\u00fcnk f\u00f6l\u00f6tt, mintha abban semmi rendk\u00edv\u00fcli nem lett volna, hogy \u0151 oly v\u00e9letlen, mondhatn\u00e1m a k\u00e9m\u00e9nyen \u00e1t pottyant k\u00f6z\u00e9nk. Mi a viszontl\u00e1t\u00e1s \u00f6r\u00f6m\u00e9re egy \u00fcveg bort hozattunk, ami kev\u00e9s jutott abb\u00f3l egyre, azt vele \u00f6sszekoccintva ki\u00fcr\u00edtett\u00fck&#8230;<\/em><!--more--><br><em>\u00c9n m\u00e1sodmagammal laktam egy sz\u0171k szob\u00e1ban, s m\u00e9g egy harmadiknak sehogy se tudtunk abban helyet csin\u00e1lni, mi\u00e9rt is Domanovszky Endre, ki Puzdor Gyula tan\u00edtv\u00e1ny\u00e1val t\u00e1gas, sz\u00e9p szob\u00e1t b\u00edrt<\/em>, <em>osztotta meg vele lak\u00e1s\u00e1t. \u00c1gy h\u00edj\u00e1ban egy kis s\u00e1rga gyapjas bund\u00e1mat haszn\u00e1lta, melyet a padl\u00f3ra ter\u00edtett; s melyhez Domanovszky egy p\u00e1rn\u00e1t adott. De b\u00e1r iskol\u00e1ba nem j\u00e1rt, annak k\u00f6nyvt\u00e1r\u00e1t ugyancsak haszn\u00e1lta, s Domanovszky panaszolta nekem, hogy gyakran reggeli h\u00e1rom-n\u00e9gy \u00f3r\u00e1ig is \u00e9geti a gyerty\u00e1t, s ha \u0151t arra inti, hogy ne rontsa a szem\u00e9t, \u0151 viszont rests\u00e9ggel v\u00e1dolta. Az \u00f6nk\u00e9pz\u0151 t\u00e1rsulat \u00fcl\u00e9seiben gyakran r\u00e9szt vett. Domanovszky lak\u00e1sa Bocsor tan\u00e1r\u00e9val egy h\u00e1zban volt, s ennek lelkes neje f\u00e9rj\u00e9nek haszn\u00e1lt ruh\u00e1ival l\u00e1tta el.&#8221;<\/em><br><em>Mi\u00e9rt ment ism\u00e9t P\u00e1p\u00e1ra, ha m\u00e1r k\u00eds\u00e9rletet sem tesz az iskol\u00e1val? Meglehet, csak az\u00e9rt a p\u00e1r darab viseltes ruh\u00e1\u00e9rt, amellyel Bocsor\u00e9k j\u00f3sz\u00edv\u0171en megaj\u00e1nd\u00e9kozt\u00e1k. H\u00e1t azok mi\u00e9rt szerett\u00e9k meg? A cip\u0151, sajnos, egy kicsit nagy, akkora, hogy majdnem bele\u00fclhetne. Ezekben a boh\u00f3ci l\u00e1bbelikben klappog fel Pozsonyba, ahova a nemzet sz\u00edne-java gy\u00fclekezik az \u0151fens\u00e9ge \u00e1ltal hirdetett orsz\u00e1ggy\u0171l\u00e9sre&#8230;<\/em><br><em>Term\u00e9szetesen nem az orsz\u00e1ggy\u0171l\u00e9s cs\u00e1b\u00edtja, nem is a \u201epezsg\u0151&#8221; szellemi \u00e9let. Meglep\u0151, hogy \u0151, aki k\u00e9s\u0151bb a nemzet legkisebb \u00fcgy\u00e9t is a saj\u00e1t halaszthatatlan, szem\u00e9lyes dolg\u00e1nak, s\u0151t becs\u00fclet\u00e9t \u00e9rint\u0151 k\u00e9rd\u00e9snek tekinti, mily kev\u00e9s \u00e9rdekl\u0151d\u00e9st mutat a di\u00e9ta viharos \u00fcl\u00e9sei, a nagy nekibuzdul\u00e1sok \u00e9s m\u00e9g nagyobb halogat\u00e1sok ir\u00e1nt. Keveset? Semmit. Holott ott van a k\u00f6zpontban, a h\u00edreket a legk\u00f6zvetlenebb forr\u00e1sb\u00f3l mer\u00edtheti. Sz\u00edn\u00e9sznek nem vett\u00e9k fel, \u201e\u00edgy nem maradt h\u00e1tra, mint \u00edr\u00e1s \u00e1ltal biztos\u00edtani itt maradhat\u00e1somat \u2014 \u00edrja akaratlan szat\u00edr\u00e1val a j\u00f3lelk\u0171 Bajz\u00e1nak \u2014, eg\u00e9sz nap \u00edrom a Z\u00e1borszky \u00e1ltal szerkesztett orsz\u00e1ggy\u0171l\u00e9si tud\u00f3s\u00edt\u00e1sokat.&#8221; Tudjuk, gy\u00f6ny\u00f6r\u0171 k\u00e9z\u00edr\u00e1sa volt, s balogsuta l\u00e9v\u00e9n, bal kez\u00e9vel is oly k\u00f6nnyen \u00edrt, ak\u00e1r a jobbal, f\u00f6lhaszn\u00e1lhatta h\u00e1t istenadta tehets\u00e9g\u00e9t. De a munka csak m\u00e1sol\u00f3munka\u2026<\/em><br><em>\u2026 Amikor k\u00e9s\u0151bb Pozsony v\u00e1rosa eml\u00e9kt\u00e1bl\u00e1val akarja, megjel\u00f6lni a k\u00f6lt\u0151 lak\u00e1s\u00e1t, a lelkiismeretes ut\u00e1nj\u00e1r\u00e1s kider\u00edti, hogy ilyen tulajdonk\u00e9ppen nem volt; Pozsonyban a k\u00f6lt\u0151 tart\u00f3zkodott ugyan, de nem lakott. \u00c9jszak\u00e1ra a ligetben keresett nyugv\u00f3helyet, ha kell\u0151 id\u0151ben nem tudta valamelyik ist\u00e1ll\u00f3ba vagy nyomortany\u00e1ra bekunyer\u00e1lni mag\u00e1t. Nem csod\u00e1lhatjuk, hogy nemigen figyel arra, amit \u00edr, azaz csak le\u00edr: E\u00f6tv\u00f6s, Szalay L\u00e1szl\u00f3 lelkes sz\u00f3noklataira, a konzervat\u00edvok b\u00f6lcs sz\u00f3sz\u00e1ty\u00e1rkod\u00e1s\u00e1ra\u2026<\/em><br><em>M\u00e1s gondja van neki&#8230; \u201ea fizet\u00e9s oly nyomor\u00fa \u2014 \u00edrja tov\u00e1bb Bajz\u00e1nak, aki el\u0151tt mindjobban megnyitja sz\u00edv\u00e9t \u2014, hogy el\u00e9g megszereznem mindennapi kenyeremet. S amellett szemem, mellein gyeng\u00fcl; s e sz\u00e1raz foglalkoz\u00e1sn\u00e1l a m\u00fazsa is ker\u00fcl&#8230; \u00edgy, amint vagyok, lehetetlen, koldus vagyok.&#8221;<\/em><br><em>Nem lehetett kis dolog ezt a sz\u00f3t pap\u00edrra vetnie:: nem szokott ilyeneket csak \u00fagy le\u00edrni. \u201eMeg fog a Tekintetes \u00dar bocs\u00e1tani, hogy sorsom panaszl\u00e1s\u00e1val untatom; de nekem senkim sincs a vil\u00e1gon, senkim, aki el\u0151tt bizalommal nyithatn\u00e1m meg keblemet.&#8221; <strong>(Illy\u00e9s Gyula: Pet\u0151fi S\u00e1ndor)<\/strong><\/em><br><br><\/p>\r\n<h2><em><strong>Pet\u0151fi S\u00e1ndor: A SZ\u00c9L<\/strong><\/em><br><br><\/h2>\r\n<p>Ma l\u00e1gyan suttog\u00f3, szel\u00edd szell\u0151 vagyok,<br>Z\u00f6ldel\u0151 mez\u0151k\u00f6n f\u00f6l s al\u00e1 s\u00e9t\u00e1lok,<br>Cs\u00f3kot lehelek a bimb\u00f3k ajak\u00e1ra,<br>\u00c9des meleg cs\u00f3kom h\u0171 szerelmi z\u00e1log.<br>&#8222;Ny\u00edljatok, ny\u00edljatok, tavasz sz\u00e9p le\u00e1nyi,&#8221;<br>Ezt sugom f\u00fcl\u00f6kbe, &#8222;ny\u00edljatok, ny\u00edljatok!&#8221;<br>\u00c9s \u0151k szem\u00e9rmesen levetik lepl\u00f6ket,<br>S \u00e9n sz\u00e9p kebl\u00f6k\u00f6n a k\u00e9jt\u0151l el\u00e1julok.<br><br>Holnap s\u00fcv\u00f6lt\u0151 hang, vad fuvalom leszek,<br>Reszket el\u0151ttem a bokor, mert f\u00e9l t\u0151lem,<br>L\u00e1tja, hogy kezemben k\u00e9s van, k\u00f6sz\u00f6r\u00fclt k\u00e9s,<br>S tudja, hogy lombjait azzal lemet\u00e9lem.<br>A vir\u00e1goknak ezt sziszegem f\u00fcl\u00e9be:<br>&#8222;Balga, k\u00f6nnyenhiv\u0151 ly\u00e1nyok, hervadjatok!&#8221;<br>\u0150k hervadtan hullnak az \u0151sz kebel\u00e9re,<br>S \u00e9n rajtok hidegen, g\u00fanyosan kacagok.<br><br>Ma l\u00e1gy szell\u0151 vagyok, csendes foly\u00f3 gyan\u00e1nt<br>\u00daszom \u00e1t a l\u00e9get n\u00e9ma ny\u00fagalomban,<br>L\u00e9tez\u00e9semet csak a kis m\u00e9he tudja,<br>Mely hazafel\u00e9 tart a r\u00e9tr\u0151l f\u00e1radtan;<br>Ha f\u00e1radtan sz\u00e1ll a kis m\u00e9h a tehert\u0151l,<br>Melyet oldal\u00e1n visz, melyb\u0151l m\u00e9zet k\u00e9sz\u00edt,<br>Tenyeremre veszem a kicsiny bogarat,<br>Ugy seg\u00edtem el\u0151 lankadt r\u00f6p\u00fcl\u00e9sit.<br><br>Holnap vihar leszek, z\u00fag\u00f3-b\u0151g\u0151 vihar,<br>Szilaj parip\u00e1mon a tengert bej\u00e1rom,<br>S mint a tan\u00edt\u00f3 a csintalan gyermeknek,<br>S\u00f6t\u00e9tz\u00f6ld \u00fcst\u00f6k\u00e9t haragosan r\u00e1zom.<br>Bej\u00e1rom a tengert, s ha haj\u00f3t tal\u00e1lok:<br>Sz\u00e1rny\u00e1t, a lobog\u00f3 vitorl\u00e1t kit\u00e9pem,<br>S \u00e1rboc\u00e1val \u00edrom a habokba sors\u00e1t,<br>Hogy nem fog pihenni t\u00f6bb\u00e9 kik\u00f6t\u0151ben!<br><br><em>Pest, 1847. febru\u00e1r<\/em><br><br><br><em><strong>\u00c9DES \u00d6R\u00d6M, ITTALAK M\u00c1R&#8230;<\/strong><\/em><br><br>\u00c9des \u00f6r\u00f6m, ittalak m\u00e1r,<br>\u00c9s hova lett az a poh\u00e1r,<br>Amelyb\u0151l ittalak t\u00e9ged?<br>\u00d6sszet\u00f6r\u00f6tt, cser\u00e9pp\u00e9 lett.<br><br>Keser\u0171 b\u00fa, ittalak m\u00e1r,<br>\u00c9s hova lett az a poh\u00e1r,<br>Amelyb\u0151l ittalak t\u00e9ged?<br>\u00d6sszet\u00f6r\u00f6tt, cser\u00e9pp\u00e9 lett.<br><br>F\u00e9nyes nap a sz\u00edv \u00f6r\u00f6me,<br>S\u00f6t\u00e9t felh\u0151 takarja be.<br>S\u00f6t\u00e9t felh\u0151 a sz\u00edv b\u00faja,<br>Szell\u0151 j\u00f6n \u00e9s od\u00e1bb f\u00faja.<br><br>Olyan vagyok, mint az \u00e1rny\u00e9k,<br>Mintha temet\u0151ben j\u00e1rn\u00e9k.<br>Elmult id\u0151, elmult id\u0151,<br>Te vagy, te vagy a temet\u0151.<br><br>A temet\u0151 \u00e9jjel\u00e9ben<br>Bolyg\u00f3t\u0171z az \u00e9n vez\u00e9rem.<br>Mult napjaim s\u00edrja felett<br>Bolyg\u00f3t\u0171z az eml\u00e9kezet.<br><br>Mozd\u00falni kezd a leveg\u0151,<br>Halk, de h\u0171v\u00f6s fuvalom j\u0151,<br>\u00c9s t\u0151lem suttogva k\u00e9rdi:<br>Nem legjobb-e sosem \u00e9lni?<br><br><em>Pest, 1847. febru\u00e1r<\/em><br><br><br><em><strong>UJONNAN VISSZAJ\u00d6TT A R\u00c9GI BAJ&#8230;<\/strong><\/em><br><br>Ujonnan visszaj\u00f6tt a r\u00e9gi baj,<br>Amely a m\u00e1svil\u00e1gnak k\u00f6vete,<br>S hozz\u00e1m \u00edgy sz\u00f3l: szedd \u00f6ssze magadat,<br>El fogsz utazni a f\u00f6ld m\u00e9lyibe. &#8211;<br>Er\u0151m fut, mint a gy\u00e1va hadsereg,<br>Itt h\u00e1gy magamra, gy\u00f6ng\u00e9n, egyed\u0171l,<br>\u00c9s v\u00e9rem, a v\u00e9g-b\u00facsuz\u00e1sra t\u00e1n,<br>Elhagyv\u00e1n arcomat, szivembe gy\u0171l.<br><br>Mit t\u00e9tov\u00e1zol \u00fagy, hal\u00e1l, mi\u00e9rt<br>Meg nem halok? vagy m\u00e9rt vagyok beteg?<br>F\u00e9lsz hozz\u00e1m ny\u00falni, te hatalmas \u00far?<br>Vagy csak ijesztesz?&#8230; meg nem ijedek.<br>Ki az \u00e9lettel, mint \u00e9n, szembesz\u00e1llt,<br>Az b\u00e1toran n\u00e9z a hal\u00e1l szem\u00e9be!<br>Az \u00e9let r\u00f6vid b\u00e9ke s hosszu harc<br>\u00c9s a hal\u00e1l r\u00f6vid harc s hosszu b\u00e9ke.<br><br>De m\u00e9g k\u00e1r lenne \u00e9rettem tal\u00e1n.<br>Oh keblemben m\u00e9g annyi dal szunyad,<br>Eg\u00e9sz egy erd\u0151 magva, mely ha feln\u0151,<br>Sok f\u00e1radt \u00fatasnak h\u00fcs \u00e1rnyat ad.<br>S eddig csak \u00edrtam, hol van m\u00e9g a tett?<br>Piros bet\u0171k az \u00fcnnep napjai,<br>S \u00edgy \u00e9letemnek nincs m\u00e9g \u00fcnnepe,<br>Hogy az legyen, v\u00e9rem kell ontani!<br><br>Meg\u00e9rem-e ezt \u00e9n? vagy miel\u0151tt<br>Rivalg\u00f3 zaj k\u00f6zt harci parip\u00e1ra<br>Pattanhatn\u00e9k f\u00f6l: t\u00e1n sz\u00e9p csendesen<br>R\u00e1fektetnek majd szent Mih\u00e1ly lov\u00e1ra?<br>Ha meg kell halnom, hogyha most halok meg,<br>J\u0151j el sietve, kedves kikelet,<br>J\u0151j el hamar, hadd l\u00e1ss m\u00e9g egyszer engem,<br>Hogy l\u00e1ssalak m\u00e9g egyszer t\u00e9gedet.<br><br>Kett\u0151ztesd meg l\u00e9p\u00e9sid, sz\u00e9p tavasz,<br>A d\u00e9li t\u00e1jr\u00f3l gyorsan j\u0151j el\u0151:<br>Ha m\u00e1r az \u00e9let oly bor\u00fas vala,<br>Legyen hal\u00e1lom napj\u00e1n j\u00f3 id\u0151.<br>J\u0151j, dr\u00e1ga vend\u00e9g, s hozz vir\u00e1gokat,<br>&#8211; A f\u00f6ld most olyan rideg puszta rom &#8211;<br>Ha m\u00e1r vir\u00e1gtalan volt \u00e9letem,<br>Legyen vir\u00e1gos legal\u00e1bb sirom!<br><br><em>Pest, 1847. m\u00e1rcius 1.<\/em><\/p>\r\n","protected":false},"excerpt":{"rendered":"<p>&#8230;Mi \u00fcld\u00f6zte el Kecskem\u00e9tr\u0151l? A nyomor, amely mint tudjuk, mag\u00e1t csalf\u00e1n mindig helyi jelens\u00e9gnek t\u00fcnteti f\u00f6l, vagy a sz\u00edn\u00e9szek k\u00f6zt minden\u00fctt egyform\u00e1n d\u00fal\u00f3 \u00e1rm\u00e1ny? Vagy a h\u00e1l\u00f3t\u00e1rs N\u00e9methy f\u00f6ltev\u00e9s\u00e9t kell elfogadnunk, aki szerint a Pestre szerz\u0151d\u00f6tt Mimi de Caux kedv\u00e9\u00e9rt hagyta ott Kecskem\u00e9tet, az egyetlen kedv\u00e9\u00e9rt, akit a sz\u00edn\u00e9szn\u0151k k\u00f6z\u00f6tt meg-megl\u00e1togatott? K\u00e9s\u00e9ssel \u00e9rkezik Pestre, nemcsak [&hellip;]<\/p>\n","protected":false},"author":3,"featured_media":0,"comment_status":"open","ping_status":"open","sticky":false,"template":"","format":"standard","meta":{"_monsterinsights_skip_tracking":false,"_monsterinsights_sitenote_active":false,"_monsterinsights_sitenote_note":"","_monsterinsights_sitenote_category":0,"ngg_post_thumbnail":0,"footnotes":""},"categories":[120,4],"tags":[],"class_list":["post-99490","post","type-post","status-publish","format-standard","hentry","category-essze","category-vers"],"_links":{"self":[{"href":"https:\/\/ujkafe.website\/index.php?rest_route=\/wp\/v2\/posts\/99490","targetHints":{"allow":["GET"]}}],"collection":[{"href":"https:\/\/ujkafe.website\/index.php?rest_route=\/wp\/v2\/posts"}],"about":[{"href":"https:\/\/ujkafe.website\/index.php?rest_route=\/wp\/v2\/types\/post"}],"author":[{"embeddable":true,"href":"https:\/\/ujkafe.website\/index.php?rest_route=\/wp\/v2\/users\/3"}],"replies":[{"embeddable":true,"href":"https:\/\/ujkafe.website\/index.php?rest_route=%2Fwp%2Fv2%2Fcomments&post=99490"}],"version-history":[{"count":0,"href":"https:\/\/ujkafe.website\/index.php?rest_route=\/wp\/v2\/posts\/99490\/revisions"}],"wp:attachment":[{"href":"https:\/\/ujkafe.website\/index.php?rest_route=%2Fwp%2Fv2%2Fmedia&parent=99490"}],"wp:term":[{"taxonomy":"category","embeddable":true,"href":"https:\/\/ujkafe.website\/index.php?rest_route=%2Fwp%2Fv2%2Fcategories&post=99490"},{"taxonomy":"post_tag","embeddable":true,"href":"https:\/\/ujkafe.website\/index.php?rest_route=%2Fwp%2Fv2%2Ftags&post=99490"}],"curies":[{"name":"wp","href":"https:\/\/api.w.org\/{rel}","templated":true}]}}