
{"id":99509,"date":"2022-01-21T02:56:57","date_gmt":"2022-01-21T02:56:57","guid":{"rendered":"https:\/\/ujkafe.website\/?p=99509"},"modified":"2022-01-20T19:25:23","modified_gmt":"2022-01-20T19:25:23","slug":"petofi-emlekev-2022-olvassuk-egyutt-a-kolto-verseit-22","status":"publish","type":"post","link":"https:\/\/ujkafe.website\/?p=99509","title":{"rendered":"Pet\u0151fi-eml\u00e9k\u00e9v: 2022 \u2013 Olvassuk egy\u00fctt a k\u00f6lt\u0151 verseit (22)"},"content":{"rendered":"\r\n<p><em>&#8230;Az ifj\u00fa k\u00f6lt\u0151 gyanakodva tekint sz\u00e9t a \/pozsonyi\/ szalonokban. Nem a faragatlan vid\u00e9kiek esetlens\u00e9g\u00e9vel, ahogy bar\u00e1tai gondolj\u00e1k: a sz\u00e1m\u0171zettek g\u0151gj\u00e9vel. K\u00fcl\u00f6n\u00f6s, hogy \u0151, az \u00e9henk\u00f3r\u00e1sz, szinte v\u00e1rja \u00e9s s\u00fcrgeti, hogy kidobj\u00e1k? A gyerekkor sz\u00e9p\u00edt\u0151 eml\u00e9ke megsz\u00e9p\u00edti az elvesztett gazdags\u00e1got is. A hajdani polg\u00e1rian j\u00f3m\u00f3d\u00fa fi\u00fat nem vezethetik oly magas helyre, ahol ne az jusson esz\u00e9be: ehhez is joga van, ezt is elvett\u00e9k t\u0151le &#8230; Aki mindent elvesztett \u2014 a lehet\u0151s\u00e9get \u2014, az a kir\u00e1ly tr\u00f3nj\u00e1t is bitorl\u00e1snak \u00e9rzi&#8230;<\/em><!--more--><br><em>&#8230;Vahot \u00e9s Vachott, a k\u00e9t Kossuth-rajong\u00f3 testv\u00e9r \u00e9s a t\u00f6bbi s vele szint\u00e9n egy f\u00e9szekalja ellenz\u00e9ki ifj\u00fa m\u00e1r l\u00e1tja, amit a k\u00f6lt\u0151 m\u00e9g csak m\u0171\u00f6szt\u00f6n\u00e9vel sejt: a politikai \u00e9s k\u00f6lt\u0151i t\u00f6rekv\u00e9sek rokons\u00e1g\u00e1t. \u0150k, a demokr\u00e1cia nemes el\u0151\u00f6rsei, \u00e9pp emiatt szor\u00edtj\u00e1k karjukba a k\u00f6lt\u0151t, ami miatt a m\u00e1gn\u00e1sok fullajt\u00e1rjai eltasz\u00edtott\u00e1k; a n\u00e9p k\u00e9pvisel\u0151j\u00e9t l\u00e1tj\u00e1k benne. \u2014 J\u00f3 \u00faton haladsz! \u2014 mondja lelkes\u00fclten S\u00e1ndor, az id\u0151sebbik testv\u00e9r, s nem gy\u0151zi dics\u00e9rni a verseket, azt a tizenkett\u0151t, amely m\u00e1r megjelent; s azokat, amelyeket \u2014 boldogan, hogy v\u00e9gre \u00e9rdekl\u0151dik ir\u00e1ntuk valaki \u2014 k\u00e9ziratban mutat meg a szerz\u0151\u2026<\/em><br><em>&#8230;A pozsonyi p\u00e1lyat\u00e1rsak, az ifj\u00fa szin\u00e9szek \u00e9s \u00edr\u00f3k m\u00e9g az igazgat\u00f3t is r\u00e1veszik, hogy l\u00e9ptesse fel a n\u00e9pszer\u0171 k\u00f6lt\u0151t, az ifj\u00fas\u00e1g t\u00f3dulni fog a sz\u00ednh\u00e1zba. Az igazgat\u00f3 hajlik az okos sz\u00f3ra, szerephez, v\u00e9gre egy valamireval\u00f3 szerephez juttatja a fi\u00fat. <\/em><br><em>A pozsonyi n\u00e9h\u00e1ny h\u00e9t&#8230; hatalmas l\u00e9pcs\u0151 a p\u00e1ly\u00e1n. A kezd\u0151b\u0151l, a k\u00eds\u00e9rletez\u0151b\u0151l itt lesz \u201ep\u00e1lyat\u00e1rs&#8221;, azaz kart\u00e1rs. A kor nyelv\u00e9n sz\u00f3lva az inas most szabadul leg\u00e9nny\u00e9. A c\u00e9hnek m\u00e9g nem tagja, de a mesters\u00e9gben m\u00e1r benn van. Itt ker\u00fcl el\u0151sz\u00f6r \u00bbirodalmi vil\u00e1gba\u00ab, olyanba, amelyben fesztelen\u00fcl mozgathatja tagjait, azaz amelyben egy\u00e9nis\u00e9g\u00e9t kialak\u00edthatja.<\/em><br><em>A rendk\u00edv\u00fcl meglep\u0151 mindezek ut\u00e1n az, hogy az \u00fajonj\u00f6tt \u2014 mint hamarosan kider\u00fcl \u2014 a sors e sz\u00e9p kapunyit\u00e1s\u00e1t nem arra haszn\u00e1lja f\u00f6l, hogy min\u00e9l el\u0151bb teljesjog\u00fa \u00edr\u00f3 legyen!<\/em><br><em>&#8230;Az eg\u00e9sz v\u00e1ros tele van j\u00f3akarat\u00fa emberrel. V\u00f6r\u00f6smarty, a legnagyobb k\u00f6lt\u0151, a fiatal k\u00f6lt\u0151 szerint teh\u00e1t a vil\u00e1gon a legnagyobb ember, akinek csak a megpillant\u00e1sa is sz\u00edvdobogtat\u00f3 \u00e9lm\u00e9ny, V\u00f6r\u00f6smarty a szem\u00e9be mondta, hogy sokat v\u00e1r t\u0151le, \u00e9s sz\u00edvesen seg\u00edti, amiben csak seg\u00edtheti&#8230; ha<\/em> <em>akarja, beszerzi a Nemzeti Sz\u00ednh\u00e1zhoz! Bajza, az atyai Bajza, minden vers\u00e9t azonnal elolvassa, hosszan elbesz\u00e9lget r\u00f3luk, tan\u00e1csokat ad! \u00c9s itt vannak a j\u00f3pajt\u00e1sok, a r\u00e9giek, Orlay, Sass Pista \u00e9s a pesti \u00fajak, Lauka Guszt\u00e1v, P\u00e1lffy Albert, akik szint\u00e9n \u00edr\u00f3nak k\u00e9sz\u00fclnek, s \u00edgy szint\u00e9n m\u00e1ris tisztelettel n\u00e9znek r\u00e1, elhallgatnak, ha besz\u00e9lni kezd; az \u0151 szem\u00fckben \u0151 a tekint\u00e9ly \u00e9s term\u00e9szetesen a legnagyobb k\u00f6lt\u0151&#8230;<\/em><br><em>Kora d\u00e9lel\u0151tt m\u00e1r a k\u00e1v\u00e9h\u00e1zban \u00fcl, a Pilvaxban. Van lak\u00e1sa, de itt a bili\u00e1rdgoly\u00f3k csattog\u00e1s\u00e1nak zaj\u00e1ban, a h\u0171v\u00f6s terem f\u00fcst- \u00e9s k\u00e1v\u00e9illat\u00e1ban otthonosabb. Az emberek k\u00f6zels\u00e9ge kell neki? Dolgozik\u2026<strong> (Illy\u00e9s Gyula: Pet\u0151fi S\u00e1ndor)<\/strong><\/em><br><br><br><\/p>\r\n<h2><em><strong>Pet\u0151fi S\u00e1ndor: H\u00c1BORU VOLT&#8230;<\/strong><\/em><br><br><\/h2>\r\n<p>H\u00e1bor\u00fa volt mindig \u00e9ltem<br>Legszebb gondolatja,<br>H\u00e1bor\u00fa, hol v\u00e9r\u00e9t a sz\u00edv<br>Szabads\u00e1g\u00e9rt ontja!<br><br>Egy szents\u00e9g van a vil\u00e1gon,<br>Mely\u00e9rt fegyver\u00fcnkkel<br>S\u00edrunkat meg\u00e1sni m\u00e9lt\u00f3,<br>Mely\u00e9rt v\u00e9rzen\u00fcnk kell;<br><br>Ez a szents\u00e9g a szabads\u00e1g!<br>\u0150r\u00fcltek val\u00e1nak<br>Mindazok, kik m\u00e1s egy\u00e9b\u00e9rt<br>\u00c9ltet \u00e1ldoz\u00e1nak.<br><br>B\u00e9k\u00e9t, b\u00e9k\u00e9t a vil\u00e1gnak,<br>De ne zsarnokk\u00e9nyt\u0151l,<br>B\u00e9k\u00e9t csup\u00e1n a szabads\u00e1g<br>F\u00f6lszentelt kez\u00e9b\u0151l.<br><br>Majd ha \u00edgy lesz a vil\u00e1gon<br>\u00c1ltal\u00e1nos b\u00e9ke,<br>Vess\u00fck akkor fegyver\u00fcnket<br>Tenger fenek\u00e9re.<br><br>De m\u00edg \u00edgy nincs: addig fegyvert,<br>Fegyvert mindhal\u00e1lig!<br>Tartson b\u00e1r a h\u00e1bor\u00fa az<br>It\u00e9let napj\u00e1ig!<br><br><em>Pest, 1847. m\u00e1rcius<\/em><br><br><em><strong>DE M\u00c9RT IS GONDOLOK R\u00c1?&#8230;<\/strong><\/em><br><br>De m\u00e9rt is gondolok r\u00e1?<br>M\u00e9rt gy\u00f6tr\u0151d\u00f6m?&#8230; hiszen<br>M\u00e9g csak h\u00edr\u00e9t sem hallom,<br>M\u00e9g csak nem is izen.<br><br>H\u00e1t ily hamar felejt, ily<br>Hamar felejthetett?<br>Az m\u00e9g val\u00f3szin\u0171bb, hogy<br>Sohasem szeretett.<br><br>Azt tartj\u00e1k: nem a nyelv, de<br>A szem mond igazat.<br>\u00c9n hittem ezt, s hitemnek<br>Gy\u00fcm\u00f6lcse k\u00e1rhozat.<br><br>Hittem szem\u00e9nek, amely<br>Azt mond\u00e1, hogy szeret&#8230;<br>Sz\u00e9gyeld magad, sz\u00e9gyeld, te<br>K\u00f6nnyenhiv\u0151 gyerek!<br><br>Most m\u00e1r egy\u00e9b nincs h\u00e1tra,<br>Mint \u0151t felejteni.<br>Ki innen, ki szivemb\u0151l,<br>Eml\u00e9kem kincsei!<br><br>Haj\u00f3s vagyok, ki v\u00e9szkor<br>Mindent tengerbe v\u00e9t,<br>Hogy az \u00fcres haj\u00f3ban<br>Megmentse \u00e9let\u00e9t.<br><br><em>Pest, 1847. m\u00e1rcius<\/em><br><br><br><em><strong>K\u00c9T S\u00d3HAJ<\/strong><\/em><br><br>Kecskem\u00e9t v\u00e1rosa<br>Siralomh\u00e1z\u00e1ban<br>K\u00e9t ifj\u00fa leg\u00e9ny \u0171l<br>Nagy szomorus\u00e1gban.<br><br>Hadd \u00fcld\u00f6g\u00e9ljenek!<br>Ugysem \u0171lnek h\u00f3nap,<br>H\u00f3nap ilyen t\u00e1jon<br>Leveg\u0151ben l\u00f3gnak.<br><br>El\u0151tt\u00f6k \u00e9tel, bor,<br>De nem kell nekiek,<br>Hisz \u0151k \u00e9hen-szomjan<br>M\u00e1r ugysem halnak meg.<br><br>El\u0151tt\u00f6k van a t\u00e1l,<br>El\u0151tt\u00f6k az \u00fcveg&#8230;<br>Az \u00e9tel megh\u0171lt, s a<br>Bor megmelegedett.<br><br>Csak ugy \u0171ld\u00f6g\u00e9lnek<br>Hallgatag kedv\u00f6kben;<br>Nagyot sohajtanak<br>Egyszer mind a ketten.<br><br>&#8222;Ki ut\u00e1n sohajtasz,<br>\u00c9des j\u00f3 pajt\u00e1som?&#8221;<br>&#8211; &#8222;Szeret\u0151mh\u00f6z r\u00f6p\u00fclt<br>Az \u00e9n sohajt\u00e1som.<br><br>Szeret\u0151mh\u00f6z k\u00fcld\u00f6m<br>Haldokl\u00f3 lelkemet,<br>Az egyetlenegyhez,<br>Ki engemet szeret.<br><br>Sz\u00e9les e vil\u00e1gon<br>Senki meg se l\u00e1tott,<br>De kip\u00f3tolta \u0151<br>Az eg\u00e9sz vil\u00e1got.<br><br>Alig vettem \u00e9szre,<br>Hogy meghalt az any\u00e1m,<br>Szeg\u00e9ny j\u00f3 le\u00e1nyz\u00f3<br>Ugy gondot viselt r\u00e1m.<br><br>\u00c1ldom a j\u00f3 lelk\u00e9t,<br>\u00c1ldja meg az isten,<br>Soha \u00e9let\u00e9ben<br>Egy k\u00f6nnyet se ejtsen!<br><br>H\u00e1t te, cimbor\u00e1m, te<br>Ki\u00e9rt sohajtott\u00e1l?&#8221;<br>&#8211; &#8222;Az \u00e9n sohajom is<br>Ott j\u00e1r galambomn\u00e1l.<br><br>Galamb?&#8230; majd mit mondok!<br>Kigy\u00f3, m\u00e9rges kigy\u00f3.<br>\u0150 volt engemet a<br>Rosz utra cs\u00e1b\u00edt\u00f3.<br><br>Miatta elhagytam<br>J\u00f3 \u00f6reg any\u00e1mat,<br>Azt\u00e1n cserbe hagyott,<br>Sz\u00e9pen od\u00e1bb \u00e1llott.<br><br>\u00c1tkozom-rosz lelk\u00e9t<br>Verje meg az isten,<br>Holtig s\u00edrjon-r\u00edjon,<br>M\u00e1st ne is tehessen.<br><br>V\u00e1lj\u00e9k pokolk\u0151v\u00e9<br>Mindenik k\u00f6nnycseppje,<br>S sziv\u00e9t elevenen<br>Ham\u00fav\u00e1 \u00e9gesse!&#8221;<br><br><em>Pest, 1847. m\u00e1rcius<\/em><br><br><br><em><strong>MI VOLT NEKEM A SZERELEM?<\/strong><\/em><br><br>Mi volt nekem<br>A szerelem?<br>Sz\u00e1mos \u00edzben k\u00f6nny patakja,<br>Gy\u00f6nge sajka \u00faszott rajta,<br>Benne lelkem volt a sajk\u00e1s,<br>Hajt\u00f3 szell\u0151m a sohajt\u00e1s.<br><br>Mi volt nekem<br>A szerelem?<br>Aggodalmak erd\u0151s\u00e9ge,<br>Hangzott s\u0171r\u00fc k\u00f6zep\u00e9be<br>Farkasoknak ord\u00edt\u00e1sa,<br>Denev\u00e9rek vijjog\u00e1sa.<br><br>Mi volt nekem<br>A szerelem?<br>Oktalan kis balga gyermek,<br>Aki pillang\u00f3kat kerget,<br>Kergeti l\u00e9lekszakadva,<br>Mig bebotlik egy \u00e1rokba.<br><br>Mi volt nekem<br>A szerelem?<br>Holt rem\u00e9nyek szemfed\u0151je,<br>S\u00f6t\u00e9t b\u00fab\u00e1natb\u00f3l sz\u0151ve,<br>Vagy piros szek\u00e9r, amelyen<br>Veszt\u0151helyre vittek engem.<br><br>Mi most nekem<br>A szerelem?<br>R\u00f3zsaf\u00e1n kis mad\u00e1rf\u00e9szek,<br>Melyben v\u00edgan f\u00fcty\u00fcr\u00e9szek,<br>S ha f\u00f6ldulja a fergeteg,<br>Od\u00e1bb sz\u00e1llok, m\u00e1st \u00e9p\u00edtek.<br><br><em>Pest, 1847. m\u00e1rcius<\/em><br><br><\/p>\r\n<p><em><strong>KATONA\u00c9LET<\/strong><\/em><br><br>&#8222;Neh\u00e9z nekem m\u00e1r a bocskor,<br>K\u00f6nny\u00fc nekem m\u00e1r az ostor,<br>Csizm\u00e1t h\u00fazok a l\u00e1bamra,<br>Kardot fogok a markomba.<br>Muzsika sz\u00f3l, verbuv\u00e1lnak,<br>F\u00f6lcsapok \u00e9n katon\u00e1nak, hahaha!&#8221;<br><br>Ezt az egyet b\u00f6lcsen teszed;<br>L\u00e1tom, m\u00e1r megj\u00f6n az eszed.<br>Arany\u00e9let, bizony isten!<br>Megpr\u00f3b\u00e1ltam, p\u00e1rja sincsen.<br>Muzsika sz\u00f3l, verbuv\u00e1lnak,<br>Csapj f\u00f6l, \u00f6cs\u00e9m, katon\u00e1nak, hahaha!<br><br>Katon\u00e1nak kutyabaja,<br>Van mit enni \u00e9s innia,<br>Hogyna volna? \u00f6t napra j\u00e1r<br>Tizenhat garas k\u00e9t krajc\u00e1r.<br>Muzsika sz\u00f3l, verbuv\u00e1lnak,<br>Csapj f\u00f6l, \u00f6cs\u00e9m, katon\u00e1nak, hahaha!<br><br>Csak minden harmadnap str\u00e1zs\u00e1lsz,<br>Akkor is csak nyolc \u00f3r\u00e1t \u00e1llsz,<br>Ha hideg van is, meg nem fagysz,<br>Ott a k\u00f6rm\u00f6d, belefujhatsz.<br>Muzsika sz\u00f3l, verbuv\u00e1lnak,<br>Csapj f\u00f6l, \u00f6cs\u00e9m katon\u00e1nak, hahaha!<br><br>Tisztogat\u00e1s sem igen kell,<br>Minek is bajl\u00f3dn\u00e1l ezzel?<br>Ne f\u00e9lj: ha poros nadr\u00e1god,<br>Kiporozza a k\u00e1pl\u00e1rod.<br>Muzsika sz\u00f3l, verbuv\u00e1lnak,<br>Csapj f\u00f6l, \u00f6cs\u00e9m katon\u00e1nak, hahaha!<br><br>\u00c9s az embert hogy szeretik!<br>Visszaviszik, ha elsz\u00f6kik,<br>\u00c9s azalatt, m\u00edg vessz\u0151zik,<br>S\u00e9t\u00e1l vagy fut, ahogy tetszik.<br>Muzsika sz\u00f3l, verbuv\u00e1lnak,<br>Csapj f\u00f6l, \u00f6cs\u00e9m, katon\u00e1nak, hahaha!<br><br>Ha pedig az id\u0151d lej\u00e1rt,<br>Obsitot kapsz, de mekkor\u00e1t!<br>S tudod, m\u00e9rt kapsz ilyen nagyot?<br>Hogy legyen itthon paplanod.<br>Muzsika sz\u00f3l, verbuv\u00e1lnak,<br>Csapj f\u00f6l, \u00f6cs\u00e9m katon\u00e1nak, hahaha!<br><br>Pest, 1847. m\u00e1rcius<br><br>A SZERELEM<br><br>\u00dcljetek f\u00f6l k\u00e9pzetemnek<br>Cs\u00f3nak\u00e1ra, s \u00fasszatok.<br>\u00dasszatok szivem tav\u00e1n \u00e1t,<br>Sz\u00e9p le\u00e1nyok, s asszonyok,<br>Mindny\u00e1jan, kiket szerettem,<br>Ami\u00f3ta szeretek,<br>\u00dcljetek f\u00f6l k\u00e9pzetemnek<br>Cs\u00f3nak\u00e1ra; jertek, jertek,<br>Hadd mulassak veletek.<br><br>\u00c9s el\u0151j\u00f6tt valamennyi,<br>S istenemre, sz\u00e9p sereg!<br>\u00c9s k\u00f6z\u00f6tt\u00f6k olyan is van,<br>Kit m\u00e1r alig ismerek,<br>Pedig \u0151ket mind egyenl\u0151n,<br>Mind egy h\u00e9vvel szeret\u00e9m,<br>De hi\u00e1ba, a szerelmet<br>M\u00e9g mint kicsi gy\u00f6nge gyermek,<br>R\u00e9gen, r\u00e9gen kezdtem \u00e9n.<br><br>S ez mutatja b\u00f6lcses\u00e9gem!<br>M\u00e1r mint gyermek b\u00f6lcs val\u00e9k.<br>Tudtam akkor m\u00e1r, amit m\u00e1s<br>V\u00e9n kor\u00e1ban sem tud m\u00e9g,<br>Tudtam azt, hogy a vil\u00e1gra<br>Csak egy nap s\u00fct melegen,<br>S ez a nap nem f\u00f6nn az \u00e9gen,<br>Hanem lenn a sz\u00edv m\u00e9ly\u00e9ben<br>Van, s e nap a szerelem.<br><br>Higyetek nekem ti, akik<br>F\u00e1radoztok kincsek\u00e9r&#8217;:<br>A f\u00f6ld minden gy\u00e9m\u00e1ntj\u00e1n\u00e1l<br>Egy p\u00e1r sz\u00e9p szem t\u00f6bbet \u00e9r;<br>S higyetek ti, kiknek lelke<br>H\u00edr-dics\u0151s\u00e9g\u00e9rt a v\u00e9r<br>Vagy viraszt\u00e1s \u00f6sv\u00e9ny\u00e9n megy:<br>Eg\u00e9sz bab\u00e9rerd\u0151n\u00e9l egy<br>R\u00f3zsabimb\u00f3 t\u00f6bbet \u00e9r.<br><br>A fukar hadd sz\u00e1m\u00edtgassa,<br>A gy\u00fcl\u0151 aranyokat,<br>M\u00e1st sz\u00e1m\u00edtok \u00e9n&#8230; a kedves<br>H\u00f6lgyekt\u0151l nyert cs\u00f3kokat.<br>S n\u00e9kem a sors csak vir\u00e1ggal<br>\u00c9kes\u00edtse kalapom,<br>Nem k\u00e9rek bab\u00e9rt ujabban.<br>S\u0151t amit m\u00e1r eddig kaptam,<br>Ha kell, azt is vissz&#8217;adom.<br><br><em>Sz\u00e9kesfej\u00e9rv\u00e1r, 1847. m\u00e1rcius<\/em><\/p>\r\n","protected":false},"excerpt":{"rendered":"<p>&#8230;Az ifj\u00fa k\u00f6lt\u0151 gyanakodva tekint sz\u00e9t a \/pozsonyi\/ szalonokban. Nem a faragatlan vid\u00e9kiek esetlens\u00e9g\u00e9vel, ahogy bar\u00e1tai gondolj\u00e1k: a sz\u00e1m\u0171zettek g\u0151gj\u00e9vel. K\u00fcl\u00f6n\u00f6s, hogy \u0151, az \u00e9henk\u00f3r\u00e1sz, szinte v\u00e1rja \u00e9s s\u00fcrgeti, hogy kidobj\u00e1k? A gyerekkor sz\u00e9p\u00edt\u0151 eml\u00e9ke megsz\u00e9p\u00edti az elvesztett gazdags\u00e1got is. A hajdani polg\u00e1rian j\u00f3m\u00f3d\u00fa fi\u00fat nem vezethetik oly magas helyre, ahol ne az jusson esz\u00e9be: [&hellip;]<\/p>\n","protected":false},"author":3,"featured_media":0,"comment_status":"open","ping_status":"open","sticky":false,"template":"","format":"standard","meta":{"_monsterinsights_skip_tracking":false,"_monsterinsights_sitenote_active":false,"_monsterinsights_sitenote_note":"","_monsterinsights_sitenote_category":0,"ngg_post_thumbnail":0,"footnotes":""},"categories":[120,4],"tags":[],"class_list":["post-99509","post","type-post","status-publish","format-standard","hentry","category-essze","category-vers"],"_links":{"self":[{"href":"https:\/\/ujkafe.website\/index.php?rest_route=\/wp\/v2\/posts\/99509","targetHints":{"allow":["GET"]}}],"collection":[{"href":"https:\/\/ujkafe.website\/index.php?rest_route=\/wp\/v2\/posts"}],"about":[{"href":"https:\/\/ujkafe.website\/index.php?rest_route=\/wp\/v2\/types\/post"}],"author":[{"embeddable":true,"href":"https:\/\/ujkafe.website\/index.php?rest_route=\/wp\/v2\/users\/3"}],"replies":[{"embeddable":true,"href":"https:\/\/ujkafe.website\/index.php?rest_route=%2Fwp%2Fv2%2Fcomments&post=99509"}],"version-history":[{"count":0,"href":"https:\/\/ujkafe.website\/index.php?rest_route=\/wp\/v2\/posts\/99509\/revisions"}],"wp:attachment":[{"href":"https:\/\/ujkafe.website\/index.php?rest_route=%2Fwp%2Fv2%2Fmedia&parent=99509"}],"wp:term":[{"taxonomy":"category","embeddable":true,"href":"https:\/\/ujkafe.website\/index.php?rest_route=%2Fwp%2Fv2%2Fcategories&post=99509"},{"taxonomy":"post_tag","embeddable":true,"href":"https:\/\/ujkafe.website\/index.php?rest_route=%2Fwp%2Fv2%2Ftags&post=99509"}],"curies":[{"name":"wp","href":"https:\/\/api.w.org\/{rel}","templated":true}]}}