
{"id":99542,"date":"2022-01-23T02:57:55","date_gmt":"2022-01-23T02:57:55","guid":{"rendered":"https:\/\/ujkafe.website\/?p=99542"},"modified":"2022-01-22T20:48:39","modified_gmt":"2022-01-22T20:48:39","slug":"petofi-emlekev-2022-olvassunk-egyutt-a-kolto-verseibol-24","status":"publish","type":"post","link":"https:\/\/ujkafe.website\/?p=99542","title":{"rendered":"Pet\u0151fi-eml\u00e9k\u00e9v \u2013 2022: Olvassunk egy\u00fctt a k\u00f6lt\u0151 verseib\u0151l (24)"},"content":{"rendered":"\r\n<p><em>&#8230;Mondj\u00e1k, a sz\u00ednpadon l\u00e1mpal\u00e1za volt (mint minden kezd\u0151nek); a versben egy t\u00e9tova hang, egy felesleges gesztus n\u00e9lk\u00fcl v\u00e9gez el b\u00e1rmi bonyolult feladatot; a nyilv\u00e1noss\u00e1g egy f\u00e9lmell\u00e9kmondat hangvezet\u00e9s\u00e9ben sem h\u00f6kkenti meg. Fesztelen\u00fcl j\u00e1r f\u00f6l-al\u00e1 el\u0151tt\u00fcnk; verseit \u2014 ahogy a n\u00e9pdalokt\u00f3l tanulta \u2014 mesterien szerkeszti meg, de a leger\u0151sebben megk\u00f6t\u00f6tteket is \u00fagy mondja el, mintha r\u00f6gt\u00f6n\u00f6zne. A<strong> Szeget szeggel<\/strong> c\u00edm\u0171, amelyet m\u00e9g Pozsony fel\u00e9 val\u00f3 v\u00e1ndorl\u00e1s\u00e1ban \u00edrt, s amely k\u00e9s\u0151bb Egressynek leghat\u00e1sosabb sz\u00e1ma lesz, egy parasztfi\u00fa felki\u00e1lt\u00e1s\u00e1val kezd\u0151dik, \u201ejaj, a h\u00e1tam, jaj, a h\u00e1tam odavan!&#8221;, \u00e9s k\u00fcls\u0151re nem egy\u00e9b \u00f6sszevissza fogadkoz\u00e1sn\u00e1l, a szerkezet alak\u00edtja olyan eleven zs\u00e1nerk\u00e9pp\u00e9, mintha val\u00f3ban egy sz\u00edndarabb\u00f3l volna kiszak\u00edtva. A hely\u00fck\u00f6n lev\u0151, er\u0151s szavak teszik feleslegess\u00e9, hogy az el\u0151ad\u00f3 jelmezt \u00f6lts\u00f6n. A Debrecenben kelt <strong>Iv\u00e1s k\u00f6zben<\/strong> c\u00edm\u0171 megszerkesztett \u00f6sszef\u00fcgg\u00e9stelens\u00e9geivel val\u00f3ban egy r\u00e9szegs\u00e9get j\u00e1tsz\u00f3 sz\u00edn\u00e9szt id\u00e9z; az\u00e9rt, mert az meg, ha j\u00f3l j\u00e1tszik, egy igazi r\u00e9szeget id\u00e9z, egy kicsit m\u00e9g mindig f\u00f3ti hangulatban&#8230;<\/em><br><em>&#8230;A k\u00f6lt\u0151 v\u00e1s\u00e1rol egyp\u00e1r \u00edv z\u00f6ldes, vastag, magyar gy\u00e1rtm\u00e1ny\u00fa pap\u00edrt, f\u00fczett\u00e9 hajtogatja. Sz\u00e9p gy\u00f6ngybet\u0171ivel belem\u00e1solja a h\u00fasz \u00faj verset. El\u0151veszi a r\u00e9gebbieket is, \u00e1t- meg \u00e1tn\u00e9zi \u0151ket, vagy hatvanat azok k\u00f6z\u00fcl is be\u00edr a f\u00fczetbe. Azt\u00e1n be\u00e1ll\u00edt P\u00e1kh-hoz. \u00datra k\u00e9sz megint. \u2013 Van bennem f\u00f6lt\u00e9tlen bizalmad? \u2014 k\u00e9rdi. P\u00e1kh ismeri m\u00e1r az ember\u00e9t. \u2014 Van, van \u2014 feleli. \u2014 De olyan nagy, hogy k\u00e9telkedni se tudj abban, amit mondok? \u2014 Hogyne \u2014 er\u0151s\u00edtgeti P\u00e1kh.<\/em><br><em>A k\u00f6lt\u0151 k\u00f6telezv\u00e9nyt \u00edrat vele 150 v\u00e1lt\u00f3forintr\u00f3l, melyet \u0151, P\u00e1kh 45 nap alatt fizet meg Fogasn\u00e9 asszonynak, ha addig azt a k\u00f6lt\u0151 ki nem fizetn\u00e9. P\u00e1khnak majdnem f\u00e9l\u00e9vi fizet\u00e9s\u00e9r\u0151l van sz\u00f3 \u2014 hat h\u00e9t alatt honnan szerez ez az orsz\u00e1gfut\u00f3 akkora \u00f6sszeget? A veszett eb egy k\u00e9rd\u0151 pillant\u00e1s n\u00e9lk\u00fcl kanyar\u00edtja nev\u00e9t a pap\u00edrra. Ennyire ismeri az ember\u00e9t? Ennyire megismertette \u0151 a k\u00f6lt\u0151vel mag\u00e1t \u00e9s vel\u00fcnk is. B\u00facs\u00faz\u00e1skor m\u00e9g k\u00e9szp\u00e9nzt is ad neki, hat ez\u00fcsth\u00faszast, ennyit siker\u00fclt valami rokon\u00e1t\u00f3l vagy f\u00f6ldij\u00e9t\u0151l szereznie. A debreceni fi\u00fak egy kopott v\u00e1szontariszny\u00e1val lepik meg, egy nyakig \u00e9r\u0151 \u00f3lmos juh\u00e1szbottal \u00e9s azzal, hogy amid\u0151n a v\u00e1ros v\u00e9g\u00e9n kil\u00e9p k\u00f6z\u00fcl\u00fck, el\u00e9neklik a t\u00e1voz\u00f3 ut\u00e1n A szerelem, a szerelem &#8230; c\u00edm\u0171 dalt, Kov\u00e1cs J\u00f3zsef koll\u00e9giumi hallgat\u00f3 \u00far zen\u00e9je szerint; aki k\u00fcl\u00f6nben a szerzem\u00e9ny el\u0151ad\u00e1s\u00e1ban maga is r\u00e9szt vesz. A k\u00f6lt\u0151 meglepetve h\u00e1trafordul, azt\u00e1n v\u00e9g\u00e9rv\u00e9nyesen nekiv\u00e1g a j\u00f6v\u0151nek, nem Tisza-F\u00fcred fel\u00e9 a rendes pesti \u00faton, hanem a Tisza \u00e1rad\u00e1sa miatt Tokaj fel\u00e9. <\/em><br><em>\u201eEgyes egyed\u00fcl mentem itt a Hegyalj\u00e1n; egy l\u00e9lekkel, egy \u00e9l\u0151 l\u00e9nnyel nem tal\u00e1lkoztam. Minden ember f\u00f6delet keresett, mert iszony\u00fa id\u0151 volt. A s\u00fcv\u00f6lt\u0151 sz\u00e9l havas es\u0151t sz\u00f3rt re\u00e1m. \u00c9ppen szemk\u00f6zt j\u00f6tt. Arcomon megfagytak a k\u00f6nnyek, melyeket a zivatar hidege \u00e9s a nyomor\u00fas\u00e1g fakasztott&#8221; \u2014 \u00edrja k\u00e9s\u0151bb err\u0151l s csak az\u00e9rt id\u00e9zz\u00fck, mert ez az egyetlen hely, ahol hajdani utaz\u00e1si m\u00f3dj\u00e1r\u00f3l n\u00e9mi k\u00e9pet ny\u00fajt. Minden rem\u00e9nye a versekben van. <\/em><br><em>\u201e &#8230; gondol\u00e1m: ha eladhatom, j\u00f3, ha el nem adhatom, az is j\u00f3 &#8230; mert akkor vagy \u00e9henhalok, vagy megfagyok, s v\u00e9ge lesz minden szenved\u00e9snek.&#8221; A versekhez m\u00e9g \u00fatk\u00f6zben r\u00f6gt\u00f6n\u00f6z n\u00e9gyet. Egyet Tokajban; term\u00e9szetesen bordal, amely \u2014 tekintetbe v\u00e9ve, milyen \u00e1llapotban \u00e9rkezhetett a h\u00edres hegyek al\u00e1 \u2014 bordalai szem\u00e9lyes r\u00e9sz\u00e9nek meg\u00edt\u00e9l\u00e9s\u00e9ben \u00e1ltal\u00e1ban is alapul szolg\u00e1lhat.<strong> (Illy\u00e9s Gyula: Pet\u0151fi S\u00e1ndor)<\/strong><\/em><br><br><br><!--more--><\/p>\r\n<h2><em><strong>Pet\u0151fi S\u00e1ndor: HONFIDAL<\/strong><\/em><br><br><\/h2>\r\n<p>Tied vagyok, tied, haz\u00e1m!<br>E sz\u00edv, e l\u00e9lek;<br>Kit szeretn\u00e9k, ha t\u00e9gedet<br>Nem szeretn\u00e9lek?<br><br>Szentegyh\u00e1z keblem belseje,<br>Olt\u00e1ra k\u00e9ped.<br>Te \u00e1llj, s ha kell: a templomot<br>Eld\u00f6nt\u00f6m \u00e9rted;<br><br>S az \u00f6sszeroskad\u00f3 kebel<br>V\u00e9gs\u0151 im\u00e1ja:<br>\u00c1ld\u00e1s a honra, istenem<br>\u00c1ld\u00e1sa r\u00e1ja! &#8211;<br><br>De \u00e9n nem mondom senkinek,<br>Ki nem ki\u00e1ltom:<br>Legkedvesebbem hogy te vagy<br>A nagy vil\u00e1gon.<br><br>Titkon kis\u00e9rem l\u00e9pteid,<br>S mindegyre h\u00edven;<br>Nem, mint az \u00e1rny az \u00fataz\u00f3t,<br>Csak j\u00f3 id\u0151ben.<br><br>De mint az \u00e1rny\u00e9k n\u0151, mid\u0151n<br>Az est k\u00f6zelget:<br>N\u0151 b\u00fam, ha s\u00f6t\u00e9tedni kezd,<br>Haz\u00e1m, f\u00f6l\u00f6tted.<br><br>\u00c9s elmegyek, hol h\u00edveid<br>Poh\u00e1rt emelve<br>A sorst\u00f3l \u00faj f\u00e9nyt esdenek<br>Szent \u00e9letedre;<br><br>S kihajtom egy cseppig bor\u00e1t<br>A telt \u00fcvegnek,<br>B\u00e1r keser\u0171&#8230; mert k\u00f6nnyeim<br>Bel\u00e9peregnek!<br><br><em>Debrecen, 1844. janu\u00e1r-febru\u00e1r<\/em><br><br><\/p>\r\n<p><em><strong>ELMONDAN\u00c1M&#8230;<\/strong><\/em><br><br>Elmondan\u00e1m: &#8222;Meg\u00e1llj, le\u00e1nyka<br>Meg\u00e1llj, vir\u00e1gom, csillagom!<br>Egy istenadta sz\u00edvet b\u00edrok;<br>Nesze, ha kell, neked adom.&#8221;<br><br>Elmondan\u00e1m, hogy: &#8222;Sz\u00edvem tenger,<br>Uralkodj\u00e1l e tengeren!<br>J\u00f3l j\u00e1rsz vele, mert a legszebb gy\u00f6ngy,<br>A h\u0171s\u00e9g gy\u00f6ngye itt terem.&#8221;<br><br>Elmondan\u00e1m, hogy: &#8222;Tiszta f\u00e9ny\u00e9t<br>E gy\u00f6ngy \u00f6r\u00f6kre tartja meg.&#8221;<br>Elmondan\u00e1m ezt, s t\u00f6bbet enn\u00e9l;<br>De nem mondom, mert nincs kinek.<br><br><em>Debrecen, 1844. janu\u00e1r-febru\u00e1r<\/em><br><br><\/p>\r\n<p><em><strong>A DAL<\/strong><\/em><br><br>B\u00f6lcs\u0151ben s\u00edr az \u00e9ber csecsem\u0151;<br>B\u00f6lcs\u0151 el\u0151tt<br>A dajka zeng &#8211; el szokj\u00e1k a dalok<br>Altatni \u0151t.<br><br>Sok szenved\u00e9sem s\u00edr\u00f3 gyermeke<br>A f\u00e1jdalom:<br>Dalt dalra k\u00f6lt\u00f6k &#8211; dalaimmal \u0151t<br>Elaltatom.<br><br><em>Debrecen, 1844. janu\u00e1r-febru\u00e1r<\/em><br><br><\/p>\r\n<p><em><strong>F\u00dcTTY<\/strong><\/em><br><br>Adta finny\u00e1s k\u00f6z\u00f6ns\u00e9ge!<br>Cs\u00fanyas\u00e1g, amit mivel:<br>Minden este megk\u00f6sz\u00f6nti<br>T\u00e1rsas\u00e1gunk, f\u00fcttyivel.<br><br>\u00c9s azt\u00e1n a f\u00fctty\u00f6k mellett<br>Milyen a j\u00f6vedelem?<br>A sz\u00edn\u00e9sz el\u00e9bb-ut\u00f3bb is<br>Csak megsz\u00f6kni k\u00e9nytelen.<br><br>Ej, egy r\u00f3k\u00e1t k\u00e9tszer ny\u00fazni,<br>Ez, urak, m\u00e9gsem megyen;<br>M\u00e1r ha f\u00fctty van, legal\u00e1bb h\u00e1t<br>Tele sz\u00ednh\u00e1zban legyen!<br><br><em>Debrecen, 1844. janu\u00e1r-febru\u00e1r<\/em><br><br><br><em><strong>A NEMES<\/strong><\/em><br><br>Deresre huzz\u00e1k a gazembert,<br>B\u00fcn\u00e9t botokkal r\u00f3ni le;<br>Lopott, rabolt, \u00e9s tudj&#8217; az \u00f6rd\u00f6g,<br>M\u00e9g mit nem m\u00edvele.<br><br>De \u0151 ki\u00e1lt ellenszeg\u0171lve:<br>&#8222;Hozz\u00e1m ne ny\u00faljatok!<br>Nemes vagyok&#8230; nincs nemesembert<br>Botozni jogotok.&#8221;<br><br>Hallottad e sz\u00f3t, meggyal\u00e1zott<br>\u0150s\u00e9nek szelleme?<br>Most m\u00e1r \u0151t h\u00fazni nem deresre:<br>Akaszt\u00f3f\u00e1ra kellene!<br><br><em>Debrecen, 1844. janu\u00e1r-febru\u00e1r<\/em><\/p>\r\n<div id=\"attachment_99545\" style=\"width: 635px\" class=\"wp-caption alignnone\"><a href=\"https:\/\/ujkafe.website\/wp-content\/uploads\/2022\/01\/lenkeyszazada.jpg\"><img loading=\"lazy\" decoding=\"async\" aria-describedby=\"caption-attachment-99545\" class=\"wp-image-99545\" src=\"https:\/\/ujkafe.website\/wp-content\/uploads\/2022\/01\/lenkeyszazada.jpg\" alt=\"\" width=\"625\" height=\"694\" srcset=\"https:\/\/ujkafe.website\/wp-content\/uploads\/2022\/01\/lenkeyszazada.jpg 1476w, https:\/\/ujkafe.website\/wp-content\/uploads\/2022\/01\/lenkeyszazada-270x300.jpg 270w, https:\/\/ujkafe.website\/wp-content\/uploads\/2022\/01\/lenkeyszazada-922x1024.jpg 922w, https:\/\/ujkafe.website\/wp-content\/uploads\/2022\/01\/lenkeyszazada-768x853.jpg 768w, https:\/\/ujkafe.website\/wp-content\/uploads\/2022\/01\/lenkeyszazada-1382x1536.jpg 1382w\" sizes=\"auto, (max-width: 625px) 100vw, 625px\" \/><\/a><p id=\"caption-attachment-99545\" class=\"wp-caption-text\"><em>Lenkey sz\u00e1zada \/ Bencz\u00far Gyula illusztr\u00e1ci\u00f3ja<\/em><\/p><\/div>\r\n","protected":false},"excerpt":{"rendered":"<p>&#8230;Mondj\u00e1k, a sz\u00ednpadon l\u00e1mpal\u00e1za volt (mint minden kezd\u0151nek); a versben egy t\u00e9tova hang, egy felesleges gesztus n\u00e9lk\u00fcl v\u00e9gez el b\u00e1rmi bonyolult feladatot; a nyilv\u00e1noss\u00e1g egy f\u00e9lmell\u00e9kmondat hangvezet\u00e9s\u00e9ben sem h\u00f6kkenti meg. Fesztelen\u00fcl j\u00e1r f\u00f6l-al\u00e1 el\u0151tt\u00fcnk; verseit \u2014 ahogy a n\u00e9pdalokt\u00f3l tanulta \u2014 mesterien szerkeszti meg, de a leger\u0151sebben megk\u00f6t\u00f6tteket is \u00fagy mondja el, mintha r\u00f6gt\u00f6n\u00f6zne. A [&hellip;]<\/p>\n","protected":false},"author":3,"featured_media":0,"comment_status":"open","ping_status":"open","sticky":false,"template":"","format":"standard","meta":{"_monsterinsights_skip_tracking":false,"_monsterinsights_sitenote_active":false,"_monsterinsights_sitenote_note":"","_monsterinsights_sitenote_category":0,"ngg_post_thumbnail":0,"footnotes":""},"categories":[120,19,4],"tags":[],"class_list":["post-99542","post","type-post","status-publish","format-standard","hentry","category-essze","category-grafika","category-vers"],"_links":{"self":[{"href":"https:\/\/ujkafe.website\/index.php?rest_route=\/wp\/v2\/posts\/99542","targetHints":{"allow":["GET"]}}],"collection":[{"href":"https:\/\/ujkafe.website\/index.php?rest_route=\/wp\/v2\/posts"}],"about":[{"href":"https:\/\/ujkafe.website\/index.php?rest_route=\/wp\/v2\/types\/post"}],"author":[{"embeddable":true,"href":"https:\/\/ujkafe.website\/index.php?rest_route=\/wp\/v2\/users\/3"}],"replies":[{"embeddable":true,"href":"https:\/\/ujkafe.website\/index.php?rest_route=%2Fwp%2Fv2%2Fcomments&post=99542"}],"version-history":[{"count":0,"href":"https:\/\/ujkafe.website\/index.php?rest_route=\/wp\/v2\/posts\/99542\/revisions"}],"wp:attachment":[{"href":"https:\/\/ujkafe.website\/index.php?rest_route=%2Fwp%2Fv2%2Fmedia&parent=99542"}],"wp:term":[{"taxonomy":"category","embeddable":true,"href":"https:\/\/ujkafe.website\/index.php?rest_route=%2Fwp%2Fv2%2Fcategories&post=99542"},{"taxonomy":"post_tag","embeddable":true,"href":"https:\/\/ujkafe.website\/index.php?rest_route=%2Fwp%2Fv2%2Ftags&post=99542"}],"curies":[{"name":"wp","href":"https:\/\/api.w.org\/{rel}","templated":true}]}}