
{"id":99620,"date":"2022-01-29T02:50:31","date_gmt":"2022-01-29T02:50:31","guid":{"rendered":"https:\/\/ujkafe.website\/?p=99620"},"modified":"2022-01-28T17:58:53","modified_gmt":"2022-01-28T17:58:53","slug":"petofi-emlekev-2022-olvassunk-egyutt-a-kolto-verseibol-29","status":"publish","type":"post","link":"https:\/\/ujkafe.website\/?p=99620","title":{"rendered":"Pet\u0151fi-eml\u00e9k\u00e9v \u2013 2022: Olvassunk egy\u00fctt a k\u00f6lt\u0151 verseib\u0151l (29)"},"content":{"rendered":"\r\n<p>&#8230;\/1844\/<em> November derek\u00e1n Vahotnak felt\u0171nik, hogy lak\u00f3ja, szok\u00e1sa ellen\u00e9re, honn maradt \u201eestv\u00e9nk\u00e9nt, s j\u00f3 bef\u0171t\u00f6tte kis szob\u00e1j\u00e1t, pongyol\u00e1ra levetk\u0151z\u00f6tt, r\u00e1-r\u00e1gy\u00fajtott hossz\u00fasz\u00e1r\u00fa pip\u00e1j\u00e1ra, s eg\u00e9sz f\u00fcstfelh\u0151t csin\u00e1lt maga k\u00f6r\u00fcl, s olykor egyet kortyantva a hev\u00edt\u0151 piros borb\u00f3l, nyugtalanul j\u00e1rt fel s al\u00e1; mint egy oroszl\u00e1n a sz\u0171k kalitban&#8221;. A szoba le\u00edr\u00e1sa tal\u00e1l\u00f3: l\u00e9pcs\u0151h\u00e1zi nyomor\u00fas\u00e1gos zugoly az, nap, leveg\u0151 sohasem hatol be, egyetlen ablak\u00e1t a l\u00e9pcs\u0151 eltakarja; csak forogni lehet benne.<\/em><br><em>\u201eCsak n\u00e9h\u00e1ny est \u00e9s \u00e9jf\u00e9l kellett ahhoz&#8221; (pontosan hat nap \u00e9s hat \u00e9jszaka), hogy a magak\u00e9pzelte magyar eposzt, a Kukorica Jancsit V\u00f6r\u00f6smarty\u00e9knak felolvassa. Az elragadtat\u00e1s \u00e1ltal\u00e1nos. A n\u00e9pi, t\u00fcnd\u00e9ri h\u0151sk\u00f6ltem\u00e9ny akkor m\u00e9g a mai alakj\u00e1nak k\u00f6r\u00fclbel\u00fcl fel\u00e9n\u00e9l fejez\u0151d\u00f6tt be, hihet\u0151leg ott, ahol Jancsi a francia udvarb\u00f3l haza\u00e9rkezik. Az elragadtatott k\u00e9zszorongat\u00e1sok hat\u00e1sa alatt a fiatal k\u00f6lt\u0151 hozz\u00e1csapja a m\u0171h\u00f6z, ami a t\u00e1rgyr\u00f3l m\u00e9g lelk\u00e9ben motoszk\u00e1l; a f\u00f6ldi megpr\u00f3b\u00e1ltat\u00e1sok ut\u00e1n h\u0151s\u00e9t, mintegy r\u00e1ad\u00e1sk\u00e9ppen, f\u00f6lr\u00f6p\u00edti a mes\u00e9k megpr\u00f3b\u00e1ltat\u00e1sai k\u00f6z\u00e9; a f\u00f6ldi \u00e1br\u00e1zol\u00e1sa ut\u00e1n az \u00e9rem m\u00e1sik fel\u00e9re kiv\u00e9si a n\u00e9pi \u00e1lomorsz\u00e1g k\u00e9p\u00e9t, s an\u00e9lk\u00fcl t\u00e1n, hogy maga is tudn\u00e1, mit csin\u00e1l, megalkotja a magyar n\u00e9pies k\u00f6lt\u00e9szet legegys\u00e9gesebb, legtiszt\u00e1bban cseng\u0151 aranyp\u00e9nz\u00e9t. December 8-\u00e1n a Pesti Divatlap m\u00e1r a J\u00e1nos Vit\u00e9z, a hallgat\u00f3k-tan\u00e1csolta c\u00edm alatt eml\u00e9kezik meg a szerz\u0151 \u201eleg\u00fajabb nagy k\u00f6ltem\u00e9ny\u00e9r\u0151l&#8221;. Ezt m\u00e1r megveszi Vahot; sz\u00e1z forintot ad \u00e9rte (amit a k\u00f6lt\u0151 azonm\u00f3d szint\u00e9n sz\u00fcleinek ad tov\u00e1bb).<\/em><br><em>&#8230; A lelenc Kukorica Jancsi \u00e9pp\u00fagy szimb\u00f3lum, ak\u00e1r a mes\u00e9kben a legkisebb gyermek; a t\u00e1rsadalom legmostoh\u00e1bb r\u00e9tege harcol \u00e9s gy\u0151z \u00e1ltala a f\u00f6ldi \u00e9s f\u00f6ld\u00f6nt\u00fali gonosz hatalmakkal szemben.<\/em><br><em>Bizonyos, hogy van a fiatal k\u00f6lt\u0151nek k\u00f6sz\u00f6nnival\u00f3ja a nemr\u00e9g akaratlanul pelleng\u00e9rre \u00e1ll\u00edtott V\u00f6r\u00f6smarty ir\u00e1nt is. A T\u00fcnd\u00e9rv\u00f6lgy Argirusa Jancsink el\u0151tt v\u00e1gta az \u00f6sv\u00e9nyt. Azt v\u00e1gta Csongor is, ugyancsak a h\u0171 szerelem v\u00e9delme alatt \u00fagy, ahogy a n\u00e9pmese megteremtette. Mi\u00e9rt Jancsi\u00e9 m\u00e9gis a p\u00e1lma? \u00c9pp az\u00e9rt, mert nem \u00e1tv\u00e9tel, hanem k\u00f6zvetlen n\u00e9p-teremtm\u00e9ny. Ez\u00e9rt gy\u0151zi le majd Mikl\u00f3st is.<\/em><br><em>Nem \u00edrtak hozz\u00e1 annyi boncolgat\u00f3 magyar\u00e1zatot, mint a Toldihoz \u2014 a glossz\u00e1k n\u00e9lk\u00fcl is meg\u00e9rthetj\u00fck, mert azon nyomban meg\u00e9rezz\u00fck m\u00e9ly \u00e1ram\u00e1t s fel\u00fclet\u00e9nek csillog\u00e1sj\u00e1t\u00e9k\u00e1t. Ez a legt\u00f6m\u00e9nyebb, legh\u00f3d\u00edt\u00f3bb magyar m\u0171. Nemcsak a bety\u00e1rok alf\u00f6ldiek benne, hanem a francia kir\u00e1ly is, a tengerek, a hegyek, a csillagok is. Ez az a m\u0171, amelyben val\u00f3ban az Isten is J\u00e1nos. Mi\u00e9rt siker\u00fcl ez? Nem utols\u00f3sorban az\u00e9rt, mert a vil\u00e1gmindens\u00e9gnek ezt a b\u00e9k\u00e9s magyaros\u00edt\u00e1s\u00e1t egy val\u00f3ban eur\u00f3pai m\u00e9ret\u0171, s\u0151t vil\u00e1gm\u00e9ret\u0171 m\u0171v\u00e9sz v\u00e9gzi\u2026 <\/em><br><em>&#8230;\u201eHa Toldi Mikl\u00f3s a magyar Heraklesz \u2014 v\u00e9lte egy k\u00e9s\u0151bbi magyar k\u00f6lt\u0151, Kosztol\u00e1nyi \u2014, akkor J\u00e1nos Vit\u00e9z, a lelem\u00e9nyes, a horgasesz\u0171, a magyar Odysseus, Nausika\u00e1ja pedig Iluska.&#8221; J\u00e1nos Vit\u00e9z az \u00fcdv\u00f6z\u00fclt paraszts\u00e1g\u2026<strong> (Illy\u00e9s Gyula: Pet\u0151fi S\u00e1ndor)<\/strong><\/em><\/p>\r\n<h2><br><em><strong>Pet\u0151fi S\u00e1ndor: CSOKONAI<\/strong><\/em><br><br><\/h2>\r\n<p>Egy k\u00e1lomista pap s Csokonai<br>Egym\u00e1snak voltak j\u00f3bar\u00e1tai.<br>Kil\u00f3dul egyszer Debrecenb\u0151l<br>S a j\u00f3bar\u00e1t el\u0151tt meg\u00e1ll,<br>S: ihatn\u00e1m, pajt\u00e1s! \u00edgy ki\u00e1lt f\u00f6l<br>Csokonai Vit\u00e9z Mih\u00e1ly.<!--more--><br><br>&#8222;No, ha ihatn\u00e1l, h\u00e1t majd ihatol,<br>Akad m\u00e9g bor sz\u00e1modra valahol,<br>Ha m\u00e1shol nem, teh\u00e1t pinc\u00e9mben;<br>Ottan nem egy hord\u00f3 bor \u00e1ll.&#8221;<br>Sz\u00f3lott a pap, s leballag v\u00e9le<br>Csokonai Vit\u00e9z Mih\u00e1ly.<br><br>&#8222;Ihol ni, uccu!&#8221; f\u00f6lki\u00e1lt a pap,<br>Amint egy hord\u00f3b\u00f3l dugaszt kikap;<br>&#8222;Szaladj csap\u00e9rt! ott f\u00f6nn felejt\u00e9m;<br>Szaladj \u00f6cs\u00e9m, de meg ne \u00e1llj!&#8221;<br>\u00c9s f\u00f6lrohan l\u00f3hal\u00e1l\u00e1ban<br>Csokonai Vit\u00e9z Mih\u00e1ly.<br><br>A likra tette tenyer\u00e9t a pap;<br>Csak v\u00e1r, csak v\u00e1r, hogy j\u00f6n tal\u00e1n a csap.<br>S a csap nem j\u00f6tt, \u00e9s a pap morgott:<br>&#8222;De mi az \u00f6rd\u00f6g\u00f6t csin\u00e1l,<br>Hol a pokolba&#8217; marad az a<br>Csokonai Vit\u00e9z Mih\u00e1ly?&#8221;<br><br>Tov\u00e1bb nem gy\u0151zte v\u00e1rni a csapot,<br>Ott hagyta a hord\u00f3t (a bor kifolyt),<br>F\u00f6lm\u00e9n a pinc\u00e9b\u0151l a h\u00e1zba,<br>De ott f\u00f6nn senkit nem tal\u00e1l.<br>Csak k\u00e9s\u0151 este \u00e9rkezett meg<br>Csokonai Vit\u00e9z Mih\u00e1ly.<br><br>H\u00e1t a dologban ez volt az eg\u00e9sz:<br>Kereste ott f\u00f6nn a csapot Vit\u00e9z,<br>Zeget-zugot kikutat \u00e9rte,<br>De csak nem j\u00f6n r\u00e1, hogy hol \u00e1ll?<br>\u00c9s \u00edgy csap\u00e9rt szomsz\u00e9dba m\u00e9gyen<br>Csokonai Vit\u00e9z Mih\u00e1ly.<br><br>A szomsz\u00e9dban valami lakzi volt,<br>El\u00e9be hoztak \u00e9telt \u00e9s italt;<br>\u00c9s \u00edm az \u00e9tel \u00e9s bor mellett<br>\u00c9s a zen\u00e9nek hangin\u00e1l<br>Csapot, papot, mindent felejtett<br>Csokonai Vit\u00e9z Mih\u00e1ly.<br><br><em>Pest, 1844. november<\/em><br><br><br><em><strong>M\u00c9RT NEM SZ\u00dcLETTEM EZER \u00c9V EL\u0150TT?<\/strong><\/em><br><br>M\u00e9rt nem sz\u00fclettem ezer \u00e9v el\u0151tt?<br>Mid\u0151n sz\u00fclettek \u00c1rp\u00e1d dali\u00e1i,<br>S ragadva kardot, a v\u00e9rkedvel\u0151t,<br>A nagy vil\u00e1ggal mentek szembesz\u00e1llni.<br><br>Beh mondtam volna csata\u00e9neket,<br>Versenyt rivalg\u00f3t k\u00fcrtj\u00e9vel Lehelnek,<br>Melynek zug\u00e1si mennyd\u00f6rg\u00e9seket<br>Vad\u00fal kavarg\u00f3 \u00f6rv\u00e9ny\u00f6kbe nyeltek.<br><br>Beh f\u00f6lvetettem volna magamat<br>Hadv\u00e9sz ut\u00e1n nyer\u00edt\u0151 parip\u00e1ra,<br>Keresni a s\u00edrt vagy bab\u00e9romat<br>Haz\u00e1t teremt\u0151 harcok vihar\u00e1ba&#8217;.<br><br>Beh \u00e9nekeltem volna diadalt,<br>Vit\u00e9zeimnek, p\u00e1rducb\u0151rre d\u0151lve,<br>Mid\u0151n az \u00fctk\u00f6zetmoraj kihalt<br>S az \u00e1ldom\u00e1s cseng\u00e9se j\u00f6tt hely\u00e9be.<br><br>Vagyok heny\u00e9l\u0151 sz\u00e1zad gyermeke,<br>Hol megdalolni m\u00e9lt\u00f3 t\u00e1rgyam nincsen;<br>S ha volna is, mi lenne sikere?<br>S\u00ednl\u0151dik a nyelv terhes rabbilincsen.<br><br><em>Pest, 1844. november<\/em><br><br><\/p>\r\n<p><em><strong>AZ \u00c9N SZERELMEM&#8230;<\/strong><\/em><br><br>Az \u00e9n szerelmem nem a csalog\u00e1ny,<br>Kit f\u00f6lkeltett a hajnalsz\u00fcrk\u00fclet,<br>Hogy \u00e9des \u00e9nek sz\u00f3ljon ajak\u00e1n<br>A nap cs\u00f3kj\u00e1t\u00f3l r\u00f3zs\u00e1s f\u00f6ld felett.<br><br>Az \u00e9n szerelmem nem kies liget,<br>Hol csendes t\u00f3ban hatty\u00fak ringanak,<br>Feh\u00e9r nyakok mig b\u00f3kot integet<br>A v\u00edzbe n\u00e9z\u0151 hold sug\u00e1rinak.<br><br>Az \u00e9n szerelmem nem nyugalmas h\u00e1z,<br>Mit kert gyan\u00e1nt k\u00f6r\u0171l a b\u00e9ke vett,<br>Hol a boldogs\u00e1g anyak\u00e9nt tany\u00e1z,<br>S t\u00fcnd\u00e9rle\u00e1nyt sz\u0171l: a sz\u00e9p \u00f6r\u00f6met.<br><br>Az \u00e9n szerelmem rengeteg vadon;<br>A f\u00e9lt\u00e9s benne mint haramja \u00e1ll,<br>Kez\u00e9ben t\u0151r; k\u00e9ts\u00e9gb&#8217;es\u00e9s vagyon,<br>Minden d\u00f6f\u00e9se sz\u00e1zszoros hal\u00e1l.<br><br><em>Pest, 1844. november<\/em><br><br><\/p>\r\n<p><em><strong>A BORHOZ<\/strong><\/em><br><br>Oh bor! te volt\u00e1l eddig egy bar\u00e1tom;<br>De l\u00e1tom,<br>Hogy m\u00e1r kihalt t\u00fczed, mely \u00e9rtem \u00e9ge,<br>S frigy\u00fcnknek v\u00e9ge, v\u00e9ge.<br><br>Ha eddig hozz\u00e1d folyamodtam<br>B\u00fas \u00e1llapotban,<br>Keresztel\u0151 lett&#8230; a b\u00fab\u00e1natot<br>Vid\u00e1ms\u00e1gg\u00e1 keresztel\u00e9d.<br>M\u00e9rt j\u00e1rulok hi\u00e1ba most el\u00e9d?<br>Var\u00e1zser\u0151det m\u00e9rt nem mutatod?<br><br>Fejem neh\u00e9z,<br>\u00c9s reszket m\u00e1r e k\u00e9z,<br>Mely a teli<br>Poh\u00e1rt ajkamhoz emeli;<br>Ezt befoly\u00e1sod eszk\u00f6z\u00f6lte,<br>De nem hat\u00e1l be a kebelbe:<br>A l\u00e9lek \u00e9p.<br>Nem r\u00e9szeg\u0171lhet semmif\u00e9lek\u00e9p.<br>A multnak fekete<br>Eml\u00e9kezete<br>&#8211; Mint Dejan\u00edrak\u00f6nt\u00f6s &#8211; rajta van<br>Let\u00e9phetetlen\u0171l, minduntalan.<br><br>Oh bor!<br>Ki annyiszor<br>Volt\u00e1l bajomnak orvoss\u00e1ga,<br>L\u00e9gy most is az, b\u00e1r ut\u00f3j\u00e1ra:<br>Feledtesd el velem a g\u00fanymosolyt,<br>Mely l\u00e1ngszerelmem j\u00e9gjutalma volt!<br><br><em>Pest, 1844. november<\/em><br><br><br><em><strong>ANY\u00c1M, ANY\u00c1M&#8230;<\/strong><\/em><br><br>Any\u00e1m, any\u00e1m, oh<br>Legjobb s legboldogtalanabb anya!<br>Nincs h\u00e1t rem\u00e9nyed,<br>Mit a f\u00f6sv\u00e9ny val\u00f3 bev\u00e1ltana?<br><br>Kik\u00fcld\u00f6z\u00e9d, mint<br>Galambj\u00e1t N\u00f3\u00e9, a rem\u00e9nyeket;<br>De teljes\u0171l\u00e9s<br>Z\u00f6ld \u00e1g\u00e1val meg egy sem \u00e9rkezett.<br><br>V\u00e9gs\u0151 rem\u00e9nyed:<br>Ha majd hal\u00e1lod meg fog h\u0171teni,<br>F\u00f6lmeleg\u00edtnek<br>M\u00e9g egyszer gyermeked h\u0151 k\u00f6nnyei.<br><br>Szeg\u00e9ny any\u00e1m te!<br>Ez a vigasztal\u00e1s sem jut neked;<br>Els\u00edrta k\u00f6nnyeit<br>Szerelmes\u00e9nek s\u00edrj\u00e1n gyermeked.<br><br><em>Pest, 1845. janu\u00e1r-febru\u00e1r<\/em><br><br><\/p>\r\n<p><em><strong>VAHOT S\u00c1NDORHOZ<\/strong><\/em><br><br>Szent a k\u00f6lt\u0151 lantja.<br>A f\u00f6ld m\u0171k\u00f6d\u00e9s\u00e9t<br>Csillagt\u00e1bor\u00e1b\u00f3l<br>\u0150rszemekkel n\u00e9z\u0151<br>Isten adom\u00e1nya;<br>\u0150 besz\u00e9l a rezg\u0151<br>H\u00farok \u00e9nek\u00e9ben,<br>Majd vigasztal\u00f3lag,<br>Majd pedig feny\u00edtve.<br>Mint a n\u00e9p er\u00e9nye<br>Elvetett magv\u00e1b\u00f3l<br>Vagy konkolyt arat, vagy<br>T\u00e1ntorodva l\u00e9p a<br>Nemesebb t\u00f6rekv\u00e9s<br>Tiszta \u00f6sv\u00e9ny\u00e9r\u0151l<br>A lealjas\u00fal\u00e1s<br>Iszapos g\u00f6dr\u00e9be.<br>Szent a k\u00f6lt\u0151 lantja,<br>\u00c9s nekem nagyon f\u00e1jt<br>L\u00e1tnom, hogy van olyan,<br>\u00c9s hogy nem kev\u00e9s van,<br>Aki e szents\u00e9ghez<br>Nem f\u00e9l vakmer\u0151en<br>Ny\u00falni szennyes ujjal,<br>S hogy csak f\u00e9nyes \u00e1larc<br>Sok k\u00f6lt\u0151 besz\u00e9de,<br>Mely s\u00f6t\u00e9t sziv\u00e9nek<br>Foltjait takarja.<br>Szebb \u00f6r\u00f6meimnek<br>Napja volt azon nap,<br>Melyben a te kebled<br>Rejtek\u00e9ben l\u00e1ttam,<br>S l\u00e1that\u00e1m, hogy benned<br>Egy a k\u00f6lt\u0151 s ember,<br>Hogy dalod s dalodnak<br>K\u00fatforr\u00e1sa, sz\u00edved,<br>Tiszta egyar\u00e1nt, mint<br>A nap \u00e9s sug\u00e1ra.<br>Bizalommal adtam<br>Kezemet bar\u00e1ti<br>Szor\u00edt\u00e1sra, \u00e9s te<br>Vissza nem tasz\u00edt\u00e1d;<br>S ha Etelke megh\u0171lt<br>Sz\u00edve ott alant nem<br>Porlan\u00e9k a s\u00edrnak<br>Hold- \u00e9s csillagatlan<br>\u00c9jjel\u00e9ben: ah, ugy<br>T\u00e1n nemcsak bar\u00e1tod<br>Lettem volna egykor.<br>Megt\u00f6rt\u00e9nt!&#8230; a multat<br>A jelen keserve,<br>A jelen siralma<br>Vissza nem teremti.<br>Enyh\u00edtsd legal\u00e1bb te,<br>Enyh\u00edtsd a bar\u00e1ts\u00e1g<br>Balzsamolaj\u00e1val<br>Vesztes\u00e9gem sebj\u00e9t,<br>\u00c9s ne b\u00e1nd, ha olykor<br>Elmerengve cs\u00fcgg\u00f6k<br>B\u00e1mul\u00f3 szemekkel<br>Hitvesednek arc\u00e1n,<br>Oh, ne b\u00e1nd, bar\u00e1tom!<br>Hamvad\u00f3 testv\u00e9re,<br>A szeg\u00e9ny Etelke<br>Elvesztett von\u00e1sit<br>Keresem csak ottan;<br>S ha lelek k\u00f6z\u0171l\u00f6k<br>B\u00e1rmin\u0151 kev\u00e9st is:<br>A rem\u00e9nynek eld\u0151lt<br>T\u00fcnd\u00e9rcsarnok\u00e1b\u00f3l<br>Szent ereklyek\u00e9pen<br>Tartom eml\u00e9kimnek<br>Dr\u00e1ga kincst\u00e1r\u00e1ban,<br>S \u0151rz\u00f6m a felejt\u00e9s<br>Elt\u00f6rl\u0151 kez\u00e9t\u0151l,<br>Mint a megfagy\u00e1st\u00f3l<br>\u0150rzi a vil\u00e1got<br>A meleg ver\u0151f\u00e9ny.<br><br><em>Pest, 1845. janu\u00e1r<\/em><\/p>\r\n<div id=\"attachment_99626\" style=\"width: 635px\" class=\"wp-caption alignnone\"><a href=\"https:\/\/ujkafe.website\/wp-content\/uploads\/2022\/01\/petofi_terkep.jpg\"><img loading=\"lazy\" decoding=\"async\" aria-describedby=\"caption-attachment-99626\" class=\"wp-image-99626\" src=\"https:\/\/ujkafe.website\/wp-content\/uploads\/2022\/01\/petofi_terkep.jpg\" alt=\"\" width=\"625\" height=\"455\" srcset=\"https:\/\/ujkafe.website\/wp-content\/uploads\/2022\/01\/petofi_terkep.jpg 640w, https:\/\/ujkafe.website\/wp-content\/uploads\/2022\/01\/petofi_terkep-300x218.jpg 300w\" sizes=\"auto, (max-width: 625px) 100vw, 625px\" \/><\/a><p id=\"caption-attachment-99626\" class=\"wp-caption-text\"><em>Pet\u0151fi orsz\u00e1gos kalandoz\u00e1sainak rekonstru\u00e1lt vers-t\u00e9rk\u00e9pe<\/em><\/p><\/div>\r\n","protected":false},"excerpt":{"rendered":"<p>&#8230;\/1844\/ November derek\u00e1n Vahotnak felt\u0171nik, hogy lak\u00f3ja, szok\u00e1sa ellen\u00e9re, honn maradt \u201eestv\u00e9nk\u00e9nt, s j\u00f3 bef\u0171t\u00f6tte kis szob\u00e1j\u00e1t, pongyol\u00e1ra levetk\u0151z\u00f6tt, r\u00e1-r\u00e1gy\u00fajtott hossz\u00fasz\u00e1r\u00fa pip\u00e1j\u00e1ra, s eg\u00e9sz f\u00fcstfelh\u0151t csin\u00e1lt maga k\u00f6r\u00fcl, s olykor egyet kortyantva a hev\u00edt\u0151 piros borb\u00f3l, nyugtalanul j\u00e1rt fel s al\u00e1; mint egy oroszl\u00e1n a sz\u0171k kalitban&#8221;. A szoba le\u00edr\u00e1sa tal\u00e1l\u00f3: l\u00e9pcs\u0151h\u00e1zi nyomor\u00fas\u00e1gos zugoly az, [&hellip;]<\/p>\n","protected":false},"author":3,"featured_media":0,"comment_status":"open","ping_status":"open","sticky":false,"template":"","format":"standard","meta":{"_monsterinsights_skip_tracking":false,"_monsterinsights_sitenote_active":false,"_monsterinsights_sitenote_note":"","_monsterinsights_sitenote_category":0,"ngg_post_thumbnail":0,"footnotes":""},"categories":[120,19,4],"tags":[],"class_list":["post-99620","post","type-post","status-publish","format-standard","hentry","category-essze","category-grafika","category-vers"],"_links":{"self":[{"href":"https:\/\/ujkafe.website\/index.php?rest_route=\/wp\/v2\/posts\/99620","targetHints":{"allow":["GET"]}}],"collection":[{"href":"https:\/\/ujkafe.website\/index.php?rest_route=\/wp\/v2\/posts"}],"about":[{"href":"https:\/\/ujkafe.website\/index.php?rest_route=\/wp\/v2\/types\/post"}],"author":[{"embeddable":true,"href":"https:\/\/ujkafe.website\/index.php?rest_route=\/wp\/v2\/users\/3"}],"replies":[{"embeddable":true,"href":"https:\/\/ujkafe.website\/index.php?rest_route=%2Fwp%2Fv2%2Fcomments&post=99620"}],"version-history":[{"count":0,"href":"https:\/\/ujkafe.website\/index.php?rest_route=\/wp\/v2\/posts\/99620\/revisions"}],"wp:attachment":[{"href":"https:\/\/ujkafe.website\/index.php?rest_route=%2Fwp%2Fv2%2Fmedia&parent=99620"}],"wp:term":[{"taxonomy":"category","embeddable":true,"href":"https:\/\/ujkafe.website\/index.php?rest_route=%2Fwp%2Fv2%2Fcategories&post=99620"},{"taxonomy":"post_tag","embeddable":true,"href":"https:\/\/ujkafe.website\/index.php?rest_route=%2Fwp%2Fv2%2Ftags&post=99620"}],"curies":[{"name":"wp","href":"https:\/\/api.w.org\/{rel}","templated":true}]}}