
{"id":99885,"date":"2022-02-21T02:57:10","date_gmt":"2022-02-21T02:57:10","guid":{"rendered":"https:\/\/ujkafe.website\/?p=99885"},"modified":"2022-02-19T21:23:32","modified_gmt":"2022-02-19T21:23:32","slug":"petofi-emlekev-2022-olvassunk-egyutt-a-kolto-verseibol-38","status":"publish","type":"post","link":"https:\/\/ujkafe.website\/?p=99885","title":{"rendered":"Pet\u0151fi-eml\u00e9k\u00e9v \u2013 2022: Olvassunk egy\u00fctt a k\u00f6lt\u0151 verseib\u0151l (38)"},"content":{"rendered":"\r\n<p><em>A romantika e korszaka a f\u00e9rfias f\u00e9rfi sz\u00e1m\u00e1ra a r\u00f6gt\u00f6ni cselekv\u00e9st, a kardr\u00e1nt\u00e1s gyorsas\u00e1g\u00fa d\u00f6nt\u00e9st \u00edrja el\u0151. Nemcsak a k\u00f6lt\u0151, minden haland\u00f3 ihlet befoly\u00e1sa alatt \u00e1ll. F\u0151leg szerelem dolg\u00e1ban tilos t\u00f6prengeni&#8230;<\/em><br><em>Nem els\u0151 eset, hogy a fiatal k\u00f6lt\u0151 szerelm\u00e9t r\u00f6gt\u00f6n h\u00e1zass\u00e1gi aj\u00e1nlattal fejezi ki; k\u00e9rt \u0151 meg m\u00e1r l\u00e1nyt \u2013 aki tetszett neki \u2013, &#8230;, puszta fogad\u00e1sb\u00f3l is. A boldog kiv\u00e1lasztottak, akikhez szerelmes verseit \u00edrta, megh\u00f6kkent\u0151 gyorsas\u00e1ggal v\u00e1ltakoztak. Ezt m\u00e9gsem holmi csapod\u00e1rs\u00e1ggal kell magyar\u00e1znunk.<\/em><br><em>Azt a tr\u00e9f\u00e1s indokl\u00e1st kock\u00e1ztatjuk meg, hogy mindez gyakori helyv\u00e1ltoztat\u00e1s\u00e1b\u00f3l k\u00f6vetkezett. T\u00e9ved\u00e9s, hogy a szerelmeseknek nagy v\u00e1laszt\u00e9k kell, vagyis, ha min\u00e9l nagyobb k\u00f6rben kereshetik, ann\u00e1l ink\u00e1bb r\u00e1lelnek az igazira. A nagy szerelmek kis k\u00f6z\u00f6ss\u00e9gekben, hivatalokban, szakmabeliek k\u00f6zt kis falvakban keletkeznek, s\u0151t egy utc\u00e1ban, mint Rome\u00f3\u00e9 s J\u00fali\u00e1\u00e9. A szerelem n\u00e9mik\u00e9pp a hely tartoz\u00e9ka is, ak\u00e1r a t\u0171zhely. .<\/em><br><em>&#8230; Alig egy h\u00f3napja meg akar sz\u00f6ktetni egy hiedelme szerinti \u201ev\u00e1rkisasszonyt\u201d, hogy le\u00fcsse, hiedelme szerint egy val\u00f3di kir\u00e1lyi tan\u00e1csos fi\u00e1nak, egy val\u00f3di szolgab\u00edr\u00f3nak a kez\u00e9r\u0151l. \u00c9s most megk\u00e9r egy m\u00e1sik l\u00e1nyt, m\u00e9gpedig olyat, akit addig k\u00f6z\u00f6mb\u00f6sen kezelt, mert hisz m\u00e1r r\u00e9gebbr\u0151l j\u00f3l ismert. K\u00e9t napig eget-f\u00f6ldet megmozgat, hogy feles\u00e9g\u00fcl vehesse. Azut\u00e1n pedig \u00fagy elv\u00e1lik t\u0151le: hogy \u2013 Korn\u00e9lia az egyetlen szerelmei k\u00f6z\u00f6tt, akir\u0151l egyetlen verset, egyetlen sort sem \u00edrt, olyat, ami f\u00f6nnmaradt. Mi t\u00f6rt\u00e9nhetett itt?<\/em><br><em>&#8230;Pr\u00f3b\u00e1ljuk megszerkeszteni h\u00e1trafel\u00e9 a k\u00fcl\u00f6n\u00f6s t\u00f6rt\u00e9netet a legf\u0151bb \u00e9letismeret, a m\u0171v\u00e9szet szab\u00e1lyai szerint&#8230;<\/em><br><em>Hogy a sz\u00ednh\u00e1zba \u00e9rkez\u0151 k\u00f6lt\u0151 \u00fcdv\u00f6zl\u00e9s\u00e9\u00fcl az \u00e9ppen foly\u00f3 sz\u00edndarab \u2013 Szigligeti K\u00e9t pisztoly-\u00e1nak \u2013 dalbet\u00e9tjek\u00e9nt a saj\u00e1t n\u00e9pdal\u00e1t \u00e9nekelj\u00e9k el h\u00e1rfak\u00eds\u00e9rettel (mert a sz\u00ednpad oly kicsi volt, hogy az el\u0151\u00edrt zongora nem f\u00e9rt el rajta), az Prielle Korn\u00e9lia \u00f6tlete volt. A hat\u00e1s nem maradt el. A k\u00f6lt\u0151 a felvon\u00e1s ut\u00e1n felment a sz\u00ednpadra. Harminch\u00e1rom \u00e9v m\u00falva Nellike \u00edgy szedegeti \u00f6ssze eml\u00e9keit: \u201eAkivel nem volt szem\u00e9lyes ismerets\u00e9gben, azzal r\u00f6viden bar\u00e1ts\u00e1got k\u00f6t\u00f6tt, Felekyt, Gyulait m\u00e1r \u00fagy \u00f6lelte, mint legjobb pajt\u00e1sait, mint m\u0171v\u00e9szi el\u0151kel\u0151s\u00e9geket, a szer\u00e9nyen h\u00e1tr\u00e1bbvonult, \u0151t csak n\u00e9m\u00e1n \u00fcdv\u00f6zl\u0151ket s azok k\u00f6zt a reszket\u0151, boldog D\u00e1vidot, fel-felb\u00e1tor\u00edtotta egy-egy k\u00e9zszor\u00edt\u00e1ssal:<\/em><\/p>\r\n<p><!--more--><br><em>\u2013 Bar\u00e1taim, testv\u00e9rek vagyunk az \u00farban: k\u00f6sz\u00f6n\u00f6m, hogy olyan sz\u00edvesen fogadtok, higgy\u00e9tek el, hogy ma este m\u00e9giscsak ti szerezt\u00e9tek nekem a leg\u00e9desebb \u00f6r\u00f6met. De h\u00e1t hol van az a ti Korn\u00e9li\u00e1tok?<\/em><br><em>\u2013 \u00dagy? h\u00e1t m\u00e1r nem vagyok t\u00f6bb\u00e9 kis Nelli? Pedig n\u00e9zze, m\u00e9g mindig r\u00f6vid a hajam, de biztos\u00edtom, hogy m\u00e1r \u00e9l\u00e9nkebb felfog\u00e1st rejtek alatta; p\u00e9ld\u00e1ul \u00f6nnek minden k\u00f6ltem\u00e9ny\u00e9t k\u00f6nyv n\u00e9lk\u00fcl tudom.\u201d<\/em><br><em>Ez a k\u00e9ptelen, \u00e9des hazugs\u00e1g is megtette hat\u00e1s\u00e1t. A k\u00f6lt\u0151 m\u00e1snap reggel a pr\u00f3b\u00e1k idej\u00e9n is elment a sz\u00ednh\u00e1zba. A Lara h\u00e9t fi\u00e1-ra k\u00e9sz\u00fcltek, s mivel annak csak elej\u00e9n volt Nellik\u00e9nek csek\u00e9ly szerepe, eg\u00e9sz d\u00e9lel\u0151tt egym\u00e1s mellett \u00fcltek a s\u00f6t\u00e9t n\u00e9z\u0151t\u00e9ren n\u00e9m\u00e1n.<\/em><br><em>Nellike ugyan nem \u00edrja le, de abb\u00f3l, amit a k\u00e9s\u0151bbiekr\u0151l mond, k\u00f6vetkeztetni lehet, hogy csak nyelv\u00fck volt n\u00e9ma. Kezeik m\u00e1r nyilv\u00e1n besz\u00e9ltek egym\u00e1ssal. Mert a pr\u00f3ba v\u00e9ge fel\u00e9 a k\u00f6lt\u0151 egyszerre csak szerelmet vallott. \u00c9rdekes, tehets\u00e9ges \u00e9s k\u00edv\u00e1natos n\u0151 \u00fclt mellette. Mit \u00e9rezhet egy huszonh\u00e1rom \u00e9ves k\u00f6lt\u0151 az ir\u00e1nt a n\u0151 ir\u00e1nt, akir\u0151l azt hiszi, hogy \u00f6sszes m\u0171veit fej\u00e9ben \u2013 s\u0151t sz\u00edv\u00e9ben \u2013 hordja? H\u00e1l\u00e1t? Vagy azt, hogy valamik\u00e9pp m\u00e1r az \u00f6v\u00e9, hisz l\u00e9nye l\u00e9nyeg\u00e9t eleve mag\u00e1ba fogadta&#8230;<\/em><br><em>.<\/em><br><em>Korn\u00e9lia ebben az id\u0151ben mag\u00e1t tizenh\u00e9t \u00e9vesnek mondja. \u00c9letrajz sem lehet \u00fcr\u00fcgy arra, hogy n\u0151k, f\u0151k\u00e9pp a fiatals\u00e1g kell\u00e9keivel is dolgoz\u00f3 n\u0151k titkait f\u00f6ld\u00faljuk. Ak\u00e1rh\u00e1ny \u00e9ves volt is, t\u00f6rt\u00e9nt m\u00e1r vele egy s m\u00e1s. Csak azt mondjuk, amit \u0151 maga is elmond:<\/em><br><em>A vallom\u00e1s ut\u00e1n nemsok\u00e1ra \u2013 d\u00e9lut\u00e1n \u2013 a k\u00f6lt\u0151 ism\u00e9t megkereste.<\/em><br><em>\u201eM\u00e1r akkor nem az udvaron, nem a sz\u00ednpadon volt mindny\u00e1junk l\u00e1togat\u00f3ja, hanem szob\u00e1inkban keresett f\u00f6l benn\u00fcnket, Felekyn\u00e9t \u00e9s engem. Egy kis keskeny mell\u00e9kszoba volt az eny\u00e9m, minden ig\u00e9ny n\u00e9lk\u00fcl, a lehet\u0151 legegyszer\u0171bben b\u00fatorozva. Minden d\u00edsze egy f\u00e9lig hervadt koszor\u00fa volt, mellyel asztalk\u00e1m f\u00f6l\u00f6tt \u2013 l\u00e9v\u00e9n az \u00edr\u00f3- \u00e9s varr\u00f3asztal, azonf\u00f6l\u00fcl k\u00f6nyvt\u00e1r egy alakban \u2013 a Kuthy Lajos arck\u00e9pe volt feld\u00edsz\u00edtve.\u201d<\/em><br><em>\u00cdzl\u00e9sbeli vast\u00f6rv\u00e9ny, hogy aki a szalonfi Kuthy arck\u00e9p\u00e9n koszor\u00fat tart, az nem tudhatja bet\u00e9ve a J\u00e1nos Vit\u00e9z pusztafi szerz\u0151j\u00e9nek verseit. &#8230; A \u201eterm\u00e9szet vadvir\u00e1ga\u201d megn\u00e9zte mag\u00e1nak a f\u0151\u00fari h\u00e1zak b\u00e1jvir\u00e1g\u00e1t, elkomolyodott s le\u00fclt. Korn\u00e9lia j\u00f3 jellem\u00e9re vall, hogy a nagy pillanatokat mesteri keresetlens\u00e9ggel mondja el.<\/em><br><em>\u201eKev\u00e9s id\u0151 m\u00falva ism\u00e9t odan\u00e9zett, onnan re\u00e1m, v\u00e9gre azt k\u00e9rdezte:<\/em><br><em>\u2013 H\u00e1t azt hiszi: \u00e9rdemes a Hazai rejtelmek szellemes \u00edr\u00f3ja, hogy kegyed folyv\u00e1st koszor\u00fazza?<\/em><br><em>\u00c9n elpirulhattam, mert \u0151 nem tetsz\u0151leg b\u00f3lintgatott a fej\u00e9vel, \u00e9s arcomat vizsg\u00e1lta.<\/em><br><em>\u2013 Az \u00edr\u00f3 \u00e9s az ember el\u0151ttem el van v\u00e1lasztva egym\u00e1st\u00f3l \u2013 mond\u00e1m. \u2013 Azut\u00e1n nem v\u00e9tkezett ellenem semmit; az nem az \u0151 hib\u00e1ja, miszerint nem tudtam, hogy neje van\u201d\u2026<\/em><br><em>Ezt sz\u00e9p \u00e9s b\u00e1tor dolog volt ott \u00edgy kimondani. A k\u00f6lt\u0151 m\u00e9g komorabb lett. \u2013 Gy\u0171l\u00f6l\u00f6m azt az embert! \u2013 mondta. \u2013 Hej, ha \u00e9n!\u2026<\/em><br><em>\u201eItt nem tudom, mire gondolt\u201d \u2013 teszi hozz\u00e1 Korn\u00e9lia.<\/em><br><em>\u201eBesz\u00e9lhett\u00fcnk m\u00e9g sok mindenf\u00e9l\u00e9r\u0151l, m\u00edg egyszerre belebonyol\u00f3dtunk egym\u00e1s magasztal\u00e1s\u00e1ba. \u00c9n teljes sz\u00edvemmel dics\u0151\u00edtettem az \u0151 nev\u00e9t, nekem ez k\u00f6nny\u0171 volt, mert zengett az az eg\u00e9sz orsz\u00e1gban, de azt hiszem, az \u0151 viszonz\u00f3 \u00e1radoz\u00e1s\u00e1ba m\u00e1r j\u00f3form\u00e1n belevegy\u00fclt az ifj\u00fa ember l\u00e1ngragy\u00falt sz\u00edve is\u2026<\/em><br><em>Egy \u00fcgyes fordulattal arra k\u00e9rt, bizony\u00edtsam be, hogy az \u0151 nev\u00e9t olyan kiv\u00e1l\u00f3an tisztelem.<\/em><br><em>\u2013 Sz\u00edvesen \u2013 mond\u00e1m \u2013 b\u00e1rmivel, ami t\u0151lem telik.<\/em><br><em>\u2013 Minthogy \u00e9n nem k\u00e9rhetem el a kegyed sz\u00e9p nev\u00e9t, fogadja el az eny\u00e9met \u00e9s egyes\u00edtse a saj\u00e1tj\u00e1val.<\/em><br><em>Erre nagyot dobbant a sz\u00edvem, hirtelen nem gondoltam m\u00e1sra, mint a k\u00e9t n\u00e9v egyes\u00fclhet\u00e9s\u00e9re, \u0151szint\u00e9n \u00e9reztem, hogy az eny\u00e9m az \u00f6v\u00e9 mellett semmi.<\/em><br><em>\u2013 De h\u00e1t hol van a n\u00e9v a vil\u00e1gon, melyet az \u00f6n\u00e9vel egyes\u00fclten kellene viselni?\u201d<\/em><br><em>Korn\u00e9lia teh\u00e1t azt tetteti, mintha csak k\u00f6z\u00f6s m\u0171v\u00e9szi n\u00e9v visel\u00e9s\u00e9re gondolna.<\/em><br><em>A k\u00f6lt\u0151 erre kereken feles\u00e9g\u00fcl k\u00e9ri.<\/em><br><em>\u2013 De hiszen nem szeretj\u00fck egym\u00e1st.<\/em><br><em>\u2013 De m\u00e1ris tisztelj\u00fck egym\u00e1st\u2026<\/em><br><em>Nem val\u00f3sz\u00edn\u0171, hogy ezut\u00e1n szavakat is ilyeneket v\u00e1ltottak. Majd pedig \u2013 mint Korn\u00e9lia (harminch\u00e1rom \u00e9v m\u00falva) \u00edrja \u2013 \u201emindketten egym\u00e1sra n\u00e9zve elm\u00e9l\u00e1ztunk\u201d&#8230; Amikor Nelli a jelenetet le\u00edrta, a k\u00f6lt\u0151nek m\u00e1r \u00e9rcszobrai \u00e1lltak nyilv\u00e1nos tereken. Az ilyesmi megzavarja a vele val\u00f3 meghitt titkok f\u00f6lfed\u00e9s\u00e9t; mintha azok is oszloptet\u0151n jutn\u00e1nak nyilv\u00e1noss\u00e1gra. De amit a k\u00e9s\u0151bbiekr\u0151l mond, azon rajta a perc hiteless\u00e9ge.<\/em><br><em>\u201e\u2013 Kor-n\u00e9-li-a! \u2013 hangzott egy \u00e9les figyelmeztet\u0151, szaggatott hang a m\u00e1sik szob\u00e1b\u00f3l; az Udvarhelyin\u00e9\u00e9 volt.<\/em><br><em>\u2013 Mit parancsol, mama? \u2013 \u00e9s fel\u00e1lltam.<\/em><br><em>\u2013 Elk\u00e9sik, \u00f6lt\u00f6zk\u00f6dni kell.\u201d<\/em><br><em>A k\u00f6lt\u0151 f\u00f6l\u00e1llt.<\/em><br><em>\u201e\u2013 Ugye, Korn\u00e9lia, ezt folytatni fogjuk?<\/em><br><em>\u2013 Mikor? \u2013 k\u00e9rd\u00e9m nevetve \u2013 hiszen holnap reggel utazik. S\u0151t azt is mondta ma reggel, hogy halaszthatatlan \u00fatja van.\u2013 Hogy mi halad vagy mi halaszthat\u00f3, most az egyszer \u00e9n fogom megmutatni a bolond sorsnak! \u2013 mond\u00e1 hev\u00fclten \u00e9s t\u00e1vozott\u2026<\/em><br><em>N\u00e9mi izgalommal \u00f6lt\u00f6zk\u00f6dtem az esti el\u0151ad\u00e1sra, arr\u00f3l gondolkozva, vajjon tudn\u00e1m-e szeretni? vajjon boldog lehetn\u00e9k-e vele? Eh, tr\u00e9fas\u00e1g \u2013 gondoltam, \u00e9s ism\u00e9t kerestem valamit, magam sem tudtam: mit, \u00e9s addig nem v\u00e9gezhettem be az \u00f6lt\u00f6zk\u00f6d\u00e9st, m\u00edg a Kuthy k\u00e9p\u00e9r\u0151l a koszor\u00fat is le nem vettem.\u201d<\/em><br><em>A darabban \u2013 Lara h\u00e9t fi\u00e1-ban \u2013 Nelli feh\u00e9r ruh\u00e1ban, feh\u00e9r f\u00e1tyolban j\u00e1tszott. A k\u00f6lt\u0151 a kulissz\u00e1k m\u00f6g\u00f6tt is megkereste.<\/em><br><em>\u201e\u2013 Na l\u00e1tja, k\u00e9szen is van a menyasszony.<\/em><br><em>\u2013 \u00c9s a v\u0151leg\u00e9ny \u2013 eg\u00e9sz\u00edtettem ki \u2013, csak a pap hi\u00e1nyzik.<\/em><br><em>\u2013 Az r\u00f6gt\u00f6n lenne, csak mondan\u00e1 ki az igent.<\/em><br><em>\u2013 No h\u00e1t, igen: ez azonban \u2013 siettem folytatni \u2013 csak arra k\u00f6telez\u0151, hogy m\u00e1tk\u00e1sok legy\u00fcnk addig, m\u00edg \u00f6n ism\u00e9t felkereshet engem; akkor azut\u00e1n \u00fcnnep\u00e9lyes eljegyz\u00e9st tartunk, \u00e9s megbesz\u00e9lj\u00fck az egybekel\u00e9st.\u201d<\/em><br><em>Ez persze egy bet\u0171j\u00e9ben sem val\u00f3sz\u00edn\u0171; hogy egy szeg\u00e9ny, nemr\u00e9gen is cserbenhagyott l\u00e1ny a m\u00e1sodik igen kimond\u00e1sa ut\u00e1n is ilyen polg\u00e1rm\u00f3d k\u00f6r\u00fclm\u00e9nyeskedj\u00e9k azzal, aki a legt\u00f6bbel k\u00edn\u00e1lja meg. Az orsz\u00e1g legh\u00edresebb fiatalembere, aki lapot is szerkeszt, kritik\u00e1t is \u00edr, erre azt k\u00e9rdezte t\u0151le, \u201eha most r\u00f6gt\u00f6n itt \u00e1llana egy pap, kezembe tenn\u00e9-e a kez\u00e9t esk\u00fcre?\u201d<\/em><br><em>Korn\u00e9lia vid\u00e9ken j\u00e1tszott, szeretett volna visszaker\u00fclni Pestre; nyilv\u00e1n megvillant benne, \u201eamivel p\u00e1ly\u00e1j\u00e1nak tartozott\u201d. De nyilv\u00e1nval\u00f3 az is, hogy ezt az aj\u00e1nlatot csak tr\u00e9f\u00e1nak, kedves szertelens\u00e9gnek vehette. Kifejezi ezt a beleegyez\u00e9s form\u00e1ja is.<\/em><br><em>\u201e\u2013 Bizonyosan \u2013 feleltem.<\/em><br><em>Ekkor megragadta kezemet.<\/em><br><em>\u2013 Korn\u00e9lia! \u2013 ha egy \u00f3ra, mondjuk k\u00e9t \u00f3ra m\u00falva\u2026 m\u00e1r akkorra elv\u00e9gezt\u00e9k ezt a Lara h\u00e9t f\u00e1jdalm\u00e1t is\u2026<\/em><br><em>\u2013 Fi\u00e1t \u2013 igaz\u00edt\u00e1m ki.<\/em><br><em>\u2013 Na h\u00e1t fi\u00e1t, apj\u00e1t, anyj\u00e1t, hiszen l\u00e1tja, hogy f\u00e9lbolond vagyok. \u2013 Mondom teh\u00e1t, p\u00e1r \u00f3ra m\u00falva, ha K\u00f6nyves T\u00f3th Mih\u00e1ly bar\u00e1tom \u2013 amiben \u00e9n nem k\u00e9tkedem \u2013 t\u00e1rt karokkal fogad, megesk\u00fcsz\u00fcnk, ugye?<\/em><br><em>\u2013 Meg.<\/em><br><em>\u2013 Becs\u00fclet\u00e9re?<\/em><br><em>\u2013 Becs\u00fcletemre! \u2013 Erre megcs\u00f3kolta kezemet \u00e9s elrohant. Az ajt\u00f3n\u00e1l \u00f6ssze\u00fctk\u00f6z\u00f6tt Gyulai Ferenccel.<\/em><br><em>\u2013 Hova szaladsz? \u2013 k\u00e9rdi az t\u0151le.\u2013 Megyek bar\u00e1tom, a paphoz. Csin\u00e1lj\u00e1tok hamar azt a j\u00e1t\u00e9kot, mert ut\u00e1na megesk\u00fcsz\u00fcnk Korn\u00e9li\u00e1val. Maradjatok egy\u00fctt mindny\u00e1jan, akik engem \u00e9s \u0151t szeretitek, mert ilyen boldog lakodalma senkinek sem volt a vil\u00e1gon!<\/em><br><em>\u2026Gyulai egy percig k\u0151v\u00e9 meredten \u00e1llt hely\u00e9n, azut\u00e1n hozz\u00e1m l\u00e9pett, ki magam is szoborszer\u0171 \u00e1llapotban \u00e1lltam el\u0151bbi helyemen.<\/em><br><em>\u2013 Igaz ez? \u2013 k\u00e9rdez\u00e9.<\/em><br><em>\u2013 Igaz.<\/em><br><em>\u2013 De h\u00e1t meggondolta?<\/em><br><em>\u2013 Lehet\u0151leg; az Isten akarata ez.<\/em><br><em>\u201eEkkor k\u00fcl\u00f6nben is fesz\u00fclt idegeimen \u2013 az adott sz\u00f3 csod\u00e1s hat\u00e1sa miatt \u2013 olyan er\u0151t vett a l\u00e1z, hogy a sz\u00f3 teljes \u00e9rtelm\u00e9ben a fogvacog\u00e1sig reszketni kezdtem, egy fal\u00f3c\u00e1ra le\u00fcltem.\u201d<\/em><br><em>A kis sz\u00edn\u00e9szl\u00e1ny att\u00f3l f\u00e9lt, hogy a t\u00f6bbiek \u201ekisebb\u00edt\u0151 sz\u00f3val illetik\u201d: szem\u00e9be mondj\u00e1k, mit csin\u00e1l a karrierj\u00e9\u00e9rt ezzel a rajong\u00f3 gyerekkel.<\/em><br><em>\u201eL\u00e1ttam, hogy s\u00fagnak-b\u00fagnak. Udvarhelyin\u00e9 \u2013 valami nesz\u00e9t vette a dolognak, \u00e9s vizsga tekintet\u00e9vel le s f\u00f6l j\u00e1rt el\u0151ttem. Felekyn\u00e9, igazi testv\u00e9ri bar\u00e1tn\u0151m, a sz\u00ednfalak k\u00f6zt \u00e9rtes\u00fclv\u00e9n, hozz\u00e1m leszaladt, \u00e9s mert nem n\u00e9ztem szem\u00e9be, let\u00e9rdelt el\u0151ttem, \u00e9s szeretetteljes hangj\u00e1val azt mondta:<\/em><br><em>\u2013 Ugye, Korn\u00e9lia, nem \u00edgy, nem ma?<\/em><br><em>\u00c9n csak annyit susogtam:<\/em><br><em>\u2013 M\u00e1r megvan, szavamat nem vonom vissza semmi esetre sem.\u201d&#8230;<\/em><br><br><em>A k\u00f6lt\u0151, aki most sem volt sem egzalt\u00e1lt, sem r\u00e9szeg, val\u00f3ban j\u00e1rt a papn\u00e1l. \u00c1gy\u00e1b\u00f3l h\u00fazta ki, s r\u00f6gt\u00f6n alaposan \u00f6sszeveszett vele. A reform\u00e1tus r\u00edtus szerint k\u00fcl\u00f6n\u00f6sebb indok n\u00e9lk\u00fcl nem szabad gyertyaf\u00e9nyn\u00e9l esketni. De kell\u0151 okm\u00e1nyok \u00e9s kihirdet\u00e9s \u2013 vagy dispenz\u00e1ci\u00f3 \u2013 n\u00e9lk\u00fcl sem szabad. A k\u00f6lt\u0151 \u00e9rvelt \u2013 Rousseau-ja szellem\u00e9ben \u2013 a sz\u00edv jogaival.<\/em><br><em>Korn\u00e9lia a sz\u00ednh\u00e1zban v\u00e1rta.<\/em><br><em>Itt m\u00e1r sminkel. K\u00f6sz\u00f6nj\u00fck meg, hogy eddig meg\u00e1llta.\u201eMikor a legnagyobb izgalomban visszat\u00e9rt hozz\u00e1m, \u00e9s megtudtam, hogy nem esketnek meg benn\u00fcnket, egy n\u00e9ma h\u00e1l\u00e1val foh\u00e1szkodtam a gondvisel\u00e9shez, \u00e9s s\u00edrva k\u00e9rtem: legyen nyugodt, \u00e9s ne zs\u00e1km\u00e1nyolja ki egy csak most keletkez\u0151 rokonszenv jog\u00e1t; higgye el, legjobb bar\u00e1taink is el\u00edt\u00e9lnek; utazz\u00e9k el holnap b\u00e9k\u00e9vel, majd leveleink fenntartj\u00e1k k\u00f6zt\u00fcnk a j\u00f6v\u0151 boldogs\u00e1g kil\u00e1t\u00e1s\u00e1t\u2026 \u00c9n r\u00e9szemr\u0151l eg\u00e9szen k\u00f6nnyebb\u00fclten \u00e9reztem magamat, hogy ide fordult a dolog.\u201d<\/em><br><em>Sem a n\u00e9ma h\u00e1l\u00e1j\u00fa foh\u00e1szkod\u00e1snak, sem a s\u00edr\u00f3 k\u00e9relemnek nem adhatunk hitelt. A k\u00e9t fiatal most ker\u00fcl legk\u00f6zelebb egym\u00e1shoz, s Korn\u00e9lia, az eml\u00e9keit \u00edr\u00f3, most legfukarabb a sz\u00f3val. Mindketten szabadok, Korn\u00e9lia is, szeg\u00e9ny, akit soha ilyen megtiszteltet\u00e9s m\u00e9g nem \u00e9rt: a f\u00e9rfiak sokat k\u00e9rtek m\u00e1r t\u0151le, de kez\u00e9t m\u00e9g egy sem.<\/em><br><em>Ha van egy kis n\u0151i furfang s egy kis \u00e1llhatatoss\u00e1g Korn\u00e9li\u00e1ban, k\u00f6nnyen \u00e9s gyorsan a k\u00f6lt\u0151 feles\u00e9ge lehetett volna.<\/em><br><em>Az esk\u00fcv\u0151, ha egy nap alatt nem is, h\u00e1rom-n\u00e9gy nap alatt ny\u00e9lbe \u00fct\u0151dhetett volna: K\u00f6nyves T\u00f3th tiszteletesnek voltak\u00e9pp csak a gyertyaf\u00e9ny ellen volt kifog\u00e1sa. Hisz a dispenz\u00e1ci\u00f3t is \u0151 eml\u00edtette.<\/em><br><em>M\u00e1rpedig a gyors egybekel\u00e9sekre \u00e9pp a dispenz\u00e1ci\u00f3 a r\u00e9v; elint\u00e9z\u00e9se is csak napok dolga. Ha Korn\u00e9lia csak k\u00e9t huszonn\u00e9gy \u00f3r\u00e1ig mondjuk h\u00e1romig tartja lobog\u00e1sban azt a t\u00fczet, amit gy\u00fajtott, annak f\u00e9ny\u00e9n\u00e9l Szendrey J\u00falia helyett \u0151 ker\u00fcl a halhatatlans\u00e1gba.<\/em><br><em>Mi t\u00f6rt\u00e9nt azon az oly nyomtalan \u00e9s hangtalan esten, 1846-nak \u00e9s Debrecennek azon a november 19-i irodalomt\u00f6rt\u00e9netileg is s\u00f6t\u00e9t \u00e9jszak\u00e1j\u00e1n?<\/em><br><em>A k\u00f6lt\u0151 \u2013 mindv\u00e9gig \u2013 gyermekesen k\u00f6zl\u00e9keny volt: m\u00e1soknak a szerelmeseit\u0151l, s\u0151t a feles\u00e9g\u00e9t\u0151l kapott leveleket is megmutatta. S\u00e9relmeit, f\u00e1jdalm\u00e1t nem szokta titkolni. Val\u00f3sz\u00edn\u0171, hogy az egy\u00fcttl\u00e9t els\u0151 meghitt perceiben Korn\u00e9li\u00e1nak is elmondta, milyen diadalt aratott, s m\u00e9gis milyen kudarcot szenvedett Szatm\u00e1r \u201eel\u0151kel\u0151\u201d vil\u00e1g\u00e1ban. Korn\u00e9lia, a fiatals\u00e1ga ellen\u00e9re is tapasztalt, erre csak azt gondolhatta: hozz\u00e1m teh\u00e1t a s\u00e9rtetts\u00e9g hozta, engem teh\u00e1t a legjobb esetben is vigasznak szeret; vagy akar szeretni. A k\u00f6vetkez\u0151 gondolatai ezek lehettek: maga sem tudja, mit csin\u00e1l; ilyen h\u00e1zass\u00e1gba \u00e9n nem megyek bele; tegy\u00fck h\u00e1t pr\u00f3b\u00e1ra: csillap\u00edtsuk le a t\u00fcz\u00e9t, s l\u00e1ssuk, v\u00e1llalja-e azut\u00e1n is, amit oly kedves k\u00f6zvetlens\u00e9ggel f\u00f6lk\u00edn\u00e1lt. De amit \u00e9rezhetett: ennek szeg\u00e9nynek most csak puszt\u00e1n szeretet kell, \u00f6nbizalom-k\u00e1rp\u00f3tl\u00e1s, hi\u00fas\u00e1g-gy\u00f3gy\u00edr, ak\u00e1rkit\u0151l. Becs\u00fcl\u00f6m \u00e9s szeretem annyira, hogy nem \u00e9lek vissza a gyenges\u00e9g\u00e9vel, nem akaszkodom r\u00e1 mindenest\u00fcl, eg\u00e9sz \u00e9letemmel, hanem csak azt adom neki \u2013 j\u00f3pajt\u00e1ss\u00e1gb\u00f3l, koll\u00e9gi\u00e1lit\u00e1sb\u00f3l! \u2013 amire sz\u00fcks\u00e9ge van.<\/em><br><em>M\u00e1snap a k\u00f6lt\u0151nek csakugyan el kellett utaznia. \u201eEg\u00e9sz \u00e9jf\u00e9lig bar\u00e1taival id\u0151z\u00f6tt, kik azt \u00e1ll\u00edtott\u00e1k, hogy majd hallgatag, majd meg f\u00e9ktelen ked\u00e9ly\u0171 volt. \u00c9jf\u00e9l ut\u00e1n az \u00f6reg Bok\u00e1t \u2013 ki szint\u00e9n h\u00f3dolattal b\u00e1multa, s ez \u00e9rzelmeinek gy\u00f6ny\u00f6r\u0171 heged\u0171j\u00e1t\u00e9k\u00e1val adott kifejez\u00e9st, ablakom al\u00e1 hozta, ezt az egy dalt h\u00fazatv\u00e1n v\u00e9le: A vir\u00e1gnak megtiltani nem lehet.\u201d<\/em><br><em>\u00c1m mi t\u00f6rt\u00e9nt azut\u00e1n? Mit tett m\u00e9g a k\u00f6lt\u0151?<\/em><br><em>\u201eReggel \u00f6t \u00f3rakor indult a gyorskocsi: miel\u0151tt fel\u00fclt volna, t\u00e1rc\u00e1j\u00e1b\u00f3l kiszak\u00edtott egy lapot, s \u00edrt nekem s\u0171r\u0171, apr\u00f3 bet\u0171kkel, eg\u00e9szen addig, am\u00edg csak bet\u0171 f\u00e9rhetett arra. K\u00e9rt, hogy vegyem f\u00f6l pap \u00e1ld\u00e1sa n\u00e9lk\u00fcl is a nev\u00e9t; \u0151 teljesen re\u00e1m ruh\u00e1zza azt, \u00e9s Kolozsv\u00e1rott \u2013 hova k\u00e9t h\u00e9t m\u00falva sz\u00e1nd\u00e9koztunk \u2013 szerepeljek m\u00e1r \u00fagy\u2026 \u0151 ott lesz n\u00e1lam, amikor k\u00edv\u00e1nom, az esk\u00fcv\u0151re, \u00e9s ism\u00e9t t\u00e1vozik, ha \u00fagy akarom. Belenyugszik abba, hogy csak akkor h\u00edvjam \u0151t magamhoz mint f\u00e9rjemet, ha m\u00e1r meggy\u0151z\u0151dtem arr\u00f3l, mennyire meg\u00e9rdemli a boldogs\u00e1got\u2026 Ez volt t\u0151le els\u0151 levelem: Cs\u00f6ngey D\u00e1vidra b\u00edzta a k\u00e9zbes\u00edt\u00e9st, ki m\u00e1r hat \u00f3rakor kopogtatott ablakomon, s azt \u00e1tadta\u2026\u201d <strong>(Illy\u00e9s Gyula: Pet\u0151fi S\u00e1ndor)<\/strong><\/em><br><br><br><\/p>\r\n<h2><em><strong>Pet\u0151fi S\u00e1ndor: ERD\u00c9LYBEN<\/strong><\/em><br><br><\/h2>\r\n<p>Barangol \u00e9s z\u00fag, z\u00fag az \u0151szi sz\u00e9l.<br>Cs\u00f6r\u00f6gnek a f\u00e1k sz\u00e1raz lombjai,<br>Mint rab kez\u00e9n a megr\u00e1zott bilincs.<br>Hallgass, zug\u00f3 sz\u00e9l, hadd besz\u00e9ljek \u00e9n!<br>Ha el nem hallgatsz, t\u00falki\u00e1ltalak,<br>Mint n\u0151sir\u00e1st az \u00e9gih\u00e1bor\u00fa.<br>Egy nemzet \u00e9s k\u00e9t orsz\u00e1g hallja meg,<br>Mi bennem eddig titkon forra csak,<br>S amit keblemb\u0151l mostan kir\u00f6p\u00edtek,<br>Mint a volk\u00e1n az \u00e9g\u0151 k\u00f6veket.<br>Az forra bennem, az f\u00e1jt \u00e9nnekem,<br>Hogy egy nemzetnek k\u00e9t orsz\u00e1ga van, hogy<br>E k\u00e9torsz\u00e1gos nemzet a magyar!<br>Ez tette lelkem puszt\u00e1v\u00e1, a b\u00e1nat<br>Puszt\u00e1j\u00e1v\u00e1, hol egy tigris lakik:<br>A v\u00e9rszem\u0171, a l\u00e1ngszem\u0171 harag.<br>Oh e vad\u00e1llat h\u00e1nyszor verte el<br>Mag\u00e1nyos \u00e9jim csend\u00e9t, amid\u0151n<br>Bes\u00fcv\u00f6lt\u00f6tte puszta lelkemet! &#8211;<br>Mely \u00f6rd\u00f6g s\u00fagta, hogy kett\u00e9szakadjunk,<br>Hogy sz\u00e9trepessz\u00fck a szent levelet,<br>Mit diadalmas \u0151seink \u00edr\u00e1nak,<br>Sziv\u00f6k v\u00e9r\u00e9be m\u00e1rtv\u00e1n kardjokat?<br>Kett\u00e9szakadtunk, \u00e9s a sz\u00e9p lev\u00e9lb\u0151l<br>Rongyok lev\u00e9nek, miket elsodort<br>\u00c9s s\u00e1rba dobott a sz\u00e1zadok viharja.<br>L\u00e1bbal tiportak benn\u00fcnket. K\u00f6ny\u0171ket<br>\u00c9s jajki\u00e1lt\u00e1st k\u00fcld\u00f6tt\u00fcnk az \u00e9gbe,<br>De panaszunkat az be nem fogadta.<br>A rabszolg\u00e1kat nem hallgatja az meg,<br>Mert aki j\u00e1rmot h\u00e1gy nyak\u00e1ba tenni.<br>M\u00e9lt\u00f3 re\u00e1, hogy azt hurcolja is,<br>M\u00edg \u00f6ssze nem d\u0151l a korb\u00e1cs alatt.<br>Tartottunk volna \u00f6ssze: a vil\u00e1g most<br>Tudn\u00e1 hir\u00fcnket, nem voln\u00e1nk kiz\u00e1rva<br>A templomb\u00f3l, hol a nagy nemzeteknek<br>A tisztelet t\u00f6mj\u00e9n\u00e9t \u00e9getik.<br>Tartottunk volna \u00f6ssze, nem t\u00f6r\u00f6ln\u00e9nk<br>Szem\u00fcnkb\u0151l annyi f\u00e1jdalmas k\u00f6ny\u0171t,<br>Mid\u0151n forgatjuk reszket\u0151 kez\u00fcnkkel<br>T\u00f6rt\u00e9net\u00fcnknek s\u00f6t\u00e9t lapjait.<br>A porszemet, mely csak mag\u00e1ban \u00e1ll,<br>Elf\u00faja egy kis szell\u0151, egy lehellet;<br>De hogyha \u00f6sszeolvad, \u00f6sszen\u0151, ha<br>A porszemekb\u0151l szikla alak\u00fal:<br>A fergeteg sem ingathatja meg!<br>Fontoljuk ezt meg, elv\u00e1lt magyarok,<br>Amit mondtam, nem \u00faj, de szent igaz.<br>Az esem\u00e9nyek rombol\u00f3 szele<br>Nem f\u00fa jelenleg, \u00e9s a porszemek<br>Nyugton hevernek biztos hely\u00f6k\u00f6n;<br>De ha f\u00f6lt\u00e1mad a sz\u00e9l, miel\u0151tt<br>Eggy\u00e9 olvadn\u00e1nk, el-sz\u00e9tsz\u00f3r \u00f6r\u00f6kre<br>A nagy vil\u00e1gnak minden r\u00e9szibe,<br>\u00c9s soha t\u00f6bb\u00e9 meg nem lelj\u00fck egym\u00e1st.<br>Iparkodjunk. A sz\u00e1zad visel\u0151s,<br>Sz\u00fcletni fognak nagyszer\u0171 napok,<br>\u00c9let-hal\u00e1lnak v\u00e9szes napjai.<br>Fogjunk kezet, hogy rettegn\u00fcnk ne kelljen<br>Az elj\u00f6vend\u0151 \u00f3ri\u00e1sokat.<br>Tartsuk meg a sz\u00e9p, a szent k\u00e9zfog\u00e1st,<br>Tartsuk meg azt, oh \u00e9des nemzetem!<br>Ki legel\u0151sz\u00f6r nyujtja ki kez\u00e9t,<br>Az\u00e9 legyen a h\u00e1la s a dics\u0151s\u00e9g;<br>S ki elfogadni azt vonakodik?<br>Annak por\u00e1ra sz\u00e1lljon minden \u00e1tok,<br>Melyet sirunkra majd vir\u00e1g helyett<br>\u00dcltetni fognak marad\u00e9kaink,<br>Kiket \u00f6r\u00f6kre megnyomorit\u00e1nk!<br><br><em>Kolt\u00f3, 1846. okt\u00f3ber 26.<\/em><br><br><br><em><strong>GR\u00d3F TELEKY S\u00c1NDORHOZ<\/strong><\/em><br><br>Te elf\u00e1radsz, mig \u0151seidnek<br>V\u00e9gigtekintesz n\u00e9vsor\u00e1n,<br>\u00c9n j\u00f3form\u00e1n azt sem tudom, hogy<br>Ki \u00e9s mi volt a nagyap\u00e1m.<br>Te f\u00e9nyes, csill\u00e1ros teremben<br>B\u00e1rson p\u00f3ly\u00e1ban sz\u00fclet\u00e9l,<br>\u00c9n szalmazs\u00e1kon sz\u00fclet\u00e9m egy<br>Kis m\u00e9cs borong\u00f3 f\u00e9nyin\u00e9l.<br>T\u00e9ged s\u00e9t\u00e1ra cifra hint\u00f3n<br>N\u00e9gy, \u00f6t sz\u00e9p dr\u00e1ga l\u00f3 ragad,<br>\u00c9n az apostolok post\u00e1j\u00e1n<br>Viszem s\u00e9t\u00e1ra magamat.<br>B\u0151s\u00e9ge van mindennek n\u00e1lad,<br>Amit kiv\u00e1n a sz\u00e1j s a szem,<br>Nekem ma m\u00e9g csak van mit enni,<br>Holnap tal\u00e1n m\u00e1r \u00e9hezem.<br>Sz\u00f3val: nagy \u00far vagy \u00e9s \u00e9n koldus,<br>S m\u00e9gis, l\u00e9gy b\u00fcszke r\u00e1, igen,<br>L\u00e9gy b\u00fcszke r\u00e1, j\u00f3 gr\u00f3f drusz\u00e1m, hogy<br>Itten nyugodt\u00e1l keblemen.<br>Mert, hej nem mindenik nagy \u00farnak<br>Jut a szerencse, elhihetd.<br>Hogy meg\u00f6leljem s bar\u00e1tomnak<br>Nevezzem, \u00fagy, mint t\u00e9gedet.<br>S m\u00e9rt tettem ezt? mert&#8230; de nem sz\u00fcks\u00e9g,<br>Hogy elbesz\u00e9ljem \u00e9rdemed:<br>M\u00e1r az el\u00e9g dics\u00e9retedre,<br>Hogy itt k\u00f6nyvemben \u00e1ll neved.<br><br><em>Kolt\u00f3, 1846. november 7-10.<\/em><br><br><\/p>\r\n<p><em><strong>VIL\u00c1GOSK\u00c9K A CSILLAGOS \u00c9JSZAKA&#8230;<\/strong><\/em><br><br>Vil\u00e1gosk\u00e9k a csillagos \u00e9jszaka,<br>T\u00e1rva-nyitva szob\u00e1mnak az ablaka,<br>Az ablakb\u00f3l tekintetem az \u00e9gen,<br>Lelkem pedig angyalomnak \u00f6l\u00e9ben.<br><br>A csillagos \u00e9g \u00e9s az \u00e9n angyalom<br>Mindenn\u00e9l szebb, ami csak sz\u00e9p, mondhatom.<br>\u00c9n legal\u00e1bb a vil\u00e1got bej\u00e1rtam,<br>De ezekn\u00e9l szebbet sehol nem l\u00e1ttam.<br><br>Fogyt\u00e1n van a hold, \u00fagy ballag lefel\u00e9<br>A meg\u00e9 a messze k\u00e9kl\u0151 hegy meg\u00e9.<br>A fogy\u00f3 hold tal\u00e1n az \u00e9n b\u00e1natom,<br>Oly halv\u00e1ny, hogy m\u00e1r csak alig l\u00e1thatom.<br><br>Magasan \u00e1ll a Fiasty\u00fak az \u00e9gen,<br>Sz\u00f3lanak a kakasok a vid\u00e9ken,<br>Hajnalodik, h\u00fcv\u00f6s csip\u0151s sz\u00e9l t\u00e1mad,<br>H\u00fcv\u00f6s sz\u00e1rnya legyintgeti orc\u00e1mat.<br><br>Itt hagyn\u00e1m m\u00e1r ablakom, hogy elmenjek<br>Lefek\u00fcnni \u00e9s \u00e1lmodni; de minek?<br>\u00c1lmodni ugysem tudn\u00e9k \u00e9n oly sz\u00e9pet,<br>Mint amily sz\u00e9p most el\u0151ttem az \u00e9let.<br><br><em>Kolt\u00f3, 1846. november 7-10.<\/em><br><br><br><em><strong>MI VAN INNEN T\u00c1VOL&#8230;<\/strong><\/em><br><br>Mi van innen t\u00e1vol? a Tisza&#8230;<br>Mi van a Tisz\u00e1n t\u00fal? Hortob\u00e1gy&#8230;<br>Hortob\u00e1gyon t\u00fal? egy sz\u00e9p le\u00e1ny,<br>Kihez lelkem visszav\u00e1gy!<br><br>Sz\u00e9p le\u00e1ny, sz\u00e9p barna kisle\u00e1ny,<br>T\u0151led oh be messze estem el!&#8230;<br>Csak azt tudhatn\u00e1m, hogy legal\u00e1bb<br>N\u00e9ha r\u00e1m eml\u00e9kezel!<br><br>Engemet sokszor megl\u00e1togat<br>A j\u00f3 angyal, az eml\u00e9kezet,<br>\u00c9s karon fog, s \u00f6ntudatlan\u00fal,<br>Kedvesem, hozz\u00e1d vezet.<br><br>Az \u0151s v\u00e1r, melynek t\u00fcnd\u00e9re vagy,<br>Mely a dombr\u00f3l a r\u00f3n\u00e1ra l\u00e1t,<br>Hol a k\u00e9k Szamosban t\u00f6lti a<br>Holdvil\u00e1g az \u00e9jszak\u00e1t,<br><br>\u00c9s a kert a v\u00e1ri domb alatt,<br>\u00c9s a kertben a t\u00f3 partin\u00e1l<br>A gy\u00e1szf\u0171zek n\u00e9ma lombjai &#8211;<br>Mindez, mind el\u0151ttem \u00e1ll.<br><br>Oh e kertben kert volt \u00e9let\u00fcnk,<br>Minden \u00f3r\u00e1nk benne egy vir\u00e1g;<br>Mult- s j\u00f6v\u0151nket a gazdag jelen<br>Koszor\u00fai takar\u00e1k. &#8211;<br><br>Ly\u00e1nyka, hogyha visszagondolod<br>E dics\u0151 kort: dobog-e szived?<br>K\u00f6lt-e benned, mint \u00e9nbennem, oly<br>\u00c9des \u00e9rzem\u00e9nyeket?<br><br>V\u00e1rod-e ugy, mint \u00e9n a napot,<br>Mely kett\u0151nket \u00f6sszehoz megint?<br>\u00c9n hiszem, hogy e sz\u00e9p kor fel\u00e9<br>Sz\u00e9p szemed gyakran tekint!<br><br><em>Pest, 1846. november 20. ut\u00e1n<\/em><br><br><em><strong>NEM \u00c9RT ENGEM A VIL\u00c1G<\/strong><\/em><br><br>Nem \u00e9rt engem a vil\u00e1g!<br>Nem f\u00e9r a fej\u00e9be,<br>Egy embernek \u00e9neke<br>Hogy lehet k\u00e9tf\u00e9le?<br>Hogy dalolhat az jelenleg<br>Sz\u00edvrepeszt\u0151 b\u00e1natot,<br>Ki el\u00e9bb egy pillanattal<br>\u00dagy \u00f6r\u0171lt, ugy v\u00edgadott?<br><br>Ember \u00e9s polg\u00e1r vagyok.<br>Mint ember mi boldog!<br>\u00c9s mint polg\u00e1r, lelkemen<br>Mily keservet hordok!<br>Az \u00f6r\u00f6mnek k\u00f6nny\u00e9t s\u00edrom,<br>Ha ly\u00e1nyk\u00e1mra gondolok;<br>F\u00e1jdalomnak k\u00f6nny\u00e9t s\u00edrom,<br>Ha haz\u00e1mhoz fordulok.<br><br>Keblemen a szerelem<br>Vir\u00e1gbokr\u00e9t\u00e1ja,<br>Fejemen honszeretet<br>T\u00f6viskoron\u00e1ja;<br>Igy lantomra majd megsebzett<br>Homlokom v\u00e9rcseppje hull,<br>Majd egy illatos levelke<br>Bokr\u00e9t\u00e1m vir\u00e1gibul.<br><br><em>Pest, 1846. november 20. ut\u00e1n<\/em><br><br><br><em><strong>RESZKET A BOKOR, MERT&#8230;<\/strong><\/em><br><br>Reszket a bokor, mert<br>Mad\u00e1rka sz\u00e1llott r\u00e1.<br>Reszket a lelkem, mert<br>Eszembe jutott\u00e1l,<br>Eszembe jutott\u00e1l,<br>Kicsiny kis le\u00e1nyka,<br>Te a nagy vil\u00e1gnak<br>Legnagyobb gy\u00e9m\u00e1ntja!<br><br>Teli van a Duna,<br>T\u00e1n m\u00e9g ki is szalad.<br>Szivemben is alig<br>F\u00e9r meg az indulat.<br>Szeretsz, r\u00f3zsasz\u00e1lam?<br>\u00c9n ugyan szeretlek,<br>Ap\u00e1d-any\u00e1d n\u00e1lam<br>Jobban nem szerethet.<br><br>Mikor egy\u00fctt voltunk,<br>Tudom, hogy szerett\u00e9l.<br>Akkor meleg ny\u00e1r volt,<br>Most t\u00e9l van, hideg t\u00e9l.<br>Hogyha m\u00e1r nem szeretsz,<br>Az isten \u00e1ldjon meg,<br>De ha m\u00e9g szeretsz, \u00fagy<br>Ezerszer \u00e1ldjon meg!<br><br><em>Pest, 1846. november 20. ut\u00e1n<\/em><br><br><br><em><strong>TE AZ ENYIM, \u00c9N A TIED&#8230;<\/strong><\/em><br><br>Te az enyim, \u00e9n a tied,<br>Nek\u00fcnk \u00e1ll a vil\u00e1g!<br>Magas a nap fej\u00fcnk f\u00f6l\u00f6tt,<br>Messze f\u00f6ldet bel\u00e1t,<br>De ameddig szeme elhat,<br>Nem l\u00e1t n\u00e1lunk boldogabbat.<br><br>Kicsiny le\u00e1ny az \u00e9n r\u00f3zs\u00e1m,<br>Elf\u00e9r az \u00f6lembe&#8217;.<br>Kicsiny le\u00e1ny az \u00e9n r\u00f3zs\u00e1m,<br>De nagy \u00e1m a lelke,<br>R\u00f3zs\u00e1m lelke eg\u00e9sz orsz\u00e1g,<br>M\u00e9gpedig a T\u00fcnd\u00e9rorsz\u00e1g.<br><br>Ha Julisk\u00e1m eszembe jut,<br>S\u00f6t\u00e9tben is l\u00e1tok,<br>F\u00e9nyes szeme, f\u00e9nyes lelke<br>Hint re\u00e1m vil\u00e1got;<br>Ha el\u0151ttem e k\u00e9t f\u00e1klya,<br>Bel\u00e1tok a mennyorsz\u00e1gba. &#8211;<br><br>Tudod-e m\u00e9g, \u00e9desany\u00e1m,<br>Mikor gyerek voltam?<br>Kinn az utc\u00e1n h\u00e1zunk el\u0151tt<br>J\u00e1tszottam a porban,<br>M\u00e1r ott az j\u00e1rt a fejembe:<br>Ha bel\u0151lem kir\u00e1ly lenne!<br><br>Kinevett\u00e9l akkor, any\u00e1m,<br>J\u00f3iz\u0171t nevett\u00e9l,<br>Hogy fiad fej\u00e9ben ilyen<br>Balga gondolat k\u00e9l.<br>De az isten meghallgatott,<br>Megseg\u00edtett, kir\u00e1ly vagyok.<br><br>Kir\u00e1ly vagyok \u00e9n, mi\u00f3ta<br>B\u00edrom Julisk\u00e1mat.<br>Nem fejemen, de sz\u00edvemen<br>Hordom koron\u00e1mat.<br>Eszemadta Julisk\u00e1ja<br>Sz\u00edvem arany koron\u00e1ja!<br><br><em>Nagyv\u00e1rad, 1847. j\u00fanius 1.<\/em><\/p>\r\n","protected":false},"excerpt":{"rendered":"<p>A romantika e korszaka a f\u00e9rfias f\u00e9rfi sz\u00e1m\u00e1ra a r\u00f6gt\u00f6ni cselekv\u00e9st, a kardr\u00e1nt\u00e1s gyorsas\u00e1g\u00fa d\u00f6nt\u00e9st \u00edrja el\u0151. Nemcsak a k\u00f6lt\u0151, minden haland\u00f3 ihlet befoly\u00e1sa alatt \u00e1ll. F\u0151leg szerelem dolg\u00e1ban tilos t\u00f6prengeni&#8230;Nem els\u0151 eset, hogy a fiatal k\u00f6lt\u0151 szerelm\u00e9t r\u00f6gt\u00f6n h\u00e1zass\u00e1gi aj\u00e1nlattal fejezi ki; k\u00e9rt \u0151 meg m\u00e1r l\u00e1nyt \u2013 aki tetszett neki \u2013, &#8230;, puszta [&hellip;]<\/p>\n","protected":false},"author":3,"featured_media":0,"comment_status":"open","ping_status":"open","sticky":false,"template":"","format":"standard","meta":{"_monsterinsights_skip_tracking":false,"_monsterinsights_sitenote_active":false,"_monsterinsights_sitenote_note":"","_monsterinsights_sitenote_category":0,"ngg_post_thumbnail":0,"footnotes":""},"categories":[120,4],"tags":[],"class_list":["post-99885","post","type-post","status-publish","format-standard","hentry","category-essze","category-vers"],"_links":{"self":[{"href":"https:\/\/ujkafe.website\/index.php?rest_route=\/wp\/v2\/posts\/99885","targetHints":{"allow":["GET"]}}],"collection":[{"href":"https:\/\/ujkafe.website\/index.php?rest_route=\/wp\/v2\/posts"}],"about":[{"href":"https:\/\/ujkafe.website\/index.php?rest_route=\/wp\/v2\/types\/post"}],"author":[{"embeddable":true,"href":"https:\/\/ujkafe.website\/index.php?rest_route=\/wp\/v2\/users\/3"}],"replies":[{"embeddable":true,"href":"https:\/\/ujkafe.website\/index.php?rest_route=%2Fwp%2Fv2%2Fcomments&post=99885"}],"version-history":[{"count":0,"href":"https:\/\/ujkafe.website\/index.php?rest_route=\/wp\/v2\/posts\/99885\/revisions"}],"wp:attachment":[{"href":"https:\/\/ujkafe.website\/index.php?rest_route=%2Fwp%2Fv2%2Fmedia&parent=99885"}],"wp:term":[{"taxonomy":"category","embeddable":true,"href":"https:\/\/ujkafe.website\/index.php?rest_route=%2Fwp%2Fv2%2Fcategories&post=99885"},{"taxonomy":"post_tag","embeddable":true,"href":"https:\/\/ujkafe.website\/index.php?rest_route=%2Fwp%2Fv2%2Ftags&post=99885"}],"curies":[{"name":"wp","href":"https:\/\/api.w.org\/{rel}","templated":true}]}}