
{"id":99977,"date":"2022-02-28T02:50:31","date_gmt":"2022-02-28T02:50:31","guid":{"rendered":"https:\/\/ujkafe.website\/?p=99977"},"modified":"2022-02-27T16:32:01","modified_gmt":"2022-02-27T16:32:01","slug":"petofi-emlekev-2022-olvassunk-egyutt-a-kolto-verseibol-41","status":"publish","type":"post","link":"https:\/\/ujkafe.website\/?p=99977","title":{"rendered":"Pet\u0151fi-eml\u00e9k\u00e9v \u2013 2022: Olvassunk egy\u00fctt a k\u00f6lt\u0151 verseib\u0151l (41)"},"content":{"rendered":"\r\n<p><em>&#8230;A k\u00f6lt\u0151nek, sajnos, a szerelemn\u00e9l is fontosabb gondjai vannak: \u00f6sszes k\u00f6ltem\u00e9ny\u00e9nek kefelevonatait, a nyomdahib\u00e1kat jav\u00edtgatja, a k\u00f6tetnek, amelyet a \u201eTisztelet \u00e9s szeretet jel\u00e9\u00fcl\u201d V\u00f6r\u00f6smartynak aj\u00e1nl, a pesti m\u00e1rciusi v\u00e1s\u00e1rra okvetlen meg kell jelennie. Vid\u00e9ki kisl\u00e1nyok ilyesmit nemigen \u00e9rtenek meg: <\/em><br><em>J\u00falia sz\u00fclei tilalm\u00e1ra, egyszeriben nem \u00edrhat a k\u00f6lt\u0151nek, ellenben megint sz\u00e1rny\u00e1ra ereszti a pletyk\u00e1t, hogy f\u00e9rjhez megy. A k\u00f6lt\u0151 viszont erre verset \u00edr arr\u00f3l, hogy annyi szeret\u0151je van, nem is tudja, melyiket v\u00e1lassza. Amire J\u00falia, szeg\u00e9ny, \u00fagy \u00e9rzi, hogy \u201ev\u00e9gre ler\u00e1zhatom magamr\u00f3l az \u00f6r\u00f6k\u00f6s okoskod\u00e1s j\u00e9gp\u00e1nc\u00e9lj\u00e1t\u201d, s r\u00f6gt\u00f6n tal\u00e1l m\u00f3dot, hogy izenjen a k\u00f6lt\u0151nek. Tudja, hogy a k\u00f6lt\u0151 oldal\u00e1n esetleg n\u00e9lk\u00fcl\u00f6znie kell. Foglalkoztatja ez is, de m\u00e9g jobban az, ami\u00e9rt meg kell hajolnunk el\u0151tte: nem lesz-e akad\u00e1ly majd a k\u00f6lt\u0151 p\u00e1lyafut\u00e1s\u00e1ban? De a szenved\u00e9ly minden aggodalmat eln\u00e9m\u00edt. Maga sz\u00e9gyell \u00edrni; T\u00e9rey Marit k\u00e9ri meg a szerelmi vallom\u00e1s k\u00f6zvet\u00edt\u00e9s\u00e9re.<\/em><br><em>&#8230; Megjelenik k\u00f6zben az \u00f6sszegy\u0171jt\u00f6tt versek k\u00f6tete, benne a k\u00f6lt\u0151 arck\u00e9pe. Ebb\u0151l megy egy p\u00e9ld\u00e1ny T\u00e9rey Marihoz is azzal a k\u00e9r\u00e9ssel, k\u00fcldje tov\u00e1bb Sz. J\u00falia kisasszonyhoz. \u201eK\u00e9rem Kegyedet, m\u00e9lt\u00f3ztass\u00e9k \u00e1tadni \u0151neki s egyszersmind nevemben igen-igen boldog h\u00e1zas\u00e9letet k\u00edv\u00e1nni, mert hallom, hogy f\u00e9rjhez megy\u201d\u2026 Mari tov\u00e1bb\u00edtja az \u00fczenetet is, a verseket, amelyekben j\u00f3 egyp\u00e1r sz\u00f3l m\u00e9g a tavalyi sz\u00e9p napokr\u00f3l, e sz\u00e9p napok erd\u0151di kisl\u00e1ny\u00e1r\u00f3l. <\/em><br><em>Mi hatott igaz\u00e1n J\u00fali\u00e1ra: a kih\u00edv\u00f3 \u00fczenet vagy a versbeli dics\u0151s\u00e9g? Vagy az \u00fajabb pletyka \u2013 m\u00e1r Marit\u00f3l \u2013 hogy a k\u00f6lt\u0151 is n\u0151s\u00fcl? Illetve akar, m\u00e9gpedig egy \u2013 nekival\u00f3 parasztl\u00e1nyt keres. Mari megk\u00e9rdi t\u0151le, mit v\u00e1laszoljon a k\u00f6lt\u0151nek?&#8230;<\/em><br><em>Nem n\u00e9zhetj\u00fck r\u00e9szv\u00e9t n\u00e9lk\u00fcl J\u00falia \u00f6nbeismer\u00e9s\u00e9t. \u201eHatalmadba adok \u2013 \u00edrja Marinak \u2013 mindent tenni, mit csak j\u00f3nak l\u00e1tsz, csak azt tedd, hogy l\u00e1thassam \u0151t.\u201d M\u00e1r csak a sz\u00edv\u00e9re hallgat&#8230;.<\/em><br><em>K\u00e9s\u0151bb sok tal\u00e1lgat\u00e1s, s\u0151t vita esett, val\u00f3s\u00e1gosan ki is kezdte \u00fajon a kapcsolatot. Koronatan\u00fat van m\u00f3dunk id\u00e9zni. Ez a Sass K\u00e1roly, aki mint gazdatiszt-gyakornok szolg\u00e1l Szendrey mellett, mintha csal\u00e1di \u00f6r\u00f6ks\u00e9g\u00fcl kapta volna a k\u00e9pess\u00e9get a becs\u00fcletes, a nagyzol\u00e1s \u00e9s fontoskod\u00e1s n\u00e9lk\u00fcli besz\u00e1mol\u00f3ra. A forr\u00f3 pillanatokat is \u00e9ppoly kit\u0171n\u0151 sz\u00e1razs\u00e1ggal \u2013 azaz hiteless\u00e9ggel \u2013 \u00edrja le, ak\u00e1r b\u00e1tyja. \u00c9rdemes vissza is kanyarodnunk, egy percre.<\/em><br><em>\u201e\u2026Az 1847. \u00e9v tavasz\u00e1n egyszer a hivatalos \u00f3ra v\u00e9gezt\u00e9vel s\u00e9t\u00e1lni mentem a v\u00e1r alatti kertbe, azon kertbe, melyet a k\u00f6lt\u0151 annyiszor meg\u00e9nekelt. F\u0151n\u00f6k\u00f6m le\u00e1nya egy\u00fctt j\u00f6tt velem, s ott j\u00e1rk\u00e1lva, k\u00f6z\u00f6ny\u00f6s dolgokr\u00f3l besz\u00e9lgett\u00fcnk, m\u00edgnem \u00e9n figyelmeztettem J\u00fali\u00e1t, hogy menj\u00fcnk fel, mert m\u00e9g az uradalmi post\u00e1ra kell elk\u00e9sz\u00edteni a hivatalos leveleket, s azont\u00fal m\u00e9g mag\u00e1nlevelet is akarok \u00edrni. J\u00falia k\u00e9rdezte, hogy kinek \u00edrok.\u201d<\/em><br><em>Sass \u00e9rzi, jobb volna nem kimondania a k\u00f6lt\u0151 nev\u00e9t, de k\u00edm\u00e9letb\u0151l sem tud hazudni. Megmondja, hogy a volt v\u0151leg\u00e9ny-jel\u00f6ltnek \u00edr.<\/em><br><em>\u201eJ\u00falia m\u00e9l\u00e1z\u00f3 lett, k\u00e9telkedve k\u00e9rd\u00e9 tov\u00e1bb:<\/em><br><em>\u2013 Csakugyan? S megtenne-e valamit a kedvem\u00e9rt?<\/em><br><em>\u00c9n a legsz\u00edvesebben aj\u00e1nlkoztam, hogyha netal\u00e1n \u00fczenetet akar k\u00fcldeni, levelemben meg\u00edrom, s azon k\u00e9rd\u00e9semre, hogy mi leend az, J\u00falia zavartan elgondolkozott.<\/em><br><em>V\u00e9gre \u00e9n azt az aj\u00e1nlatot tettem, hogy \u00e1t fogom neki adni a levelet, s \u0151 azt\u00e1n \u00edrja a v\u00e9g\u00e9re, amit akar, s ha velem az \u00fczenetet nem akarja tudatni, lepecs\u00e9telve adja vissza a levelet, melyet \u00e9n azt\u00e1n r\u00f6gt\u00f6n post\u00e1ra adok. Ez ekk\u00e9pp csakugyan meg is t\u00f6rt\u00e9nt. \u00c9n a levelet \u00e1tadtam neki, s \u0151 azt n\u00e9h\u00e1ny perc m\u00falva visszahozta, an\u00e9lk\u00fcl hogy lepecs\u00e9telte volna. Az \u00fczenet, melyet J\u00falia a lev\u00e9l v\u00e9g\u00e9re \u00edrt, k\u00e9t sz\u00f3b\u00f3l \u00e1llott.<\/em>\u201d<br><em>&#8230;Sass err\u0151l sz\u00f3lv\u00e1n ezt \u00edrja m\u00e9g, sz\u00f3szerint: \u201eEz volt az els\u0151 k\u00f6zeled\u00e9s, mely a szeret\u0151k r\u00e9sz\u00e9r\u0151l egym\u00e1s fel\u00e9 t\u00f6rt\u00e9nt, s e k\u00f6zeled\u00e9st J\u00falia tette meg.\u201d<\/em><br><em>\u201e\u2026Nem sok id\u0151 m\u00falva megj\u00f6tt a v\u00e1lasz levelemre, s abba egy m\u00e1sik lev\u00e9l volt z\u00e1rva J\u00fali\u00e1hoz, melyet \u00e9n a c\u00edmzettnek h\u0171s\u00e9gesen k\u00e9zbes\u00edtettem is.<\/em><br><em>M\u00e1snap d\u00e9lel\u0151tt tal\u00e1lkoztam J\u00fali\u00e1val, s k\u00e9rdeztem t\u0151le, hogy mit \u00edr S\u00e1ndor.<\/em><br><em>\u2013 Mit \u00e1m! Igen furcs\u00e1t \u2013 mond\u00e1 J\u00falia, s hozz\u00e1tette, hogy majd k\u00e9s\u0151bb lemegy\u00fcnk a kertbe, s ott megmutatja.<\/em><br><em>Csakhamar le is ment\u00fcnk. J\u00falia cs\u00f3nak\u00e1zni k\u00edv\u00e1nt, s \u00edgy cs\u00f3nakba sz\u00e1llottunk. \u00c9n cs\u00f6ndesen eveztem, J\u00falia pedig a cs\u00f3nakban \u00e1llva, olvasni kezd\u00e9 a levelet fennhangon, hogy a v\u00edz locsog\u00e1s\u00e1t\u00f3l meg\u00e9rthessem.<\/em><br><em>A lev\u00e9l \u00edgy kezd\u0151d\u00f6tt:<\/em><br><br>Kit feledni v\u00e1gytam<br>S m\u00e1r-m\u00e1r elfeledtem\u2026<!--more--><br><br><em>J\u00falia itt meg\u00e1llt az olvas\u00e1sban, s jelent\u0151sen n\u00e9zett r\u00e1m. \u00c9n eg\u00e9szen indign\u00e1l\u00f3dva ki\u00e1ltottam fel:<\/em><br><br>\u2013 Megbolondult S\u00e1ndor?<br><br><em>J\u00falia azonban nevetett, s tov\u00e1bb folytat\u00e1 a lev\u00e9l olvas\u00e1s\u00e1t, mely az els\u0151 p\u00e1r sor ut\u00e1n eg\u00e9szen m\u00e1s fordulatot vett, mint gondolhattam.\u201d<\/em><br><em>A vers-lev\u00e9lben benne van az is: \u00e9n k\u00e9sz vagyok mindent \u00fajrakezdeni. De benne van a hitetlens\u00e9g is, hogy egym\u00e1s\u00e9i lehessenek&#8230;.\u201d<\/em> <br><br><em>&#8230;Szendrey \u00e9ppoly kev\u00e9ss\u00e9 \u201ezord apa\u201d, ak\u00e1r az \u00f6reg Petrovics. Meg\u00e9rthetj\u00fck, hogy a jelentkez\u0151 v\u0151jel\u00f6ltekben nem a k\u00f6lt\u0151i tehets\u00e9get, hanem a j\u00f3 f\u00e9rfitulajdons\u00e1gokat, els\u0151sorban a tehet\u0151ss\u00e9get kereste. Maga is sz\u00f3kimond\u00f3 ember, de \u2013 mint a sz\u00f3kimond\u00f3k \u00e1ltal\u00e1ban \u2013 nehezen b\u00edrta el a sz\u00f3kimond\u00e1st. Az a mai napig bujk\u00e1l\u00f3 balhiedelem ejtette meg, hogy a k\u00f6lt\u0151k valahogy t\u00f6bb bort \u00e9s n\u0151t fogyasztanak, mint a k\u00f6z\u00f6ns\u00e9ges haland\u00f3k, s f\u0151 t\u00f6rekv\u00e9s\u00fck, hogy<\/em> <em>padl\u00e1sszob\u00e1ban haljanak meg, \u00e9hen. Az el\u0151tte \u00e1g\u00e1l\u00f3, a szabads\u00e1gr\u00f3l, az emberi, illetve a szerelmesek jogair\u00f3l pattog\u00f3 k\u00f6lt\u0151r\u0151l kiv\u00e1ltk\u00e9pp ez lehetett a v\u00e9lem\u00e9nye; az is emlegetett ilyen balhiedelmeket, ha nem gyakorolta is&#8230; Szendrey f\u00e9ltette agyonk\u00e9nyeztetett, legkedvesebb l\u00e1ny\u00e1t a hetyke fiatalembert\u0151l, aki az els\u0151 komolyabb eszmecser\u00e9j\u00fck alkalmakor holmi francia ide\u00e1kkal, az \u00fari oszt\u00e1ly k\u00f6zeli v\u00e9g\u00e9vel, forradalommal fenyeget\u0151zve v\u00e9rig s\u00e9rtette \u0151t. Azt hiszem, k\u00f6z\u00f6ns\u00e9ges hozom\u00e1nyvad\u00e1sznak tartotta.<\/em><br><em>&#8230;Hogy is sejthette volna, hogy az els\u00e1pad\u00f3 s neki-nekiv\u00f6r\u00f6s\u00f6d\u0151 fiatalemberben Eur\u00f3pa legeszm\u00e9nyibb f\u00e9rjjel\u00f6ltje \u00e1ll el\u0151tte? Szendrey nem tudta, hogy az igazi, a legveszedelmesebb vil\u00e1gfelforgat\u00f3k h\u00e1l\u00f3sipk\u00e1ban, l\u00e1bukon papuccsal, meghitt csal\u00e1di t\u0171zhely mell\u0151l szokt\u00e1k kivetni sarkaib\u00f3l a f\u00f6ldet. A sorsnak arra a tr\u00e9f\u00e1j\u00e1ra igaz\u00e1n nem gondolhatott, hogy J\u00falia valamennyi volt \u00e9s leend\u0151 k\u00e9r\u0151je k\u00f6z\u00f6tt ez a fiatalember a leg\u00f6nzetlenebb, ez, aki \u2013 ahogy m\u00e9g tavaly meg\u00e9nekelte \u2013 val\u00f3ban csak a \u201ebarna kis l\u00e1ny h\u00f3feh\u00e9r lelkibe\u201d szerelmes \u00e9s nem az ap\u00f3s forintjaiba&#8230;.<\/em><br><em>&#8230;Az apai zsarnoks\u00e1g, a szerelem jogainak elfojt\u00e1sa m\u00e9g t\u00fcrelmetlenebb\u00e9 teszi mindenfajta zsarnoks\u00e1g \u00e9s elnyom\u00e1s ellen; nyilv\u00e1n l\u00e1tja k\u00f6zt\u00fck a nagyon is l\u00e1that\u00f3 \u00f6sszef\u00fcgg\u00e9st. Erd\u0151dr\u0151l m\u00e1jus 23-\u00e1n Zelesty\u00e9re megy; ott a hut\u00e1kban<\/em> <em>\u201emindj\u00e1rt az \u00fcvegk\u00e9sz\u00edt\u00e9s azon munk\u00e1sainak halv\u00e1ny \u00e9s testileg senyved\u0151 rabszolg\u00e1in akadt meg, akik azon poharakat \u00e9s palackokat k\u00e9sz\u00edtik, melyekkel mi a v\u00edgs\u00e1g \u00e9s tivornya isteneinek \u00e1ldozunk. Hamarj\u00e1ban pender\u00edtett is olyan Michel-Louisa-f\u00e9le zamat\u00fa socialistico-communisticus sz\u00f3noklatot, hogy a h\u00e1zi\u00far boldognak vallotta mag\u00e1t, hogy munk\u00e1sai csak ol\u00e1hul \u00e9rtenek, \u00e9s eszm\u00e9ik l\u00e1ncolat\u00e1ba nem illeszthetik azokat az elveket, amelyeket a k\u00e9t vil\u00e1gr\u00e9sz socialist\u00e1i, nem mondom munk\u00e1sai, m\u00e1jus 1-s\u0151 napj\u00e1n a k\u00e9t vil\u00e1gr\u00e9szben oly hatalmasan promulg\u00e1ltak\u201d \u2013 \u00edrja Lauka szint\u00e9n, m\u00e1r a 90-es \u00e9vekben, amikor a zsarnoks\u00e1got egy kit\u0171n\u0151 p\u00e1rizsi asszony, Louise Michel is a kizs\u00e1km\u00e1nyol\u00e1sban l\u00e1tja. E hangulatzavar\u00f3 eszm\u00e9ket maga a k\u00f6lt\u0151 is kifejezi. Harmadnap, m\u00e1jus 23-\u00e1n a nagyb\u00e1nyai b\u00e1ny\u00e1szok \u00e9let\u00e9t n\u00e9zi meg. \u201eT\u00farnak, t\u00farnak ezek a s\u00e1padt vakondokok t\u00e1vol a napvil\u00e1gt\u00f3l, t\u00e1vol a z\u00f6ld term\u00e9szett\u0151l, mindhal\u00e1lig; \u00e9s mi\u00e9rt? hogy legyen gyermekeiknek \u00e9s feles\u00e9geiknek min teng\u0151dni\u00f6k, s legyen mit elt\u00e9kozolni azoknak, akik nem gyermekeik \u00e9s nem feles\u00e9geik\u2026\u201d A hangulatnak versfolytat\u00e1sa is van; ebben a v\u00e9gs\u0151 kicseng\u00e9s a fontos; a vil\u00e1g e somm\u00e1s kett\u00e9oszt\u00e1s\u00e1ban a k\u00f6lt\u0151 nem azok oldal\u00e1ra \u00e1ll, ahov\u00e1 a p\u00e9nz, az \u00e9rv\u00e9nyes\u00fcl\u00e9s rendeln\u00e9.<\/em><br><br>Nem, szivem nem elad\u00f3, e sz\u00edvnek<br>Nincsen \u00e1ra,<br>Nem megy az be a hatalmasoknak<br>Kincst\u00e1r\u00e1ba\u2026<br>Sz\u00e9jjelosztom \u00e9n a szeg\u00e9nys\u00e9gnek,<br>Kik kunyh\u00f3ban \u00e9s \u00fatf\u00e9len \u00e9lnek\u2026<br><br><em>&#8230; Jegyezz\u00fck meg a sorsford\u00edt\u00f3 d\u00e1tumot: m\u00e1jus 26. E nappal keltezte Erd\u0151dr\u0151l azt a levelet, amelyb\u0151l m\u00e1r id\u00e9zt\u00fcnk. Hadd id\u00e9zz\u00fck a kezdet\u00e9t is.<\/em><br><em>\u201eBar\u00e1tom, tennap \u00edrtam vagy egy sz\u00e1zad el\u0151tt utols\u00f3 levelemet Nagy-B\u00e1ny\u00e1r\u00f3l? oly v\u00e1ltoz\u00e1s t\u00f6rt\u00e9nt rajtam ez egy nap alatt, amilyet egy sz\u00e1zadr\u00f3l sem tettem f\u00f6l.<\/em><br><em>Istenem, Istenem!<\/em><br><em>Kir\u00e1lys\u00e1gomat egy l\u00f3\u00e9rt! ki\u00e1ltja III. Rich\u00e1rd. J\u00f6vend\u0151m fel\u00e9t egy nyugodt \u00f3r\u00e1\u00e9rt! ki\u00e1ltom \u00e9n, hogy le\u00edrhassam az<\/em> <em>esem\u00e9nyeket, hogy le\u00edrhassam kedvesem szerelm\u00e9t, ezen szerelmet, melyhez hasonl\u00f3 m\u00e9g nem volt.<\/em><br><em>Boldog vagyok. Mind\u00f6r\u00f6kre.<\/em><br><em>\u00c9j van, holdvil\u00e1gos, csillagos, zajtalan \u00e9j. Semmi hang, semmi nesz\u2026 csak egy csalog\u00e1ny dalol\u2026 sz\u00edvem.<\/em><br><em>Dics\u0151, dics\u0151 le\u00e1ny, t\u00e9ged kerestelek ifj\u00fas\u00e1gom kezdete \u00f3ta. Oda mentem minden h\u00f6lgyh\u00f6z, leborultam mindenik el\u0151tt \u00e9s im\u00e1dtam. Azt gondoltam, hogy te vagy. Mid\u0151n m\u00e1r t\u00e9rdeltem, akkor l\u00e1ttam, hogy nem te vagy az, hogy az igaz isten helyett b\u00e1lv\u00e1nyt im\u00e1dok, s f\u00f6lkeltem \u00e9s tov\u00e1bb mentem. V\u00e9gre megtal\u00e1ltalak. Te vagy az \u00e9des csepp, ki meggy\u00f3gy\u00edtod lelkemet, melyet m\u00e9regkever\u0151 sorsom oly sok\u00e1ig \u00f6ld\u00f6k\u00f6lt a k\u00e1rhozat ital\u00e1val. H\u00e1la istennek, m\u00e9g nem j\u00f6tt k\u00e9s\u0151n az ellenm\u00e9reg.<\/em><br><em>Dics\u0151, dics\u0151 le\u00e1ny!<\/em><br><em>Kett\u0151 k\u00f6z\u00f6tt kellett v\u00e1lasztania: sz\u00fclei k\u00f6zt \u00e9s k\u00f6ztem.<\/em><br><em>Engemet v\u00e1lasztott.<\/em><br><em>\u0150 szeme f\u00e9nye sz\u00fcleinek, kik gyermekkora \u00f3ta minden gondolat\u00e1t, minden v\u00e1gy\u00e1t kital\u00e1lt\u00e1k \u00e9s teljes\u00edt\u00e9k, kik mindent adtak neki, csak rossz sz\u00f3t nem. Ott voltam m\u00e1s r\u00e9szr\u0151l \u00e9n\u2026 ismeretlen j\u00f6vev\u00e9ny, kit s\u00e1rral m\u00e1zolt be az el\u0151\u00edt\u00e9let, \u00e9s nyilaival l\u00f6v\u00f6ld\u00f6z\u00f6tt meg a r\u00e1galom \u00e9s nem \u00e9rtem r\u00e1, \u00edgy sz\u00f3lni hozz\u00e1ja: \u00e9n nem olyan vagyok, amilyennek l\u00e1tszom, amilyennek a vil\u00e1g l\u00e1tni akar! s \u0151 m\u00e9gis engemet v\u00e1lasztott\u2026<\/em><br><em>Szeptemberben h\u00e1zasodom, bar\u00e1tom, h\u00e1zasodom. Dr\u00e1g\u00e1n szereztem f\u00fcggetlens\u00e9gemet, m\u00e9g dr\u00e1g\u00e1bban adom el. Hol kapn\u00e9k \u00e9rte nagyobb \u00e1rt, mint Julisk\u00e1m?\u2026<\/em><br><em>N\u00e9zd, megint r\u00f3la \u00edrtam \u00e9s csak r\u00f3la. Hi\u00e1ba, sz\u00edvem oly tele volt, hogy ki kellett \u00f6mlenie, k\u00fcl\u00f6nben megrepedt volna. \u00c9rtesz-e valamit levelemb\u0151l, vagy semmit? K\u00e9pzelem, mily zavart. Az \u00f6r\u00f6m \u00fagy j\u00e1r keblemben \u00e9s fejemben, mint a r\u00e9szeg ember a szob\u00e1j\u00e1ban; h\u00e1nyja-veti a b\u00fatorokat, asztalt ford\u00edt f\u00f6l, sz\u00e9keket t\u00f6r, ablakot ver be, s mindenk\u00e9ppen gar\u00e1zd\u00e1lkodik. Bolond, szilaj fi\u00fa az a v\u00e1ratlan \u00f6r\u00f6m. M\u00e9g fejem \u00f3r\u00e1j\u00e1t: eszemet is majd a f\u00f6ldh\u00f6z v\u00e1gta.\u201d<\/em><br><em>Ezt a nyilv\u00e1noss\u00e1gnak \u00edrta. Mag\u00e1nleveleiben ugyanez az elragadtat\u00e1s: \u201eMenyasszonyomr\u00f3l csak annyit mondok \u2013 \u00edrja Kazinczy G\u00e1bornak \u2013, hogy \u0151 lesz az \u00f6sszes magyar \u00edr\u00f3k feles\u00e9geinek koron\u00e1ja. George Sand esze s Shakespeare J\u00fali\u00e1j\u00e1nak sz\u00edve egyes\u00fclt az \u00e9n Julisk\u00e1mban.\u201d <strong>(Illy\u00e9s Gyula: Pet\u0151fi S\u00e1ndor)<\/strong><\/em><br><br><br><br><\/p>\r\n<h2><em><strong>Pet\u0151fi S\u00e1ndor: BORDAL<\/strong><\/em><br><br><\/h2>\r\n<p>Egyik kezemben a fegyverem,<br>A m\u00e1sikat sem hevertetem,<br>Jobbkezemben tartom kardomat,<br>Balkezembe veszek poharat.<br><br>Aki mostan nem tart \u00e9nvelem,<br>Verje meg azt az \u00e9n istenem,<br>Vigy\u00e9k el a k\u00f6rm\u00f6s angyalok&#8230;<br>A haz\u00e1\u00e9rt iszom, igyatok!<br><br>Igyunk j\u00f3bar\u00e1tim, mostans\u00e1g,<br>Bor a megtestes\u00fclt b\u00e1tors\u00e1g,<br>Pedig nek\u00fcnk ez kell, nem egy\u00e9b,<br>\u00d6nts\u00fck h\u00e1t magunkba heveny\u00e9n.<br><br>Ki tudja, hogy mit hoz a holnap?<br>Mire virad, t\u00e1n m\u00e1r dobolnak,<br>Akkor azt\u00e1n ki a csat\u00e1ra<br>\u00c9des magyar haz\u00e1nk jav\u00e1ra!<br><br>Koszor\u00fas a haza homloka,<br>Szabads\u00e1gb\u00f3l fontuk azt oda,<br>Ott is marad \u00f6r\u00f6k-mind\u00e9tig,<br>Azt ugyan le r\u00f3la nem t\u00e9pik.<br><br>Egyszer volt csak rabn\u00e9p a magyar,<br>T\u00f6bb\u00e9 lenni nem fog, nem akar,<br>Most m\u00e1r meg van vetve a l\u00e1ba,<br>S az \u00faristen sem hajt ig\u00e1ba.<br><br>Szabads\u00e1gunk, aki hozz\u00e1d ny\u00fal,<br>Elbucs\u00fazhatik a vil\u00e1gtul,<br>Sziv\u00e9ben v\u00e9r s \u00e9let nem marad,<br>Ki\u00fcr\u00edtj\u00fck, mint e poharat!<br><br><em>Pest, 1848. m\u00e1rcius<\/em><br><br><br><em><strong>FELES\u00c9GEM \u00c9S KARDOM<\/strong><\/em><br><br>Galamb van a h\u00e1zon,<br>Csillag van az \u00e9gen,<br>Az \u00e9n \u00f6lemben van<br>Kedves feles\u00e9gem;<br>Ugy tartj\u00e1k szel\u00edden<br>Ringat\u00f3 karjaim,<br>Mint a harmatot a<br>Rezg\u0151 fa lombjai.<br><br>Ha m\u00e1r meg\u00f6leltem,<br>M\u00e9rt meg ne cs\u00f3koln\u00e1m?<br>Cs\u00f3kokban nem szeg\u00e9ny,<br>Nem is f\u00f6sv\u00e9ny a sz\u00e1m.<br>Besz\u00e9lget\u00fcnk is, de<br>Az csak f\u00e9lig besz\u00e9d,<br>A m\u00e1sik fele m\u00e1r<br>Cs\u00f3kokba olvad sz\u00e9t.<br><br>Nagy a mi \u00f6r\u00f6m\u00fcnk,<br>Nagy a mulats\u00e1gunk,<br>Gy\u00f6ngynek is beillik<br>F\u00e9nyes boldogs\u00e1gunk!<br>De az \u00e9n kardomnak<br>Ez sehogysem tetszik,<br>R\u00e1nk szem\u00e9t a falr\u00f3l<br>Mogorv\u00e1n mereszti.<br><br>Mit n\u00e9zesz, \u00f6reg kard,<br>Olyan m\u00e9rgesen r\u00e1nk?<br>V\u00e9n golyh\u00f3, tal\u00e1n a<br>Szerelemf\u00e9lt\u00e9s b\u00e1nt?<br>Hagyd el ezt te, bajt\u00e1rs,<br>Nem val\u00f3 ez n\u00e9ked,<br>Ha f\u00e9rfi vagy, ne \u0171zz<br>Asszonymesters\u00e9get.<br><br>De meg nincs is okod<br>Engemet f\u00e9ltened,<br>Hiszen ismerhetn\u00e9d<br>M\u00e1r feles\u00e9gemet,<br>Ismerheted lelk\u00e9t,<br>Ezt a ritka lelket,<br>Amin\u0151t az isten<br>Nem sokat teremtett;<br><br>Ha sz\u00fcks\u00e9ge van a<br>Haz\u00e1nak karomra,<br>T\u00e9ged saj\u00e1t keze<br>K\u00f6t fel oldalamra,<br>Oldalamra k\u00f6t, \u00e9s<br>B\u00facsuj\u00e1t \u00edgy veszi:<br>Menjetek, legyetek<br>Egym\u00e1snak h\u00edvei!<br><br><em>Pest, 1848. \u00e1prilis<\/em><br><br><\/p>\r\n<p><em><strong>A TAVASZHOZ<\/strong><\/em><br><br>Ifju l\u00e1nya a v\u00e9n t\u00e9lnek,<br>Kedves kikelet,<br>Hol maradsz? m\u00e9rt nem jelensz meg<br>A vil\u00e1g felett?<br><br>J\u00f6szte, j\u00f6szte, v\u00e1rnak r\u00e9gi<br>J\u00f3bar\u00e1taid;<br>Vond f\u00f6l a k\u00e9k \u00e9g alatt a<br>F\u00e1k z\u00f6ld s\u00e1trait.<br><br>Gy\u00f3gy\u00edtsd meg a beteg hajnalt,<br>Beteg most szeg\u00e9ny,<br>Oly halv\u00e1nyan \u00fcld\u00f6g\u00e9l ott<br>A f\u00f6ld k\u00fcsz\u00f6b\u00e9n;<br><br>\u00c1ld\u00e1st hoz majd a mez\u0151re,<br>Ha meggy\u00f3gyitod:<br>\u00c9des \u00f6r\u00f6mk\u00f6nnyeket s\u00edr,<br>\u00c9des harmatot.<br><br>Hozd magaddal a pacs\u00edrt\u00e1t,<br>Nagy mesteremet,<br>Aki sz\u00e9p szabad dalokra<br>Tan\u00edt engemet.<br><br>S ne feledd el a vir\u00e1got,<br>Ne feledd el ezt,<br>Hozz bel\u0151le, amennyit csak<br>Elb\u00edr k\u00e9t kezed.<br><br>Nagyobbodtak a hal\u00e1lnak<br>Tartom\u00e1nyai,<br>S benn\u00f6k sokan a szabads\u00e1g<br>Szent halottai;<br><br>Ne legyenek szemfed\u0151tlen<br>Puszta s\u00edr alatt,<br>Hintsd re\u00e1jok szemfed\u0151\u00fcl<br>A vir\u00e1gokat!<br><br><em>Pest, 1848 \u00e1prilis<\/em><br><br><br><br><em><strong>ILYEN ASSZONY VAL\u00d3 N\u00c9KEM&#8230;<\/strong><\/em><br><br>Ilyen asszony val\u00f3 n\u00e9kem,<br>Mint az \u00e9n kis feles\u00e9gem.<br>Eszemadta kis barn\u00e1ja,<br>Te vagy a vil\u00e1g r\u00f3zs\u00e1ja.<br><br>Nem vagyok az, aki voltam,<br>Aki annyit szomorkodtam;<br>Csillagos \u00e9g az \u00e9letem,<br>Ezt is neked k\u00f6sz\u00f6nhetem.<br><br>\u00c9des szemed mosolyg\u00e1sa<br>\u00d6r\u00f6memnek k\u00fatforr\u00e1sa,<br>T\u00f6bbet \u00e9r egy tekinteted,<br>Mint a tavasz, mikor legszebb.<br><br>Meg is \u00e9rem min\u00e9l el\u0151bb,<br>Meg\u00e9rem \u00e9n azt az id\u0151t,<br>Hogy ahov\u00e1 l\u00e9psz, kedvesem,<br>L\u00e1bad nyom\u00e1n vir\u00e1g terem.<br><br>Ha dics\u00e9rni akarn\u00e1lak,<br>Sokf\u00e9l\u00e9nek mondhatn\u00e1lak,<br>Nem mondalak \u00e9n egy\u00e9bnek,<br>Csak az isten remek\u00e9nek!<br><br><em>Pest, 1848. \u00e1prilis<\/em><\/p>\r\n","protected":false},"excerpt":{"rendered":"<p>&#8230;A k\u00f6lt\u0151nek, sajnos, a szerelemn\u00e9l is fontosabb gondjai vannak: \u00f6sszes k\u00f6ltem\u00e9ny\u00e9nek kefelevonatait, a nyomdahib\u00e1kat jav\u00edtgatja, a k\u00f6tetnek, amelyet a \u201eTisztelet \u00e9s szeretet jel\u00e9\u00fcl\u201d V\u00f6r\u00f6smartynak aj\u00e1nl, a pesti m\u00e1rciusi v\u00e1s\u00e1rra okvetlen meg kell jelennie. Vid\u00e9ki kisl\u00e1nyok ilyesmit nemigen \u00e9rtenek meg: J\u00falia sz\u00fclei tilalm\u00e1ra, egyszeriben nem \u00edrhat a k\u00f6lt\u0151nek, ellenben megint sz\u00e1rny\u00e1ra ereszti a pletyk\u00e1t, hogy f\u00e9rjhez [&hellip;]<\/p>\n","protected":false},"author":3,"featured_media":0,"comment_status":"open","ping_status":"open","sticky":false,"template":"","format":"standard","meta":{"_monsterinsights_skip_tracking":false,"_monsterinsights_sitenote_active":false,"_monsterinsights_sitenote_note":"","_monsterinsights_sitenote_category":0,"ngg_post_thumbnail":0,"footnotes":""},"categories":[120,4],"tags":[],"class_list":["post-99977","post","type-post","status-publish","format-standard","hentry","category-essze","category-vers"],"_links":{"self":[{"href":"https:\/\/ujkafe.website\/index.php?rest_route=\/wp\/v2\/posts\/99977","targetHints":{"allow":["GET"]}}],"collection":[{"href":"https:\/\/ujkafe.website\/index.php?rest_route=\/wp\/v2\/posts"}],"about":[{"href":"https:\/\/ujkafe.website\/index.php?rest_route=\/wp\/v2\/types\/post"}],"author":[{"embeddable":true,"href":"https:\/\/ujkafe.website\/index.php?rest_route=\/wp\/v2\/users\/3"}],"replies":[{"embeddable":true,"href":"https:\/\/ujkafe.website\/index.php?rest_route=%2Fwp%2Fv2%2Fcomments&post=99977"}],"version-history":[{"count":0,"href":"https:\/\/ujkafe.website\/index.php?rest_route=\/wp\/v2\/posts\/99977\/revisions"}],"wp:attachment":[{"href":"https:\/\/ujkafe.website\/index.php?rest_route=%2Fwp%2Fv2%2Fmedia&parent=99977"}],"wp:term":[{"taxonomy":"category","embeddable":true,"href":"https:\/\/ujkafe.website\/index.php?rest_route=%2Fwp%2Fv2%2Fcategories&post=99977"},{"taxonomy":"post_tag","embeddable":true,"href":"https:\/\/ujkafe.website\/index.php?rest_route=%2Fwp%2Fv2%2Ftags&post=99977"}],"curies":[{"name":"wp","href":"https:\/\/api.w.org\/{rel}","templated":true}]}}